{"id":235831,"date":"2024-01-29T11:54:55","date_gmt":"2024-01-29T16:54:55","guid":{"rendered":"https:\/\/develop.olympic.ca\/olympique\/?post_type=press&#038;p=235831"},"modified":"2024-01-29T11:56:27","modified_gmt":"2024-01-29T16:56:27","slug":"gangwon-2024-equipe-canada-a-la-conclusion-du-jour-10","status":"publish","type":"press","link":"https:\/\/develop.olympic.ca\/olympique\/presse\/gangwon-2024-equipe-canada-a-la-conclusion-du-jour-10\/","title":{"rendered":"Gangwon 2024 : \u00c9quipe Canada \u00e0 la conclusion du Jour 10"},"content":{"rendered":"\n<p class=\"wp-block-paragraph\">GANGNEUNG (Cor\u00e9e du Sud) 29 janvier 2024 &#8211; \u00c9quipe Canada a remport\u00e9 une autre m\u00e9daille d\u2019or et a connu une autre journ\u00e9e r\u00e9ussie \u00e0 l\u2019occasion de la 10e journ\u00e9e des Jeux olympiques de la jeunesse d\u2019hiver de Gangwon 2024. Neuf athl\u00e8tes d\u2019\u00c9quipe Canada, en plus des joueurs de l\u2019\u00e9quipe de hockey \u00e9taient en action dans quatre sports.<\/p>\n\n\n\n<p class=\"wp-block-paragraph\"><strong><br>CURLING<\/strong><br>Cailey Locke (Conception Bay South, T.-N.) et Simon Perry (Portugal Cove, T.-N.) ont poursuivi sur leur lanc\u00e9e victorieuse en battant le Nig\u00e9ria, une \u00e9quipe dirig\u00e9e par le Canadien Scott Hill, par la marque de 14-0 en sept manches. Le Canada est la seule \u00e9quipe invaincue du Groupe A et occupe le premier rang. Les Canadiens ont rendez-vous avec la Tch\u00e9quie demain matin, qui occupe le deuxi\u00e8me rang du Groupe A \u00e0 \u00e9galit\u00e9 avec la Grande-Bretagne.<\/p>\n\n\n\n<p class=\"wp-block-paragraph\"><strong>HOCKEY<\/strong><strong><br><\/strong>Le Canada affrontait la Finlande en soir\u00e9e pour conclure la ronde pr\u00e9liminaire du tournoi masculin de hockey. Alessandro Di Iorio (Vaughan, ON\/Vaughan, GTHL-U16) a inscrit un tour du chapeau tandis que Ryan Lin (Richmond, C.-B. \/Delta Hockey Academy, CSSHL-U18) a ajout\u00e9 un but en d\u00e9savantage num\u00e9rique alors que le Canada jouait \u00e0 court de deux joueurs. La victoire de 4-1 des Canadiens leur assure le premier rang du Groupe B et met la table pour un match de demi-finale contre les \u00c9tats-Unis, deuxi\u00e8mes du Groupe A, demain soir.<br><br>\u00ab Mon trio a bien jou\u00e9, tous mes co\u00e9quipiers ont tr\u00e8s bien fait, notre gardien a \u00e9t\u00e9 tr\u00e8s solide alors tout cela mis ensemble a contribu\u00e9 \u00e0 ma performance aujourd\u2019hui. C\u2019est une excellente occasion de faire partie de ces Jeux et j\u2019ai h\u00e2te aux prochaines \u00e9tapes. \u00bb<br>\u2013 Alessandro Di Iorio<\/p>\n\n\n\n<p class=\"wp-block-paragraph\"><strong>PATINAGE ARTISTIQUE<\/strong><br>Les patineurs de l\u2019\u00e9preuve en couple Annika Behnke (Peace River, AB) et Kole Sauve (Edmonton, AB) ont remport\u00e9 la premi\u00e8re m\u00e9daille d\u2019or de l\u2019histoire canadienne en patinage artistique aux Jeux olympiques de la jeunesse. Menant par seulement un peu plus de deux points apr\u00e8s le programme court, Behnke et Sauve ont gagn\u00e9 le programme libre par plus de 12 points. C\u2019est aussi la premi\u00e8re m\u00e9daille canadienne dans une \u00e9preuve individuelle de patinage artistique aux Jeux olympiques de la jeunesse. Les deux autres, deux m\u00e9dailles de bronze, ont \u00e9t\u00e9 remport\u00e9es dans le cadre d\u2019\u00e9preuves par \u00e9quipes impliquant plusieurs CNO. Ces \u00e9preuves ne figurent plus au programme des Jeux olympiques de la jeunesse.&nbsp;<\/p>\n\n\n\n<p class=\"wp-block-paragraph\">Le duo a fait preuve d\u2019une force mentale incroyable apr\u00e8s que Behnke ait chut\u00e9 sur l\u2019approche de l\u2019\u00e9l\u00e9ment de vrille. Sauve ne l\u2019a pas l\u00e2ch\u00e9 et apr\u00e8s avoir rapidement red\u00e9marr\u00e9, ils ont quand m\u00eame r\u00e9alis\u00e9 leur vrille. Apr\u00e8s cela, les patineurs ont ex\u00e9cut\u00e9 tous leurs \u00e9l\u00e9ments \u00e0 merveille, notamment deux triples sauts en parall\u00e8le, alors que toutes les autres \u00e9quipes ont opt\u00e9 pour des doubles sauts.<br><br>\u00ab Je ne m\u2019attendais pas \u00e0 cela, mais nous avons red\u00e9marr\u00e9 et nous avons continu\u00e9. Vous devez ne jamais oublier que tout le monde commet des erreurs et il faut continuer sachant que je viens de commettre une erreur, mais que je devais conclure. Je me suis rappel\u00e9 de rester calme, que je pouvais encore y arriver. C\u2019est ce que nous avons fait et je suis vraiment fi\u00e8re de moi. \u00bb<br>\u2013 Annika Behnke<br><br>\u00ab Je savais qu\u2019elle devait continuer. Il n\u2019y avait pas beaucoup de vitesse, mais elle a fonc\u00e9 agressivement, ce qui \u00e9tait bon. Apr\u00e8s ce qui s\u2019est pass\u00e9 et que nous avons compl\u00e9t\u00e9 la vrille, nous avons oubli\u00e9 cette s\u00e9quence. C\u2019est beaucoup plus facile d\u2019avoir une autre personne avec toi pour te relever apr\u00e8s une erreur. On s\u2019est bien senti pendant le programme et je suis heureux que nous ayons pu d\u00e9montrer ce que nous pouvions faire. \u00bb<br>\u2013 Kole Sauve<br><br>David Li (Richmond, C.-B.) a grimp\u00e9 d\u2019un rang pour se hisser parmi les 10 meilleurs de l\u2019\u00e9preuve en simple chez les hommes apr\u00e8s avoir pris le huiti\u00e8me rang du programme libre. Li a atterri tous ses sauts et a r\u00e9alis\u00e9 une nouvelle marque personnelle sur la sc\u00e8ne internationale de l\u2019ISU au programme libre, abaissant sa meilleure performance par pr\u00e8s de cinq points. Les trois patineurs seront de retour dans l\u2019\u00e9preuve par \u00e9quipes de patinage artistique \u00e0 la 13e et derni\u00e8re journ\u00e9e de comp\u00e9tition.<br><br>\u00ab Repr\u00e9senter le Canada et porter la feuille d\u2019\u00e9rable est un honneur \u00e9norme jusqu\u2019\u00e0 pr\u00e9sent et j\u2019en suis vraiment fier. Les Jeux olympiques d\u2019hiver ont aussi une \u00e9preuve par \u00e9quipes alors c\u2019est bon d\u2019avoir l\u2019occasion ici aussi et de pouvoir encourager notre \u00e9quipe et s\u2019appuyer les uns et les autres. \u00bb<\/p>\n\n\n\n<p class=\"wp-block-paragraph\"><strong>SKI DE FOND<\/strong><br>Les skieurs de fond canadiens ont lanc\u00e9 leur participation aux Jeux olympiques de la jeunesse aujourd\u2019hui avec les \u00e9preuves masculine et f\u00e9minine de sprint de style libre. Aramintha \u2018<em>Minty<\/em>\u2019 Bradford (Whitehorse, YK) a pris le neuvi\u00e8me rang dans un groupe de 79 concurrents et Cedric Martel (Thunder Bay, ON) a termin\u00e9 11e. La prestation de Martel est la meilleure de l\u2019histoire canadienne dans une \u00e9preuve masculine de ski de fond aux Jeux olympiques de la jeunesse, tandis que celle de Bradford est la meilleure pour une Canadienne dans une \u00e9preuve f\u00e9minine depuis celle de Maya MacIsaac Jones a pris le huiti\u00e8me rang du sprint style libre aux Jeux d\u2019Innsbruck en 2012.<strong><br><br><\/strong>\u00ab J\u2019ai pris le d\u00e9part de cette course sans aucune attente alors mon objectif \u00e9tait simplement de me qualifier pour le sprint et j\u2019ai certainement \u00e9t\u00e9 tr\u00e8s surpris et tr\u00e8s fier du r\u00e9sultat! Apr\u00e8s avoir gagn\u00e9 mon quart de finale, j\u2019ai l\u00e9g\u00e8rement modifi\u00e9 mon objectif. Je voulais terminer 10e et j\u2019ai pris le 11e rang. C\u2019est un peu \u00e0 c\u00f4t\u00e9, mais je suis quand m\u00eame tr\u00e8s heureux du r\u00e9sultat! \u00bb<br>\u2013 Cedric Martel<br><br>\u00ab C\u2019\u00e9tait une course tr\u00e8s amusante, j\u2019ai eu beaucoup de plaisir! En quart de finale, j\u2019ai pu rester avec le peloton, puis j\u2019ai \u00e9t\u00e9 un peu derri\u00e8re en demi-finale, mais je n\u2019ai pas l\u00e2ch\u00e9 et j\u2019ai r\u00e9ussi \u00e0 d\u00e9passer une personne alors il ne faut pas baisser les bras! \u00bb<br>\u2013 Minty Bradford<strong><br><\/strong><\/p>\n\n\n\n<p class=\"wp-block-paragraph\"><strong><em>Pour tous les r\u00e9sultats d\u2019\u00c9quipe Canada en cette dixi\u00e8me journ\u00e9e, <\/em><\/strong><a href=\"https:\/\/drive.google.com\/file\/d\/1XEb3KvJGFMXOKZnu_sjLhoYp65E_imtH\/view?pli=1\"><strong><em>cliquez ici<\/em><\/strong><\/a><strong><em>.<\/em><\/strong><strong><br><\/strong><strong><br><\/strong><strong>HORAIRE DES DEUX PROCHAINES JOURN\u00c9ES \u2013&nbsp; <\/strong><a href=\"https:\/\/drive.google.com\/file\/d\/1WutcwoJX3K5bLE27KeQk_eu2Ua0u06rB\/view?pli=1\"><strong>30 JANVIER (Jour 11)<\/strong><\/a><strong> \/ <\/strong><a href=\"https:\/\/drive.google.com\/file\/d\/1XAUAuj-WdW4d3F_5aKgxqhkbEN7qrMjD\/view?pli=1\"><strong>31 JANVIER (Jour 12)<\/strong><strong><br><\/strong><\/a>*La colonne \u00ab <em>Potential \/ Comp. possible <\/em>\u00bb<em> indique la phase de comp\u00e9tition pr\u00e9vue pour ce(tte) comp\u00e9titeur(trice). Les rang\u00e9es en rouge sont des \u00e9preuves m\u00e9daill\u00e9es.<\/em><em><br><\/em><\/p>\n\n\n\n<p class=\"wp-block-paragraph\"><strong>COMPTE DE M\u00c9DAILLES D\u2019\u00c9QUIPE CANADA<\/strong> :<br>Or &#8211; 3 | Argent &#8211; 2 | Bronze &#8211; 0<strong><br><\/strong><em><br><\/em><strong>COMMENT SUIVRE LES \u00c9PREUVES :<br><\/strong>Comme diffuseur officiel des Jeux de Gangwon 2024 au Canada, CBC\/Radio-Canada offrira une couverture des Jeux sur<a href=\"https:\/\/www.cbc.ca\/sports\"> cbcsports.ca<\/a>,<a href=\"https:\/\/ici.radio-canada.ca\/sports\"> radio-canada.ca\/sports<\/a> ainsi que sur les applications de CBC Sports et de Radio-Canada Sports. La cha\u00eene<a href=\"https:\/\/olympics.com\/en\/olympic-channel\"> Olympic Channel<\/a> offrira aussi une couverture compl\u00e8te des Jeux de Gangwon 2024, qui sera webdiffus\u00e9e sur son application gratuite.<\/p>\n\n\n\n<p class=\"wp-block-paragraph\"><strong>RESOURCES :<\/strong><strong><br><\/strong>PHOTOS : Soumettez une demande \u00e0 Tara (tmacbournie@olympique.ca) pour acc\u00e9der \u00e0 des photos \u00e0 des fins \u00e9ditoriales de<a href=\"https:\/\/images.olympic.ca\/index\"> images.olympic.ca.<\/a> D\u2019autres photos \u00e0 des fins \u00e9ditoriales sont accessibles aux m\u00e9dias sur<a href=\"https:\/\/oisphotos.com\/\"> oisphotos.com<br><\/a>VISITEZ : <a href=\"https:\/\/develop.olympic.ca\/olympique\/presse-ressources\/\">https:\/\/develop.olympic.ca\/olympique\/presse-ressources\/<\/a> pour acc\u00e9der aux bios des athl\u00e8tes et \u00e0 d\u2019autres renseignements sur les Jeux de Gangwon 2024.<br>SUIVEZ : <a href=\"https:\/\/twitter.com\/TeamCanadaPR\">@teamcanadapr sur Twitter (X)<\/a><\/p>\n\n\n\n<p class=\"has-text-align-center wp-block-paragraph\">&#8211; 30 &#8211;&nbsp;<\/p>\n\n\n\n<p class=\"wp-block-paragraph\">CONTACT POUR LES M\u00c9DIAS<\/p>\n\n\n\n<p class=\"wp-block-paragraph\">Tara MacBournie<br>Responsable des communications d\u2019\u00c9quipe Canada pour les Jeux de Gangwon 2024<br>WhatsApp : 647-522-8328<br>Courriel : <a href=\"mailto:tmacbournie@olympique.ca\">tmacbournie@olympique.ca<\/a><\/p>\n","protected":false},"excerpt":{"rendered":"<p>GANGNEUNG (Cor\u00e9e du Sud) 29 janvier 2024 &#8211; \u00c9quipe Canada a remport\u00e9 une autre m\u00e9daille d\u2019or et a connu une&#8230;<\/p>\n","protected":false},"featured_media":235832,"template":"","format":"standard","tags":[],"type-of-press":[496138],"press-topic":[682165520],"years":[682166484],"class_list":["post-235831","press","type-press","status-publish","format-standard","has-post-thumbnail","hentry","type-of-press-communiques","press-topic-gangwon-2024","years-682166484"],"acf":[],"yoast_head":"<!-- This site is optimized with the Yoast SEO plugin v27.3 - https:\/\/yoast.com\/product\/yoast-seo-wordpress\/ -->\n<title>Gangwon 2024 : \u00c9quipe Canada \u00e0 la conclusion du Jour 10 - \u00c9quipe Canada | Site officiel de l&#039;\u00e9quipe olympique<\/title>\n<meta name=\"robots\" content=\"index, follow, max-snippet:-1, max-image-preview:large, max-video-preview:-1\" \/>\n<link rel=\"canonical\" href=\"https:\/\/develop.olympic.ca\/olympique\/presse\/gangwon-2024-equipe-canada-a-la-conclusion-du-jour-10\/\" \/>\n<meta property=\"og:locale\" content=\"fr_FR\" \/>\n<meta property=\"og:type\" content=\"article\" \/>\n<meta property=\"og:title\" content=\"Gangwon 2024 : \u00c9quipe Canada \u00e0 la conclusion du Jour 10 - \u00c9quipe Canada | Site officiel de l&#039;\u00e9quipe olympique\" \/>\n<meta property=\"og:description\" content=\"GANGNEUNG (Cor\u00e9e du Sud) 29 janvier 2024 &#8211; \u00c9quipe Canada a remport\u00e9 une autre m\u00e9daille d\u2019or et a connu une...\" \/>\n<meta property=\"og:url\" content=\"https:\/\/develop.olympic.ca\/olympique\/presse\/gangwon-2024-equipe-canada-a-la-conclusion-du-jour-10\/\" \/>\n<meta property=\"og:site_name\" content=\"\u00c9quipe Canada | Site officiel de l&#039;\u00e9quipe olympique\" \/>\n<meta property=\"article:modified_time\" content=\"2024-01-29T16:56:27+00:00\" \/>\n<meta property=\"og:image\" content=\"https:\/\/develop.olympic.ca\/olympique\/wp-content\/uploads\/sites\/2\/2024\/01\/WhatsApp-Image-2024-01-29-at-09.24.58_12d644d1.jpg?quality=100\" \/>\n\t<meta property=\"og:image:width\" content=\"1600\" \/>\n\t<meta property=\"og:image:height\" content=\"1096\" \/>\n\t<meta property=\"og:image:type\" content=\"image\/jpeg\" \/>\n<meta name=\"twitter:card\" content=\"summary_large_image\" \/>\n<meta name=\"twitter:label1\" content=\"Est. reading time\" \/>\n\t<meta name=\"twitter:data1\" content=\"7 minutes\" \/>\n\t<meta name=\"twitter:label2\" content=\"Written by\" \/>\n\t<meta name=\"twitter:data2\" content=\"zsinha\" \/>\n<script type=\"application\/ld+json\" class=\"yoast-schema-graph\">{\"@context\":\"https:\\\/\\\/schema.org\",\"@graph\":[{\"@type\":\"WebPage\",\"@id\":\"https:\\\/\\\/develop.olympic.ca\\\/olympique\\\/presse\\\/gangwon-2024-equipe-canada-a-la-conclusion-du-jour-10\\\/\",\"url\":\"https:\\\/\\\/develop.olympic.ca\\\/olympique\\\/presse\\\/gangwon-2024-equipe-canada-a-la-conclusion-du-jour-10\\\/\",\"name\":\"Gangwon 2024 : \u00c9quipe Canada \u00e0 la conclusion du Jour 10 - \u00c9quipe Canada | Site officiel de l&#039;\u00e9quipe olympique\",\"isPartOf\":{\"@id\":\"https:\\\/\\\/develop.olympic.ca\\\/olympique\\\/#website\"},\"primaryImageOfPage\":{\"@id\":\"https:\\\/\\\/develop.olympic.ca\\\/olympique\\\/presse\\\/gangwon-2024-equipe-canada-a-la-conclusion-du-jour-10\\\/#primaryimage\"},\"image\":{\"@id\":\"https:\\\/\\\/develop.olympic.ca\\\/olympique\\\/presse\\\/gangwon-2024-equipe-canada-a-la-conclusion-du-jour-10\\\/#primaryimage\"},\"thumbnailUrl\":\"https:\\\/\\\/develop.olympic.ca\\\/olympique\\\/wp-content\\\/uploads\\\/sites\\\/2\\\/2024\\\/01\\\/WhatsApp-Image-2024-01-29-at-09.24.58_12d644d1.jpg?quality=100\",\"datePublished\":\"2024-01-29T16:54:55+00:00\",\"dateModified\":\"2024-01-29T16:56:27+00:00\",\"inLanguage\":\"fr-FR\",\"potentialAction\":[{\"@type\":\"ReadAction\",\"target\":[\"https:\\\/\\\/develop.olympic.ca\\\/olympique\\\/presse\\\/gangwon-2024-equipe-canada-a-la-conclusion-du-jour-10\\\/\"]}]},{\"@type\":\"ImageObject\",\"inLanguage\":\"fr-FR\",\"@id\":\"https:\\\/\\\/develop.olympic.ca\\\/olympique\\\/presse\\\/gangwon-2024-equipe-canada-a-la-conclusion-du-jour-10\\\/#primaryimage\",\"url\":\"https:\\\/\\\/develop.olympic.ca\\\/olympique\\\/wp-content\\\/uploads\\\/sites\\\/2\\\/2024\\\/01\\\/WhatsApp-Image-2024-01-29-at-09.24.58_12d644d1.jpg?quality=100\",\"contentUrl\":\"https:\\\/\\\/develop.olympic.ca\\\/olympique\\\/wp-content\\\/uploads\\\/sites\\\/2\\\/2024\\\/01\\\/WhatsApp-Image-2024-01-29-at-09.24.58_12d644d1.jpg?quality=100\",\"width\":1600,\"height\":1096},{\"@type\":\"WebSite\",\"@id\":\"https:\\\/\\\/develop.olympic.ca\\\/olympique\\\/#website\",\"url\":\"https:\\\/\\\/develop.olympic.ca\\\/olympique\\\/\",\"name\":\"\u00c9quipe Canada | Site officiel de l&#039;\u00e9quipe olympique\",\"description\":\"Votre source pour l\u2019\u00c9quipe olympique canadienne. Retrouvez les r\u00e9cits, vid\u00e9os et photos des athl\u00e8tes canadiens, sports olympiques, Jeux olympiques de 2020 et bien plus!\",\"potentialAction\":[{\"@type\":\"SearchAction\",\"target\":{\"@type\":\"EntryPoint\",\"urlTemplate\":\"https:\\\/\\\/develop.olympic.ca\\\/olympique\\\/?s={search_term_string}\"},\"query-input\":{\"@type\":\"PropertyValueSpecification\",\"valueRequired\":true,\"valueName\":\"search_term_string\"}}],\"inLanguage\":\"fr-FR\"}]}<\/script>\n<!-- \/ Yoast SEO plugin. -->","yoast_head_json":{"title":"Gangwon 2024 : \u00c9quipe Canada \u00e0 la conclusion du Jour 10 - \u00c9quipe Canada | Site officiel de l&#039;\u00e9quipe olympique","robots":{"index":"index","follow":"follow","max-snippet":"max-snippet:-1","max-image-preview":"max-image-preview:large","max-video-preview":"max-video-preview:-1"},"canonical":"https:\/\/develop.olympic.ca\/olympique\/presse\/gangwon-2024-equipe-canada-a-la-conclusion-du-jour-10\/","og_locale":"fr_FR","og_type":"article","og_title":"Gangwon 2024 : \u00c9quipe Canada \u00e0 la conclusion du Jour 10 - \u00c9quipe Canada | Site officiel de l&#039;\u00e9quipe olympique","og_description":"GANGNEUNG (Cor\u00e9e du Sud) 29 janvier 2024 &#8211; \u00c9quipe Canada a remport\u00e9 une autre m\u00e9daille d\u2019or et a connu une...","og_url":"https:\/\/develop.olympic.ca\/olympique\/presse\/gangwon-2024-equipe-canada-a-la-conclusion-du-jour-10\/","og_site_name":"\u00c9quipe Canada | Site officiel de l&#039;\u00e9quipe olympique","article_modified_time":"2024-01-29T16:56:27+00:00","og_image":[{"width":1600,"height":1096,"url":"https:\/\/develop.olympic.ca\/olympique\/wp-content\/uploads\/sites\/2\/2024\/01\/WhatsApp-Image-2024-01-29-at-09.24.58_12d644d1.jpg?quality=100","type":"image\/jpeg"}],"twitter_card":"summary_large_image","twitter_misc":{"Est. reading time":"7 minutes","Written by":"zsinha"},"schema":{"@context":"https:\/\/schema.org","@graph":[{"@type":"WebPage","@id":"https:\/\/develop.olympic.ca\/olympique\/presse\/gangwon-2024-equipe-canada-a-la-conclusion-du-jour-10\/","url":"https:\/\/develop.olympic.ca\/olympique\/presse\/gangwon-2024-equipe-canada-a-la-conclusion-du-jour-10\/","name":"Gangwon 2024 : \u00c9quipe Canada \u00e0 la conclusion du Jour 10 - \u00c9quipe Canada | Site officiel de l&#039;\u00e9quipe olympique","isPartOf":{"@id":"https:\/\/develop.olympic.ca\/olympique\/#website"},"primaryImageOfPage":{"@id":"https:\/\/develop.olympic.ca\/olympique\/presse\/gangwon-2024-equipe-canada-a-la-conclusion-du-jour-10\/#primaryimage"},"image":{"@id":"https:\/\/develop.olympic.ca\/olympique\/presse\/gangwon-2024-equipe-canada-a-la-conclusion-du-jour-10\/#primaryimage"},"thumbnailUrl":"https:\/\/develop.olympic.ca\/olympique\/wp-content\/uploads\/sites\/2\/2024\/01\/WhatsApp-Image-2024-01-29-at-09.24.58_12d644d1.jpg?quality=100","datePublished":"2024-01-29T16:54:55+00:00","dateModified":"2024-01-29T16:56:27+00:00","inLanguage":"fr-FR","potentialAction":[{"@type":"ReadAction","target":["https:\/\/develop.olympic.ca\/olympique\/presse\/gangwon-2024-equipe-canada-a-la-conclusion-du-jour-10\/"]}]},{"@type":"ImageObject","inLanguage":"fr-FR","@id":"https:\/\/develop.olympic.ca\/olympique\/presse\/gangwon-2024-equipe-canada-a-la-conclusion-du-jour-10\/#primaryimage","url":"https:\/\/develop.olympic.ca\/olympique\/wp-content\/uploads\/sites\/2\/2024\/01\/WhatsApp-Image-2024-01-29-at-09.24.58_12d644d1.jpg?quality=100","contentUrl":"https:\/\/develop.olympic.ca\/olympique\/wp-content\/uploads\/sites\/2\/2024\/01\/WhatsApp-Image-2024-01-29-at-09.24.58_12d644d1.jpg?quality=100","width":1600,"height":1096},{"@type":"WebSite","@id":"https:\/\/develop.olympic.ca\/olympique\/#website","url":"https:\/\/develop.olympic.ca\/olympique\/","name":"\u00c9quipe Canada | Site officiel de l&#039;\u00e9quipe olympique","description":"Votre source pour l\u2019\u00c9quipe olympique canadienne. Retrouvez les r\u00e9cits, vid\u00e9os et photos des athl\u00e8tes canadiens, sports olympiques, Jeux olympiques de 2020 et bien plus!","potentialAction":[{"@type":"SearchAction","target":{"@type":"EntryPoint","urlTemplate":"https:\/\/develop.olympic.ca\/olympique\/?s={search_term_string}"},"query-input":{"@type":"PropertyValueSpecification","valueRequired":true,"valueName":"search_term_string"}}],"inLanguage":"fr-FR"}]}},"jetpack_sharing_enabled":true,"_links":{"self":[{"href":"https:\/\/develop.olympic.ca\/olympique\/wp-json\/wp\/v2\/press\/235831","targetHints":{"allow":["GET"]}}],"collection":[{"href":"https:\/\/develop.olympic.ca\/olympique\/wp-json\/wp\/v2\/press"}],"about":[{"href":"https:\/\/develop.olympic.ca\/olympique\/wp-json\/wp\/v2\/types\/press"}],"version-history":[{"count":4,"href":"https:\/\/develop.olympic.ca\/olympique\/wp-json\/wp\/v2\/press\/235831\/revisions"}],"predecessor-version":[{"id":235881,"href":"https:\/\/develop.olympic.ca\/olympique\/wp-json\/wp\/v2\/press\/235831\/revisions\/235881"}],"wp:featuredmedia":[{"embeddable":true,"href":"https:\/\/develop.olympic.ca\/olympique\/wp-json\/wp\/v2\/media\/235832"}],"wp:attachment":[{"href":"https:\/\/develop.olympic.ca\/olympique\/wp-json\/wp\/v2\/media?parent=235831"}],"wp:term":[{"taxonomy":"post_tag","embeddable":true,"href":"https:\/\/develop.olympic.ca\/olympique\/wp-json\/wp\/v2\/tags?post=235831"},{"taxonomy":"type-of-press","embeddable":true,"href":"https:\/\/develop.olympic.ca\/olympique\/wp-json\/wp\/v2\/type-of-press?post=235831"},{"taxonomy":"press-topic","embeddable":true,"href":"https:\/\/develop.olympic.ca\/olympique\/wp-json\/wp\/v2\/press-topic?post=235831"},{"taxonomy":"years","embeddable":true,"href":"https:\/\/develop.olympic.ca\/olympique\/wp-json\/wp\/v2\/years?post=235831"}],"curies":[{"name":"wp","href":"https:\/\/api.w.org\/{rel}","templated":true}]}}