{"id":235971,"date":"2024-01-30T12:06:52","date_gmt":"2024-01-30T17:06:52","guid":{"rendered":"https:\/\/develop.olympic.ca\/olympique\/?post_type=press&#038;p=235971"},"modified":"2024-01-30T13:21:16","modified_gmt":"2024-01-30T18:21:16","slug":"gangwon-2024-equipe-canada-a-la-conclusion-du-jour-11","status":"publish","type":"press","link":"https:\/\/develop.olympic.ca\/olympique\/presse\/gangwon-2024-equipe-canada-a-la-conclusion-du-jour-11\/","title":{"rendered":"Gangwon 2024 : \u00c9quipe Canada \u00e0 la conclusion du Jour 11"},"content":{"rendered":"\n<p class=\"wp-block-paragraph\">GANGNEUNG (Cor\u00e9e du Sud) 30 janvier 2024 &#8211;&nbsp; La 11e journ\u00e9e aux Jeux olympiques de la jeunesse d\u2019hiver de Gangwon 2024 a \u00e9t\u00e9 marqu\u00e9e par la participation de 11 athl\u00e8tes canadiens, en plus de ceux de l\u2019\u00e9quipe masculine de hockey, dans quatre sports.&nbsp;<\/p>\n\n\n\n<p class=\"wp-block-paragraph\"><strong>CURLING<\/strong><strong><br><\/strong>L\u2019\u00e9quipe canadienne de l\u2019\u00e9preuve de double mixte, compos\u00e9e de Cailey Locke (Conception Bay South, T.-N.) et Simon Perry (Portugal Cove, T.-N.), ont perdu un match tr\u00e8s serr\u00e9 par la marque de 6-4 contre une \u00e9quipe de Tch\u00e9quie qui \u00e9tait deuxi\u00e8me du groupe. Les Canadiens sont maintenant en triple \u00e9galit\u00e9 au premier rang du Groupe A avec la Tch\u00e9quie et la Grande-Bretagne et disputeront leur dernier match de tour pr\u00e9liminaire demain contre les Britanniques. Les deux meilleures \u00e9quipes de chaque groupe passeront en quarts de finale, tandis que les autres \u00e9quipes seront \u00e9limin\u00e9es.<\/p>\n\n\n\n<p class=\"wp-block-paragraph\"><strong>HOCKEY<\/strong><br>\u00c9quipe Canada affrontait les \u00c9tats-Unis en demi-finale et malgr\u00e9 leurs 42 tirs au but contre les 17 des Am\u00e9ricains, les repr\u00e9sentants de l\u2019unifoli\u00e9 ont perdu 6-5 en tirs de fusillade. Cette rencontre a \u00e9t\u00e9 une v\u00e9ritable bataille o\u00f9 les deux \u00e9quipes se sont \u00e9chang\u00e9 les devants. Alessandro Di Iorio (Vaughan, ON\/Vaughan, GTHL-U16) a marqu\u00e9 le premier but du match du Canada tandis que Zach Nyman (Toronto, ON\/Vaughan, GTHL-U16) et Mathis Preston (Penticton, C.-B.\/Okanagan Hockey Academy, CSSHL-U18) ont chacun marqu\u00e9 deux buts. \u00c9quipe Canada affrontera la Finlande demain apr\u00e8s-midi pour la m\u00e9daille de bronze.<br><br>\u00ab Vous faites tout ce chemin et vous d\u00e9sirez gagner et \u00eatre les meilleurs. Le Canada a une r\u00e9putation de gagnant de championnats. Nous voulons maintenir cette r\u00e9putation, mais nous avons toujours l&rsquo;occasion de remporter une m\u00e9daille. Bien que ce sera difficile ce soir, demain sera une autre journ\u00e9e avec un nouveau d\u00e9fi que nous avons tous h\u00e2te de relever. \u00bb<br>\u2013 Zach Nyman<\/p>\n\n\n\n<p class=\"wp-block-paragraph\"><strong>PATINAGE ARTISTIQUE<\/strong><strong><br><\/strong>Les danseurs sur glace Audra Gans (Pr\u00e9vost, QC) et Michael Boutsan (Thornhill, ON), ainsi que Caroline Kravets (Kitchener, ON) et Jacob Stark (Waterloo, ON) ont pr\u00e9sent\u00e9 leur programme libre, terminant chacun parmi les 10 meilleurs. Class\u00e9s neuvi\u00e8mes, Kravets et Stark sont emball\u00e9s de poursuivre le d\u00e9veloppement de leur carri\u00e8re de patinage, utilisant ce parcours aux Jeux olympiques de la jeunesse comme exp\u00e9rience pr\u00e9cieuse pour l\u2019avenir.<br><br>\u00ab Tout au long de ce parcours, nous avons appris que nous devons simplement viser le sommet. Nous ne nous attendions pas \u00e0 \u00eatre ici au d\u00e9but de la saison, bien que nous le d\u00e9sirions, sachant que ce ne serait pas facile. Nous avons \u00e9t\u00e9 en mesure de r\u00e9aliser cela alors on en retient qu\u2019on peut tout ce qu\u2019on vise tant qu\u2019on travaille et qu\u2019on s\u2019entra\u00eene fort pour y parvenir. \u00bb<br>\u2013 Jacob Stark<br><br>Obtenant leur meilleur pointage personnel par 10 points sur la sc\u00e8ne internationale dans la portion rythmique, Gans et Boutsan ont r\u00e9ussi une autre marque personnelle au programme libre par plus de 11 points. Leur musique de programme libre comprend la chanson \u00ab Storm \u00bb, compos\u00e9e par le triple m\u00e9daill\u00e9 olympique Eric Radford.<br><br>\u00ab Je crois que c\u2019\u00e9tait vraiment tr\u00e8s sp\u00e9cial de pouvoir afficher notre fiert\u00e9 canadienne par notre choix musical et Eric est un patineur fantastique alors je crois que c\u2019est tr\u00e8s amusant de pouvoir aussi mettre en vitrine sa musique comme \u00e7a. Il est venu assister \u00e0 nos entra\u00eenements et il nous a beaucoup aid\u00e9 avec les pirouettes alors merci Eric! \u00bb<br>\u2013 Audra Gans<br><br>\u00c2g\u00e9s de 14 et 15 ans respectivement, Boutsan et Gans \u00e9taient tr\u00e8s satisfaits de leur performance aujourd\u2019hui qui leur a valu le quatri\u00e8me rang du programme libre et le cinqui\u00e8me rang du classement final de l\u2019\u00e9preuve.<br><br>\u00ab Nous avons \u00e9t\u00e9 propres sur les \u00e9l\u00e9ments et j\u2019ai senti que nous avions bien patin\u00e9. J\u2019ai \u00e9t\u00e9 en mesure d\u2019offrir une performance et j\u2019esp\u00e8re que la foule et les juges ont pu le voir. Comme Audra l\u2019a dit, utiliser notre musique pour afficher notre fiert\u00e9 canadienne nous a procur\u00e9 un sentiment incroyable. \u00bb<br>\u2013&nbsp; Michael Boutsan<br><br>\u00ab On s\u2019est vraiment bien senti. Personnellement, je me sentais bien sur la glace et tout allait tr\u00e8s bien, j\u2019ai vraiment fait confiance \u00e0 mon entra\u00eenement. Quand tu arrives \u00e0 la fin du programme et que tu es dans une port\u00e9e en rotation et que tu te sens tourner tr\u00e8s rapidement et que tu entends la foule encourager, c\u2019\u00e9tait vraiment tr\u00e8s plaisant et tout cela procure d\u2019excellentes sensations. \u00bb<br>\u2013 Audra Gans<\/p>\n\n\n\n<p class=\"wp-block-paragraph\">Patinant au sein du dernier groupe devant des gradins bond\u00e9s, Kaiya Ruiter (Calgary, AB) n\u2019a pas offert la performance d\u00e9sir\u00e9e apr\u00e8s avoir chut\u00e9 sur un triple flip et \u00e9cop\u00e9 des p\u00e9nalit\u00e9s pour quelques rotations inf\u00e9rieures \u00e0 ce qui \u00e9tait attendu. Elle aura une occasion de se reprendre jeudi dans l\u2019\u00e9preuve par \u00e9quipes de patinage artistique.<br><br>\u00ab Il y a certainement eu des faits saillants dont je suis vraiment fi\u00e8re, mais ce n\u2019est pas ce que je d\u00e9sirais dans l\u2019ensemble. Faire partie du dernier groupe \u00e9tait une grande victoire pour moi. Faire partie d\u2019un groupe r\u00e9unissant certaines des filles les plus incroyables dans le monde du patinage \u00e9tait simplement incroyable. C\u2019\u00e9tait une exp\u00e9rience que je n\u2019oublierai jamais. \u00bb<br>\u2013 Kaiya Ruiter<\/p>\n\n\n\n<p class=\"wp-block-paragraph\"><strong>SKI DE FOND<\/strong><strong><br><\/strong>Les fondeurs canadiens ont connu une autre belle journ\u00e9e au Centre de biathlon d\u2019Alpensia. Courant avec le dossard num\u00e9ro 1, Aramintha &lsquo;<em>Minty<\/em>&lsquo; Bradford (Whitehorse, YK), a pris le 16e rang parmi 78 skieuses de l\u2019\u00e9preuve de sprint, devant sa compatriote Leanne Gartner (Canmore, AB) qui a termin\u00e9 22e. Chez les gar\u00e7ons, Cedric Martel (Thunder Bay, ON) et Eamon Wilson (Burnaby, C.-B.) ont pris les 19e et 22e rangs parmi un groupe de 78 participants.<br><br>\u00ab C\u2019\u00e9tait bon et difficile \u00e0 la fois, le parcours \u00e9tait plus abrupt qu\u2019il semblait \u00e0 l\u2019\u00e9chauffement, mais c\u2019\u00e9tait un bon chrono. Je ne vous mentirai pas que de skier ici aux Jeux olympiques de la jeunesse est plut\u00f4t fou! Il y avait tellement de gens, tout le monde encourageait dans diff\u00e9rentes langues, c\u2019\u00e9tait fou! C\u2019\u00e9tait bon aussi de voir tout le monde ici qui nous appuyait. \u00bb<\/p>\n\n\n\n<p class=\"wp-block-paragraph\">\u2013 Leanne Gartner<br><br>\u00ab Je dirais que je suis plut\u00f4t heureux de ma performance parmi les 25 meilleures. J\u2019ai certainement travaill\u00e9 dur aujourd\u2019hui pour me racheter un peu, mais tout retombe sur une grande \u00e9quipe de personnes qui nous aident alors un grand merci \u00e0 Nordiq Canada et \u00e0 l\u2019\u00e9quipe de farteurs et \u00e0 tous ceux qui nous ont donn\u00e9 un coup de main en cours de route. \u00bb<\/p>\n\n\n\n<p class=\"wp-block-paragraph\">\u2013 Eamon Wilson<\/p>\n\n\n\n<p class=\"wp-block-paragraph\"><strong><em>Pour tous les r\u00e9sultats d\u2019\u00c9quipe Canada en cette onzi\u00e8me journ\u00e9e, <\/em><\/strong><a href=\"https:\/\/drive.google.com\/file\/d\/1XG5wl5lYPxNIAtpNDkUI_gsL3GKmGyzK\/view?pli=1\"><strong><em>cliquez ici<\/em><\/strong><\/a><strong><em>.<\/em><\/strong><strong><br><\/strong><strong><br><\/strong><strong>HORAIRE DES DEUX PROCHAINES JOURN\u00c9ES \u2013 <\/strong><a href=\"https:\/\/drive.google.com\/file\/d\/1XAUAuj-WdW4d3F_5aKgxqhkbEN7qrMjD\/view?pli=1\"><strong>31 JANVIER (Jour 12)<\/strong><\/a><strong> \/ <\/strong><a href=\"https:\/\/drive.google.com\/file\/d\/1XJfWKBaMGFHEt_KLTdR1NmUUu0prvn2Y\/view?pli=1\"><strong>1er F\u00c9VRIER (Jour 13)<\/strong><strong><br><\/strong><\/a>*La colonne \u00ab <em>Potential \/ Comp. possible <\/em>\u00bb<em> indique la phase de comp\u00e9tition pr\u00e9vue pour ce(tte) comp\u00e9titeur(trice). Les rang\u00e9es en rouge sont des \u00e9preuves m\u00e9daill\u00e9es.<\/em><em><br><\/em><\/p>\n\n\n\n<p class=\"wp-block-paragraph\"><strong>COMPTE DE M\u00c9DAILLES D\u2019\u00c9QUIPE CANADA :<\/strong><br>Or &#8211; 3 | Argent &#8211; 2 | Bronze &#8211; 0<strong><br><\/strong><em><br><\/em><strong>COMMENT SUIVRE LES \u00c9PREUVES :<br><\/strong>Comme diffuseur officiel des Jeux de Gangwon 2024 au Canada, CBC\/Radio-Canada offrira une couverture des Jeux sur<a href=\"https:\/\/www.cbc.ca\/sports\"> cbcsports.ca<\/a>,<a href=\"https:\/\/ici.radio-canada.ca\/sports\"> radio-canada.ca\/sports<\/a> ainsi que sur les applications de CBC Sports et de Radio-Canada Sports. La cha\u00eene<a href=\"https:\/\/olympics.com\/en\/olympic-channel\"> Olympic Channel<\/a> offrira aussi une couverture compl\u00e8te des Jeux de Gangwon 2024, qui sera webdiffus\u00e9e sur son application gratuite.<\/p>\n\n\n\n<p class=\"wp-block-paragraph\"><strong>RESOURCES :<\/strong><strong><br><\/strong>PHOTOS : Soumettez une demande \u00e0 Tara (tmacbournie@olympique.ca) pour acc\u00e9der \u00e0 des photos \u00e0 des fins \u00e9ditoriales de<a href=\"https:\/\/images.olympic.ca\/index\"> images.olympic.ca.<\/a> D\u2019autres photos \u00e0 des fins \u00e9ditoriales sont accessibles aux m\u00e9dias sur<a href=\"https:\/\/oisphotos.com\/\"> oisphotos.com<br><\/a>VISITEZ : <a href=\"https:\/\/develop.olympic.ca\/olympique\/presse-ressources\/\">https:\/\/develop.olympic.ca\/olympique\/presse-ressources\/<\/a> pour acc\u00e9der aux bios des athl\u00e8tes et \u00e0 d\u2019autres renseignements sur les Jeux de Gangwon 2024.<br>SUIVEZ : <a href=\"https:\/\/twitter.com\/TeamCanadaPR\">@teamcanadapr sur Twitter (X)<\/a><\/p>\n\n\n\n<p class=\"has-text-align-center wp-block-paragraph\">&#8211; 30 &#8211;&nbsp;<\/p>\n\n\n\n<p class=\"wp-block-paragraph\">CONTACT POUR LES M\u00c9DIASTara MacBournie<br>Responsable des communications d\u2019\u00c9quipe Canada pour les Jeux de Gangwon 2024<br>WhatsApp : 647-522-8328<br>Courriel : <a href=\"mailto:tmacbournie@olympique.ca\">tmacbournie@olympique.ca<\/a><\/p>\n","protected":false},"excerpt":{"rendered":"<p>GANGNEUNG (Cor\u00e9e du Sud) 30 janvier 2024 &#8211;&nbsp; La 11e journ\u00e9e aux Jeux olympiques de la jeunesse d\u2019hiver de Gangwon&#8230;<\/p>\n","protected":false},"featured_media":235962,"template":"","format":"standard","tags":[],"type-of-press":[496138],"press-topic":[682165520],"years":[682166484],"class_list":["post-235971","press","type-press","status-publish","format-standard","has-post-thumbnail","hentry","type-of-press-communiques","press-topic-gangwon-2024","years-682166484"],"acf":[],"yoast_head":"<!-- This site is optimized with the Yoast SEO plugin v27.3 - https:\/\/yoast.com\/product\/yoast-seo-wordpress\/ -->\n<title>Gangwon 2024 : \u00c9quipe Canada \u00e0 la conclusion du Jour 11 - \u00c9quipe Canada | Site officiel de l&#039;\u00e9quipe olympique<\/title>\n<meta name=\"robots\" content=\"index, follow, max-snippet:-1, max-image-preview:large, max-video-preview:-1\" \/>\n<link rel=\"canonical\" href=\"https:\/\/develop.olympic.ca\/olympique\/presse\/gangwon-2024-equipe-canada-a-la-conclusion-du-jour-11\/\" \/>\n<meta property=\"og:locale\" content=\"fr_FR\" \/>\n<meta property=\"og:type\" content=\"article\" \/>\n<meta property=\"og:title\" content=\"Gangwon 2024 : \u00c9quipe Canada \u00e0 la conclusion du Jour 11 - \u00c9quipe Canada | Site officiel de l&#039;\u00e9quipe olympique\" \/>\n<meta property=\"og:description\" content=\"GANGNEUNG (Cor\u00e9e du Sud) 30 janvier 2024 &#8211;&nbsp; La 11e journ\u00e9e aux Jeux olympiques de la jeunesse d\u2019hiver de Gangwon...\" \/>\n<meta property=\"og:url\" content=\"https:\/\/develop.olympic.ca\/olympique\/presse\/gangwon-2024-equipe-canada-a-la-conclusion-du-jour-11\/\" \/>\n<meta property=\"og:site_name\" content=\"\u00c9quipe Canada | Site officiel de l&#039;\u00e9quipe olympique\" \/>\n<meta property=\"article:modified_time\" content=\"2024-01-30T18:21:16+00:00\" \/>\n<meta property=\"og:image\" content=\"https:\/\/develop.olympic.ca\/olympique\/wp-content\/uploads\/sites\/2\/2024\/01\/ezgif-2-ac939dbb89.jpg?quality=100\" \/>\n\t<meta property=\"og:image:width\" content=\"1275\" \/>\n\t<meta property=\"og:image:height\" content=\"753\" \/>\n\t<meta property=\"og:image:type\" content=\"image\/jpeg\" \/>\n<meta name=\"twitter:card\" content=\"summary_large_image\" \/>\n<meta name=\"twitter:label1\" content=\"Est. reading time\" \/>\n\t<meta name=\"twitter:data1\" content=\"7 minutes\" \/>\n\t<meta name=\"twitter:label2\" content=\"Written by\" \/>\n\t<meta name=\"twitter:data2\" content=\"zsinha\" \/>\n<script type=\"application\/ld+json\" class=\"yoast-schema-graph\">{\"@context\":\"https:\\\/\\\/schema.org\",\"@graph\":[{\"@type\":\"WebPage\",\"@id\":\"https:\\\/\\\/develop.olympic.ca\\\/olympique\\\/presse\\\/gangwon-2024-equipe-canada-a-la-conclusion-du-jour-11\\\/\",\"url\":\"https:\\\/\\\/develop.olympic.ca\\\/olympique\\\/presse\\\/gangwon-2024-equipe-canada-a-la-conclusion-du-jour-11\\\/\",\"name\":\"Gangwon 2024 : \u00c9quipe Canada \u00e0 la conclusion du Jour 11 - \u00c9quipe Canada | Site officiel de l&#039;\u00e9quipe olympique\",\"isPartOf\":{\"@id\":\"https:\\\/\\\/develop.olympic.ca\\\/olympique\\\/#website\"},\"primaryImageOfPage\":{\"@id\":\"https:\\\/\\\/develop.olympic.ca\\\/olympique\\\/presse\\\/gangwon-2024-equipe-canada-a-la-conclusion-du-jour-11\\\/#primaryimage\"},\"image\":{\"@id\":\"https:\\\/\\\/develop.olympic.ca\\\/olympique\\\/presse\\\/gangwon-2024-equipe-canada-a-la-conclusion-du-jour-11\\\/#primaryimage\"},\"thumbnailUrl\":\"https:\\\/\\\/develop.olympic.ca\\\/olympique\\\/wp-content\\\/uploads\\\/sites\\\/2\\\/2024\\\/01\\\/ezgif-2-ac939dbb89.jpg?quality=100\",\"datePublished\":\"2024-01-30T17:06:52+00:00\",\"dateModified\":\"2024-01-30T18:21:16+00:00\",\"inLanguage\":\"fr-FR\",\"potentialAction\":[{\"@type\":\"ReadAction\",\"target\":[\"https:\\\/\\\/develop.olympic.ca\\\/olympique\\\/presse\\\/gangwon-2024-equipe-canada-a-la-conclusion-du-jour-11\\\/\"]}]},{\"@type\":\"ImageObject\",\"inLanguage\":\"fr-FR\",\"@id\":\"https:\\\/\\\/develop.olympic.ca\\\/olympique\\\/presse\\\/gangwon-2024-equipe-canada-a-la-conclusion-du-jour-11\\\/#primaryimage\",\"url\":\"https:\\\/\\\/develop.olympic.ca\\\/olympique\\\/wp-content\\\/uploads\\\/sites\\\/2\\\/2024\\\/01\\\/ezgif-2-ac939dbb89.jpg?quality=100\",\"contentUrl\":\"https:\\\/\\\/develop.olympic.ca\\\/olympique\\\/wp-content\\\/uploads\\\/sites\\\/2\\\/2024\\\/01\\\/ezgif-2-ac939dbb89.jpg?quality=100\",\"width\":1275,\"height\":753},{\"@type\":\"WebSite\",\"@id\":\"https:\\\/\\\/develop.olympic.ca\\\/olympique\\\/#website\",\"url\":\"https:\\\/\\\/develop.olympic.ca\\\/olympique\\\/\",\"name\":\"\u00c9quipe Canada | Site officiel de l&#039;\u00e9quipe olympique\",\"description\":\"Votre source pour l\u2019\u00c9quipe olympique canadienne. Retrouvez les r\u00e9cits, vid\u00e9os et photos des athl\u00e8tes canadiens, sports olympiques, Jeux olympiques de 2020 et bien plus!\",\"potentialAction\":[{\"@type\":\"SearchAction\",\"target\":{\"@type\":\"EntryPoint\",\"urlTemplate\":\"https:\\\/\\\/develop.olympic.ca\\\/olympique\\\/?s={search_term_string}\"},\"query-input\":{\"@type\":\"PropertyValueSpecification\",\"valueRequired\":true,\"valueName\":\"search_term_string\"}}],\"inLanguage\":\"fr-FR\"}]}<\/script>\n<!-- \/ Yoast SEO plugin. -->","yoast_head_json":{"title":"Gangwon 2024 : \u00c9quipe Canada \u00e0 la conclusion du Jour 11 - \u00c9quipe Canada | Site officiel de l&#039;\u00e9quipe olympique","robots":{"index":"index","follow":"follow","max-snippet":"max-snippet:-1","max-image-preview":"max-image-preview:large","max-video-preview":"max-video-preview:-1"},"canonical":"https:\/\/develop.olympic.ca\/olympique\/presse\/gangwon-2024-equipe-canada-a-la-conclusion-du-jour-11\/","og_locale":"fr_FR","og_type":"article","og_title":"Gangwon 2024 : \u00c9quipe Canada \u00e0 la conclusion du Jour 11 - \u00c9quipe Canada | Site officiel de l&#039;\u00e9quipe olympique","og_description":"GANGNEUNG (Cor\u00e9e du Sud) 30 janvier 2024 &#8211;&nbsp; La 11e journ\u00e9e aux Jeux olympiques de la jeunesse d\u2019hiver de Gangwon...","og_url":"https:\/\/develop.olympic.ca\/olympique\/presse\/gangwon-2024-equipe-canada-a-la-conclusion-du-jour-11\/","og_site_name":"\u00c9quipe Canada | Site officiel de l&#039;\u00e9quipe olympique","article_modified_time":"2024-01-30T18:21:16+00:00","og_image":[{"width":1275,"height":753,"url":"https:\/\/develop.olympic.ca\/olympique\/wp-content\/uploads\/sites\/2\/2024\/01\/ezgif-2-ac939dbb89.jpg?quality=100","type":"image\/jpeg"}],"twitter_card":"summary_large_image","twitter_misc":{"Est. reading time":"7 minutes","Written by":"zsinha"},"schema":{"@context":"https:\/\/schema.org","@graph":[{"@type":"WebPage","@id":"https:\/\/develop.olympic.ca\/olympique\/presse\/gangwon-2024-equipe-canada-a-la-conclusion-du-jour-11\/","url":"https:\/\/develop.olympic.ca\/olympique\/presse\/gangwon-2024-equipe-canada-a-la-conclusion-du-jour-11\/","name":"Gangwon 2024 : \u00c9quipe Canada \u00e0 la conclusion du Jour 11 - \u00c9quipe Canada | Site officiel de l&#039;\u00e9quipe olympique","isPartOf":{"@id":"https:\/\/develop.olympic.ca\/olympique\/#website"},"primaryImageOfPage":{"@id":"https:\/\/develop.olympic.ca\/olympique\/presse\/gangwon-2024-equipe-canada-a-la-conclusion-du-jour-11\/#primaryimage"},"image":{"@id":"https:\/\/develop.olympic.ca\/olympique\/presse\/gangwon-2024-equipe-canada-a-la-conclusion-du-jour-11\/#primaryimage"},"thumbnailUrl":"https:\/\/develop.olympic.ca\/olympique\/wp-content\/uploads\/sites\/2\/2024\/01\/ezgif-2-ac939dbb89.jpg?quality=100","datePublished":"2024-01-30T17:06:52+00:00","dateModified":"2024-01-30T18:21:16+00:00","inLanguage":"fr-FR","potentialAction":[{"@type":"ReadAction","target":["https:\/\/develop.olympic.ca\/olympique\/presse\/gangwon-2024-equipe-canada-a-la-conclusion-du-jour-11\/"]}]},{"@type":"ImageObject","inLanguage":"fr-FR","@id":"https:\/\/develop.olympic.ca\/olympique\/presse\/gangwon-2024-equipe-canada-a-la-conclusion-du-jour-11\/#primaryimage","url":"https:\/\/develop.olympic.ca\/olympique\/wp-content\/uploads\/sites\/2\/2024\/01\/ezgif-2-ac939dbb89.jpg?quality=100","contentUrl":"https:\/\/develop.olympic.ca\/olympique\/wp-content\/uploads\/sites\/2\/2024\/01\/ezgif-2-ac939dbb89.jpg?quality=100","width":1275,"height":753},{"@type":"WebSite","@id":"https:\/\/develop.olympic.ca\/olympique\/#website","url":"https:\/\/develop.olympic.ca\/olympique\/","name":"\u00c9quipe Canada | Site officiel de l&#039;\u00e9quipe olympique","description":"Votre source pour l\u2019\u00c9quipe olympique canadienne. Retrouvez les r\u00e9cits, vid\u00e9os et photos des athl\u00e8tes canadiens, sports olympiques, Jeux olympiques de 2020 et bien plus!","potentialAction":[{"@type":"SearchAction","target":{"@type":"EntryPoint","urlTemplate":"https:\/\/develop.olympic.ca\/olympique\/?s={search_term_string}"},"query-input":{"@type":"PropertyValueSpecification","valueRequired":true,"valueName":"search_term_string"}}],"inLanguage":"fr-FR"}]}},"jetpack_sharing_enabled":true,"_links":{"self":[{"href":"https:\/\/develop.olympic.ca\/olympique\/wp-json\/wp\/v2\/press\/235971","targetHints":{"allow":["GET"]}}],"collection":[{"href":"https:\/\/develop.olympic.ca\/olympique\/wp-json\/wp\/v2\/press"}],"about":[{"href":"https:\/\/develop.olympic.ca\/olympique\/wp-json\/wp\/v2\/types\/press"}],"version-history":[{"count":5,"href":"https:\/\/develop.olympic.ca\/olympique\/wp-json\/wp\/v2\/press\/235971\/revisions"}],"predecessor-version":[{"id":235981,"href":"https:\/\/develop.olympic.ca\/olympique\/wp-json\/wp\/v2\/press\/235971\/revisions\/235981"}],"wp:featuredmedia":[{"embeddable":true,"href":"https:\/\/develop.olympic.ca\/olympique\/wp-json\/wp\/v2\/media\/235962"}],"wp:attachment":[{"href":"https:\/\/develop.olympic.ca\/olympique\/wp-json\/wp\/v2\/media?parent=235971"}],"wp:term":[{"taxonomy":"post_tag","embeddable":true,"href":"https:\/\/develop.olympic.ca\/olympique\/wp-json\/wp\/v2\/tags?post=235971"},{"taxonomy":"type-of-press","embeddable":true,"href":"https:\/\/develop.olympic.ca\/olympique\/wp-json\/wp\/v2\/type-of-press?post=235971"},{"taxonomy":"press-topic","embeddable":true,"href":"https:\/\/develop.olympic.ca\/olympique\/wp-json\/wp\/v2\/press-topic?post=235971"},{"taxonomy":"years","embeddable":true,"href":"https:\/\/develop.olympic.ca\/olympique\/wp-json\/wp\/v2\/years?post=235971"}],"curies":[{"name":"wp","href":"https:\/\/api.w.org\/{rel}","templated":true}]}}