{"id":241463,"date":"2024-04-21T08:55:55","date_gmt":"2024-04-21T12:55:55","guid":{"rendered":"https:\/\/develop.olympic.ca\/olympique\/?post_type=press&#038;p=241463"},"modified":"2024-04-23T10:14:07","modified_gmt":"2024-04-23T14:14:07","slug":"le-coc-se-joint-au-centre-pour-le-sport-et-les-droits-de-lhomme","status":"publish","type":"press","link":"https:\/\/develop.olympic.ca\/olympique\/presse\/le-coc-se-joint-au-centre-pour-le-sport-et-les-droits-de-lhomme\/","title":{"rendered":"Le COC se joint au Centre pour le sport et les droits de l\u2019homme"},"content":{"rendered":"\n<p class=\"wp-block-paragraph\">TORONTO (23 avril 2024) \u2013 Mardi, le Comit\u00e9 olympique canadien (COC) a fi\u00e8rement annonc\u00e9 que l\u2019organisation rejoindra les rangs du Centre pour le sport et les droits de l\u2019homme (CSHR) en tant qu\u2019organisation engag\u00e9e \u00e0 compter du 18 avril.<\/p>\n\n\n\n<p class=\"wp-block-paragraph\">Le CSHR est une organisation mondiale de d\u00e9fense des droits de l\u2019homme qui travaille dans le but d\u2019instaurer un monde du sport qui respecte pleinement les droits de l\u2019homme en partageant des connaissances, en d\u00e9veloppant les capacit\u00e9s et en renfor\u00e7ant les responsabilit\u00e9s de tous les acteurs au sein de l\u2019\u00e9cosyst\u00e8me du sport au moyen de l\u2019action collective.&nbsp;<\/p>\n\n\n\n<p class=\"wp-block-paragraph\">\u00ab C\u2019est un honneur pour nous de devenir le premier Comit\u00e9 national olympique \u00e0 rejoindre les rangs du Centre pour le sport et les droits de l\u2019homme et \u00e0 participer \u00e0 sa mission fondamentale qui est de faire progresser les droits de la personne au sein de l\u2019\u00e9cosyst\u00e8me du sport, a d\u00e9clar\u00e9 David Shoemaker, chef de la direction et secr\u00e9taire g\u00e9n\u00e9ral du COC. Alors que nous continuons de travailler dans le but de faire du sport un milieu s\u00e9curitaire, inclusif et sans obstacle, notre adh\u00e9sion au CSHR donnera \u00e0 notre organisation la capacit\u00e9 d\u2019avoir une perspective internationale dans le cadre de notre travail, tout en contribuant \u00e0 l\u2019avancement des droits de l\u2019homme dans le sport \u00e0 l\u2019\u00e9chelle mondiale. \u00bb&nbsp;<\/p>\n\n\n\n<p class=\"wp-block-paragraph\">Le CSHR accomplit sa mission conform\u00e9ment aux <a href=\"https:\/\/www.sporthumanrights.org\/media\/kluhan5c\/sporting-chance-principles-for-website.pdf\">principes \u2018Sporting Chance\u2019<\/a> en :<\/p>\n\n\n\n<ul class=\"wp-block-list\">\n<li>permettant la pr\u00e9vention de violations des droits de l\u2019homme en lien avec le sport;<\/li>\n\n\n\n<li>s\u2019assurant qu\u2019il y ait des solutions qui sont efficaces, accessibles et disponibles pour ceux et celles qui sont la cible d\u2019atteintes aux droits de l\u2019homme; et<\/li>\n\n\n\n<li>exploitant les possibilit\u00e9s de promouvoir les droits de l\u2019homme dans le sport qui m\u00e8nent \u00e0 des r\u00e9percussions positives et \u00e0 des bienfaits pour tous.<\/li>\n<\/ul>\n\n\n\n<p class=\"wp-block-paragraph\">Devenir une <a href=\"https:\/\/sporthumanrights.org\/media\/djbd54kr\/engaged-organisations.pdf\">organisation engag\u00e9e<\/a> donne au COC l\u2019acc\u00e8s \u00e0 un r\u00e9seau mondial de parties prenantes du sport qui se consacrent \u00e0 l\u2019avancement des droits de l\u2019homme. Tout particuli\u00e8rement, l\u2019\u00e9v\u00e9nement biennal qu\u2019est le Forum Sporting Chance repr\u00e9sente une importante tribune pour que le COC puisse engager le dialogue et collaborer avec des organisations qui partagent les m\u00eames objectifs.&nbsp;<\/p>\n\n\n\n<p class=\"wp-block-paragraph\">\u00ab Nous sommes enchant\u00e9s de voir le Comit\u00e9 olympique canadien se joindre \u00e0 nous en tant qu\u2019organisation engag\u00e9e. Le COC est parfaitement align\u00e9 sur la mission du Centre qui est de faire progresser un monde du sport qui respecte les droits de la personne et en fait la promotion, a d\u00e9clar\u00e9 Mary Harvey, directrice g\u00e9n\u00e9rale du Centre pour le sport et les droits de l\u2019homme. Nous avons h\u00e2te de les aider \u00e0 mettre en place et \u00e0 mettre en pratique les principes Sporting Chance et de les voir commencer \u00e0 participer au travail de collaboration qui se fait au Centre. \u00bb&nbsp;<\/p>\n\n\n\n<p class=\"wp-block-paragraph\">Pour obtenir plus de d\u00e9tails sur le Centre pour le sport et les droits de l\u2019homme, cliquez <a href=\"https:\/\/www.sporthumanrights.org\/\">ICI<\/a>.<\/p>\n\n\n\n<p class=\"has-text-align-center wp-block-paragraph\">&nbsp;-30-<\/p>\n\n\n\n<p class=\"wp-block-paragraph\">CONTACTS POUR LES M\u00c9DIAS<\/p>\n\n\n\n<p class=\"wp-block-paragraph\">Peter\u200b Saltsman<br>Gestionnaire principal des relations publiques<br>Cell. : 647-382-6986<br>Courriel : <a href=\"mailto:psaltsman@olympic.ca\">psaltsman@olympique.ca<\/a><\/p>\n\n\n\n<p class=\"wp-block-paragraph\">Thomas Hall<br>Directeur des communications et des relations publiques<br>Cell. : 514-709-1054<br>Courriel : <a href=\"mailto:thall@olympic.ca\">thall@olympique.ca<\/a><\/p>\n","protected":false},"excerpt":{"rendered":"<p>TORONTO (23 avril 2024) \u2013 Mardi, le Comit\u00e9 olympique canadien (COC) a fi\u00e8rement annonc\u00e9 que l\u2019organisation rejoindra les rangs du&#8230;<\/p>\n","protected":false},"featured_media":209306,"template":"","format":"standard","tags":[],"type-of-press":[496138],"press-topic":[415985198],"years":[682166484],"class_list":["post-241463","press","type-press","status-publish","format-standard","has-post-thumbnail","hentry","type-of-press-communiques","press-topic-general","years-682166484"],"acf":[],"yoast_head":"<!-- This site is optimized with the Yoast SEO plugin v27.3 - https:\/\/yoast.com\/product\/yoast-seo-wordpress\/ -->\n<title>Le COC se joint au Centre pour le sport et les droits de l\u2019homme - \u00c9quipe Canada | Site officiel de l&#039;\u00e9quipe olympique<\/title>\n<meta name=\"robots\" content=\"index, follow, max-snippet:-1, max-image-preview:large, max-video-preview:-1\" \/>\n<link rel=\"canonical\" href=\"https:\/\/develop.olympic.ca\/olympique\/presse\/le-coc-se-joint-au-centre-pour-le-sport-et-les-droits-de-lhomme\/\" \/>\n<meta property=\"og:locale\" content=\"fr_FR\" \/>\n<meta property=\"og:type\" content=\"article\" \/>\n<meta property=\"og:title\" content=\"Le COC se joint au Centre pour le sport et les droits de l\u2019homme - \u00c9quipe Canada | Site officiel de l&#039;\u00e9quipe olympique\" \/>\n<meta property=\"og:description\" content=\"TORONTO (23 avril 2024) \u2013 Mardi, le Comit\u00e9 olympique canadien (COC) a fi\u00e8rement annonc\u00e9 que l\u2019organisation rejoindra les rangs du...\" \/>\n<meta property=\"og:url\" content=\"https:\/\/develop.olympic.ca\/olympique\/presse\/le-coc-se-joint-au-centre-pour-le-sport-et-les-droits-de-lhomme\/\" \/>\n<meta property=\"og:site_name\" content=\"\u00c9quipe Canada | Site officiel de l&#039;\u00e9quipe olympique\" \/>\n<meta property=\"article:modified_time\" content=\"2024-04-23T14:14:07+00:00\" \/>\n<meta property=\"og:image\" content=\"https:\/\/develop.olympic.ca\/olympique\/wp-content\/uploads\/sites\/2\/2022\/06\/WEB_COC_COMMUNIQUE.jpg?quality=100\" \/>\n\t<meta property=\"og:image:width\" content=\"5584\" \/>\n\t<meta property=\"og:image:height\" content=\"3143\" \/>\n\t<meta property=\"og:image:type\" content=\"image\/jpeg\" \/>\n<meta name=\"twitter:card\" content=\"summary_large_image\" \/>\n<meta name=\"twitter:label1\" content=\"Est. reading time\" \/>\n\t<meta name=\"twitter:data1\" content=\"3 minutes\" \/>\n\t<meta name=\"twitter:label2\" content=\"Written by\" \/>\n\t<meta name=\"twitter:data2\" content=\"sjsokol\" \/>\n<script type=\"application\/ld+json\" class=\"yoast-schema-graph\">{\"@context\":\"https:\\\/\\\/schema.org\",\"@graph\":[{\"@type\":\"WebPage\",\"@id\":\"https:\\\/\\\/develop.olympic.ca\\\/olympique\\\/presse\\\/le-coc-se-joint-au-centre-pour-le-sport-et-les-droits-de-lhomme\\\/\",\"url\":\"https:\\\/\\\/develop.olympic.ca\\\/olympique\\\/presse\\\/le-coc-se-joint-au-centre-pour-le-sport-et-les-droits-de-lhomme\\\/\",\"name\":\"Le COC se joint au Centre pour le sport et les droits de l\u2019homme - \u00c9quipe Canada | Site officiel de l&#039;\u00e9quipe olympique\",\"isPartOf\":{\"@id\":\"https:\\\/\\\/develop.olympic.ca\\\/olympique\\\/#website\"},\"primaryImageOfPage\":{\"@id\":\"https:\\\/\\\/develop.olympic.ca\\\/olympique\\\/presse\\\/le-coc-se-joint-au-centre-pour-le-sport-et-les-droits-de-lhomme\\\/#primaryimage\"},\"image\":{\"@id\":\"https:\\\/\\\/develop.olympic.ca\\\/olympique\\\/presse\\\/le-coc-se-joint-au-centre-pour-le-sport-et-les-droits-de-lhomme\\\/#primaryimage\"},\"thumbnailUrl\":\"https:\\\/\\\/develop.olympic.ca\\\/olympique\\\/wp-content\\\/uploads\\\/sites\\\/2\\\/2022\\\/06\\\/WEB_COC_COMMUNIQUE.jpg?quality=100\",\"datePublished\":\"2024-04-21T12:55:55+00:00\",\"dateModified\":\"2024-04-23T14:14:07+00:00\",\"inLanguage\":\"fr-FR\",\"potentialAction\":[{\"@type\":\"ReadAction\",\"target\":[\"https:\\\/\\\/develop.olympic.ca\\\/olympique\\\/presse\\\/le-coc-se-joint-au-centre-pour-le-sport-et-les-droits-de-lhomme\\\/\"]}]},{\"@type\":\"ImageObject\",\"inLanguage\":\"fr-FR\",\"@id\":\"https:\\\/\\\/develop.olympic.ca\\\/olympique\\\/presse\\\/le-coc-se-joint-au-centre-pour-le-sport-et-les-droits-de-lhomme\\\/#primaryimage\",\"url\":\"https:\\\/\\\/develop.olympic.ca\\\/olympique\\\/wp-content\\\/uploads\\\/sites\\\/2\\\/2022\\\/06\\\/WEB_COC_COMMUNIQUE.jpg?quality=100\",\"contentUrl\":\"https:\\\/\\\/develop.olympic.ca\\\/olympique\\\/wp-content\\\/uploads\\\/sites\\\/2\\\/2022\\\/06\\\/WEB_COC_COMMUNIQUE.jpg?quality=100\",\"width\":5584,\"height\":3143,\"caption\":\"coc logo communique\"},{\"@type\":\"WebSite\",\"@id\":\"https:\\\/\\\/develop.olympic.ca\\\/olympique\\\/#website\",\"url\":\"https:\\\/\\\/develop.olympic.ca\\\/olympique\\\/\",\"name\":\"\u00c9quipe Canada | Site officiel de l&#039;\u00e9quipe olympique\",\"description\":\"Votre source pour l\u2019\u00c9quipe olympique canadienne. Retrouvez les r\u00e9cits, vid\u00e9os et photos des athl\u00e8tes canadiens, sports olympiques, Jeux olympiques de 2020 et bien plus!\",\"potentialAction\":[{\"@type\":\"SearchAction\",\"target\":{\"@type\":\"EntryPoint\",\"urlTemplate\":\"https:\\\/\\\/develop.olympic.ca\\\/olympique\\\/?s={search_term_string}\"},\"query-input\":{\"@type\":\"PropertyValueSpecification\",\"valueRequired\":true,\"valueName\":\"search_term_string\"}}],\"inLanguage\":\"fr-FR\"}]}<\/script>\n<!-- \/ Yoast SEO plugin. -->","yoast_head_json":{"title":"Le COC se joint au Centre pour le sport et les droits de l\u2019homme - \u00c9quipe Canada | Site officiel de l&#039;\u00e9quipe olympique","robots":{"index":"index","follow":"follow","max-snippet":"max-snippet:-1","max-image-preview":"max-image-preview:large","max-video-preview":"max-video-preview:-1"},"canonical":"https:\/\/develop.olympic.ca\/olympique\/presse\/le-coc-se-joint-au-centre-pour-le-sport-et-les-droits-de-lhomme\/","og_locale":"fr_FR","og_type":"article","og_title":"Le COC se joint au Centre pour le sport et les droits de l\u2019homme - \u00c9quipe Canada | Site officiel de l&#039;\u00e9quipe olympique","og_description":"TORONTO (23 avril 2024) \u2013 Mardi, le Comit\u00e9 olympique canadien (COC) a fi\u00e8rement annonc\u00e9 que l\u2019organisation rejoindra les rangs du...","og_url":"https:\/\/develop.olympic.ca\/olympique\/presse\/le-coc-se-joint-au-centre-pour-le-sport-et-les-droits-de-lhomme\/","og_site_name":"\u00c9quipe Canada | Site officiel de l&#039;\u00e9quipe olympique","article_modified_time":"2024-04-23T14:14:07+00:00","og_image":[{"width":5584,"height":3143,"url":"https:\/\/develop.olympic.ca\/olympique\/wp-content\/uploads\/sites\/2\/2022\/06\/WEB_COC_COMMUNIQUE.jpg?quality=100","type":"image\/jpeg"}],"twitter_card":"summary_large_image","twitter_misc":{"Est. reading time":"3 minutes","Written by":"sjsokol"},"schema":{"@context":"https:\/\/schema.org","@graph":[{"@type":"WebPage","@id":"https:\/\/develop.olympic.ca\/olympique\/presse\/le-coc-se-joint-au-centre-pour-le-sport-et-les-droits-de-lhomme\/","url":"https:\/\/develop.olympic.ca\/olympique\/presse\/le-coc-se-joint-au-centre-pour-le-sport-et-les-droits-de-lhomme\/","name":"Le COC se joint au Centre pour le sport et les droits de l\u2019homme - \u00c9quipe Canada | Site officiel de l&#039;\u00e9quipe olympique","isPartOf":{"@id":"https:\/\/develop.olympic.ca\/olympique\/#website"},"primaryImageOfPage":{"@id":"https:\/\/develop.olympic.ca\/olympique\/presse\/le-coc-se-joint-au-centre-pour-le-sport-et-les-droits-de-lhomme\/#primaryimage"},"image":{"@id":"https:\/\/develop.olympic.ca\/olympique\/presse\/le-coc-se-joint-au-centre-pour-le-sport-et-les-droits-de-lhomme\/#primaryimage"},"thumbnailUrl":"https:\/\/develop.olympic.ca\/olympique\/wp-content\/uploads\/sites\/2\/2022\/06\/WEB_COC_COMMUNIQUE.jpg?quality=100","datePublished":"2024-04-21T12:55:55+00:00","dateModified":"2024-04-23T14:14:07+00:00","inLanguage":"fr-FR","potentialAction":[{"@type":"ReadAction","target":["https:\/\/develop.olympic.ca\/olympique\/presse\/le-coc-se-joint-au-centre-pour-le-sport-et-les-droits-de-lhomme\/"]}]},{"@type":"ImageObject","inLanguage":"fr-FR","@id":"https:\/\/develop.olympic.ca\/olympique\/presse\/le-coc-se-joint-au-centre-pour-le-sport-et-les-droits-de-lhomme\/#primaryimage","url":"https:\/\/develop.olympic.ca\/olympique\/wp-content\/uploads\/sites\/2\/2022\/06\/WEB_COC_COMMUNIQUE.jpg?quality=100","contentUrl":"https:\/\/develop.olympic.ca\/olympique\/wp-content\/uploads\/sites\/2\/2022\/06\/WEB_COC_COMMUNIQUE.jpg?quality=100","width":5584,"height":3143,"caption":"coc logo communique"},{"@type":"WebSite","@id":"https:\/\/develop.olympic.ca\/olympique\/#website","url":"https:\/\/develop.olympic.ca\/olympique\/","name":"\u00c9quipe Canada | Site officiel de l&#039;\u00e9quipe olympique","description":"Votre source pour l\u2019\u00c9quipe olympique canadienne. Retrouvez les r\u00e9cits, vid\u00e9os et photos des athl\u00e8tes canadiens, sports olympiques, Jeux olympiques de 2020 et bien plus!","potentialAction":[{"@type":"SearchAction","target":{"@type":"EntryPoint","urlTemplate":"https:\/\/develop.olympic.ca\/olympique\/?s={search_term_string}"},"query-input":{"@type":"PropertyValueSpecification","valueRequired":true,"valueName":"search_term_string"}}],"inLanguage":"fr-FR"}]}},"jetpack_sharing_enabled":true,"_links":{"self":[{"href":"https:\/\/develop.olympic.ca\/olympique\/wp-json\/wp\/v2\/press\/241463","targetHints":{"allow":["GET"]}}],"collection":[{"href":"https:\/\/develop.olympic.ca\/olympique\/wp-json\/wp\/v2\/press"}],"about":[{"href":"https:\/\/develop.olympic.ca\/olympique\/wp-json\/wp\/v2\/types\/press"}],"version-history":[{"count":5,"href":"https:\/\/develop.olympic.ca\/olympique\/wp-json\/wp\/v2\/press\/241463\/revisions"}],"predecessor-version":[{"id":241573,"href":"https:\/\/develop.olympic.ca\/olympique\/wp-json\/wp\/v2\/press\/241463\/revisions\/241573"}],"wp:featuredmedia":[{"embeddable":true,"href":"https:\/\/develop.olympic.ca\/olympique\/wp-json\/wp\/v2\/media\/209306"}],"wp:attachment":[{"href":"https:\/\/develop.olympic.ca\/olympique\/wp-json\/wp\/v2\/media?parent=241463"}],"wp:term":[{"taxonomy":"post_tag","embeddable":true,"href":"https:\/\/develop.olympic.ca\/olympique\/wp-json\/wp\/v2\/tags?post=241463"},{"taxonomy":"type-of-press","embeddable":true,"href":"https:\/\/develop.olympic.ca\/olympique\/wp-json\/wp\/v2\/type-of-press?post=241463"},{"taxonomy":"press-topic","embeddable":true,"href":"https:\/\/develop.olympic.ca\/olympique\/wp-json\/wp\/v2\/press-topic?post=241463"},{"taxonomy":"years","embeddable":true,"href":"https:\/\/develop.olympic.ca\/olympique\/wp-json\/wp\/v2\/years?post=241463"}],"curies":[{"name":"wp","href":"https:\/\/api.w.org\/{rel}","templated":true}]}}