{"id":241559,"date":"2024-04-23T11:00:00","date_gmt":"2024-04-23T15:00:00","guid":{"rendered":"https:\/\/develop.olympic.ca\/olympique\/?post_type=press&#038;p=241559"},"modified":"2024-04-23T12:06:29","modified_gmt":"2024-04-23T16:06:29","slug":"les-athletes-de-taekwondo-sont-les-premiers-membres-nommes-au-sein-de-lequipe-olympique-canadienne-pour-les-jeux-de-paris-2024","status":"publish","type":"press","link":"https:\/\/develop.olympic.ca\/olympique\/presse\/les-athletes-de-taekwondo-sont-les-premiers-membres-nommes-au-sein-de-lequipe-olympique-canadienne-pour-les-jeux-de-paris-2024\/","title":{"rendered":"Les athl\u00e8tes de taekwondo sont les premiers membres nomm\u00e9s au sein de l\u2019\u00c9quipe olympique canadienne pour les Jeux de Paris 2024"},"content":{"rendered":"\n<p class=\"wp-block-paragraph\">TORONTO (23 avril 2024) &#8211; Taekwondo Canada et le Comit\u00e9 olympique canadien ont d\u00e9voil\u00e9 le nom des premiers athl\u00e8tes nomm\u00e9s au sein d\u2019\u00c9quipe Canada pour les Jeux olympiques de Paris 2024. Ces athl\u00e8tes sont :<br><br><a href=\"https:\/\/develop.olympic.ca\/olympique\/team-canada\/josipa-kafadar\/\">Josipa Kafadar<\/a> (Burnaby, C.-B.) -49 kg, femmes<br><a href=\"https:\/\/develop.olympic.ca\/olympique\/team-canada\/skylar-park\/\">Skylar Park<\/a> (Winnipeg, MB) -57 kg, femmes<br><br>Skylar Park s\u2019est qualifi\u00e9e pour les Jeux de Paris 2024 en finissant troisi\u00e8me au classement olympique de World Taekwondo chez les -57 kg \u00e0 la fin de l\u2019ann\u00e9e 2023. L\u2019athl\u00e8te de 25 ans, dont l\u2019entra\u00eeneur Jae Park est aussi son p\u00e8re, en sera \u00e0 sa deuxi\u00e8me pr\u00e9sence aux Jeux olympiques. Elle a atteint les quarts de finale \u00e0 sa premi\u00e8re apparition olympique aux Jeux de Tokyo 2020. Park a connu une excellente saison 2023, remportant l\u2019or \u00e0 cinq comp\u00e9titions diff\u00e9rentes, alors qu\u2019elle a notamment d\u00e9croch\u00e9 la premi\u00e8re victoire de sa carri\u00e8re sur le circuit du Grand Prix de World Taekwondo. Elle s\u2019est aussi impos\u00e9e aux Jeux panam\u00e9ricains de Santiago 2023, r\u00e9coltant du m\u00eame coup de pr\u00e9cieux points de classement qui lui ont valu sa qualification olympique.<\/p>\n\n\n\n<p class=\"wp-block-paragraph\">En 2019, Park a remport\u00e9 le bronze dans la cat\u00e9gorie des -57 kg aux Championnats du monde de World Taekwondo, montant sur son premier podium de Championnats du monde seniors, de m\u00eame que l\u2019argent dans la m\u00eame cat\u00e9gorie aux Jeux panam\u00e9ricains de Lima 2019. Park l\u2019a emport\u00e9 chez les -59 kg aux Championnats du monde juniors de World Taekwondo 2016 devant une foule partisane \u00e0 Burnaby en Colombie-Britannique, qui l\u2019a propuls\u00e9e vers le niveau de succ\u00e8s qu\u2019elle a connu dans les ann\u00e9es qui ont suivi.<\/p>\n\n\n\n<p class=\"wp-block-paragraph\">\u00ab Avoir l\u2019honneur de repr\u00e9senter le Canada sur n\u2019importe quelle sc\u00e8ne est toujours un privil\u00e8ge incroyable, mais d\u2019avoir l\u2019occasion de repr\u00e9senter notre pays sur la plus importante sc\u00e8ne sportive au monde est tellement sp\u00e9cial, raconte Park. Mon \u00e9quipe et moi sommes extr\u00eamement fiers et reconnaissants de cette deuxi\u00e8me qualification olympique. J\u2019ai vraiment h\u00e2te de combattre pour monter sur la plus haute marche du podium \u00e0 Paris! \u00bb<\/p>\n\n\n\n<p class=\"wp-block-paragraph\">Josipa Kafadar a termin\u00e9 parmi les deux meilleures de l\u2019\u00e9preuve f\u00e9minine des -49 kg au Tournoi de qualification olympique de la zone panam\u00e9ricaine en R\u00e9publique dominicaine plus t\u00f4t ce mois-ci, pour ainsi se qualifier pour ses premiers Jeux olympiques. Plus t\u00f4t cette ann\u00e9e, elle a d\u00e9croch\u00e9 des m\u00e9dailles de bronze \u00e0 l\u2019Open du Canada et celui des \u00c9tats-Unis, apr\u00e8s avoir rafl\u00e9 l\u2019or \u00e0 l\u2019Open du Luxembourg et l\u2019Open britannique en 2023. Elle a atteint les quarts de finale des premiers Jeux panam\u00e9ricains juniors qui ont eu lieu en 2021 \u00e0 Cali, en Colombie, trois ans apr\u00e8s avoir\u00a0 remport\u00e9 l\u2019argent dans la cat\u00e9gorie des -49 kg aux Championnats du monde juniors de World Taekwondo 2018.<br><br>\u00ab Faire partie de l\u2019\u00c9quipe olympique canadienne a toujours \u00e9t\u00e9 l\u2019un de mes plus grands r\u00eaves, a d\u00e9clar\u00e9 Kafadar. C\u2019est un objectif que je vise depuis aussi longtemps que je me souvienne. L\u2019id\u00e9e de repr\u00e9senter mon pays \u00e0 un \u00e9v\u00e9nement aussi important me rend incroyablement fi\u00e8re et motiv\u00e9e. Maintenant, mon r\u00eave olympique va devenir r\u00e9alit\u00e9 aux Jeux de Paris 2024. \u00bb<br><br>Les \u00e9preuves de taekwondo se d\u00e9rouleront du 7 au 10 ao\u00fbt (Jour 12 \u00e0 15) au Grand Palais. Kafadar disputera son \u00e9preuve le 7 ao\u00fbt (Jour 12) tandis que Park sera de la partie le 8 ao\u00fbt (Jour 13).<br><br>\u00ab Le processus de qualification olympique pour le taekwondo est extr\u00eamement compliqu\u00e9, et le fait que nous avons obtenu des places de quota autant par l\u2019entremise du classement olympique que du Tournoi de qualification continentale a mis en \u00e9vidence la constance de Skylar sur la sc\u00e8ne mondiale et la capacit\u00e9 de\u00a0 performance sur demande de Josipa, a not\u00e9 le D<sup>r<\/sup> Allan Wrigley, directeur de la haute performance \u00e0 Taekwondo Canada. Les entra\u00eeneurs Jae et Dan ont fait un travail exceptionnel pour permettre \u00e0 ces athl\u00e8tes d\u2019atteindre un tel niveau de performance et ils font actuellement bonne route dans la pr\u00e9paration de leurs athl\u00e8tes \u00e0 r\u00e9aliser leur r\u00eave olympique d\u2019acc\u00e9der au podium et de repr\u00e9senter le Canada \u00e0 Paris. \u00bb<\/p>\n\n\n\n<p class=\"wp-block-paragraph\">La formation de taekwondo d\u2019\u00c9quipe Canada pour les Jeux olympiques de Paris 2024 comprend aussi les entra\u00eeneurs et membres du personnel de soutien suivants :<br><br>Shane Britton (Surrey, C.-B.) \u2013 Partenaire d\u2019entra\u00eenement<br>Jae Park (Winnipeg, MB) &#8211; Entra\u00eeneur<br>Tae-Ku Park (Winnipeg, MB) &#8211; Partenaire d\u2019entra\u00eenement<br>Daniel Thornton (Courtenay, C.-B.) &#8211; Entra\u00eeneur<br>Allan Wrigley (Sooke, C.-B.) \u2013 Chef d\u2019\u00e9quipe<br><br>\u00ab Taekwondo Canada est tellement fier de l\u2019\u00e9quipe que nous envoyons \u00e0 Paris. Skylar Park et Josipa Kafadar ont toutes les deux travaill\u00e9 fort pour r\u00e9aliser leur r\u00eave olympique et je sais que tous les Canadiens vont les encourager, a d\u00e9clar\u00e9 Dave Harris, directeur g\u00e9n\u00e9ral de Taekwondo Canada. Il faut aussi donner une bonne part du cr\u00e9dit \u00e0 Jae Park, l\u2019entra\u00eeneur et p\u00e8re de Skylar, ainsi qu\u2019\u00e0 l\u2019entra\u00eeneur de Josipa, Dan Thornton. Taekwondo Canada ne pourrait \u00eatre plus emball\u00e9 de tous les voir sur la plus grande sc\u00e8ne sportive au monde et nous leur souhaitons beaucoup de succ\u00e8s. \u00bb<\/p>\n\n\n\n<p class=\"wp-block-paragraph\">\u00ab F\u00e9licitations \u00e0 Josipa et Skylar, les deux premi\u00e8res athl\u00e8tes nomm\u00e9es avec \u00c9quipe Canada pour Paris 2024! Je suis incroyablement enthousiaste \u00e0 l\u2019id\u00e9e d\u2019accompagner ces athl\u00e8tes dans la r\u00e9alisation de leurs r\u00eaves et de vivre cette aventure \u00e0 leurs c\u00f4t\u00e9s. J\u2019ai tr\u00e8s h\u00e2te de voir briller les couleurs du Canada \u00e0 Paris \u00bb, a d\u00e9clar\u00e9 Bruny Surin, chef de mission d\u2019\u00c9quipe Canada pour les Jeux de Paris 2024.<br><br>Le taekwondo fait partie du programme olympique depuis Sydney 2000. Jusqu\u2019ici, \u00c9quipe Canada a remport\u00e9 deux m\u00e9dailles olympiques dans ce sport \u2013 une de bronze par Dominique Bosshart \u00e0 Sydney en 2000 et une d\u2019argent par Karine Sergerie \u00e0 Beijing en 2008.<\/p>\n\n\n\n<p class=\"wp-block-paragraph\">Avant d\u2019\u00eatre confirm\u00e9s comme membres d\u2019\u00c9quipe Canada, tous les athl\u00e8tes nomm\u00e9s sont soumis \u00e0 l\u2019approbation du comit\u00e9 de s\u00e9lection de l\u2019\u00e9quipe du Comit\u00e9 olympique canadien quand toutes les nominations ont \u00e9t\u00e9 re\u00e7ues des organismes nationaux de sport.<\/p>\n\n\n\n<p class=\"has-text-align-center wp-block-paragraph\">-30-<\/p>\n\n\n\n<p class=\"wp-block-paragraph\">CONTACTS POUR LES M\u00c9DIAS<\/p>\n\n\n\n<p class=\"wp-block-paragraph\">David Harris, directeur g\u00e9n\u00e9ral<br>Taekwondo Canada<br>T\u00e9l. : 613-695-5425 \/ Cell. : 519-859-7410<br>Courriel : <a href=\"mailto:dharris@taekwondo-canada.com\">dharris@taekwondo-canada.com<\/a><\/p>\n\n\n\n<p class=\"wp-block-paragraph\">Tara MacBournie, gestionnaire de programme, communications sportives<br>Comit\u00e9 olympique canadien<br>Cell. : 647-522-8328<br>Courriel : <a href=\"mailto:tmacbournie@olympique.ca\">tmacbournie@olympique.ca<\/a><\/p>\n","protected":false},"excerpt":{"rendered":"<p>TORONTO (23 avril 2024) &#8211; Taekwondo Canada et le Comit\u00e9 olympique canadien ont d\u00e9voil\u00e9 le nom des premiers athl\u00e8tes nomm\u00e9s&#8230;<\/p>\n","protected":false},"featured_media":241545,"template":"","format":"standard","tags":[],"type-of-press":[496138],"press-topic":[682165168],"years":[682166484],"class_list":["post-241559","press","type-press","status-publish","format-standard","has-post-thumbnail","hentry","type-of-press-communiques","press-topic-paris-2024","years-682166484"],"acf":[],"yoast_head":"<!-- This site is optimized with the Yoast SEO plugin v27.3 - https:\/\/yoast.com\/product\/yoast-seo-wordpress\/ -->\n<title>Les athl\u00e8tes de taekwondo sont les premiers membres nomm\u00e9s au sein de l\u2019\u00c9quipe olympique canadienne pour les Jeux de Paris 2024 - \u00c9quipe Canada | Site officiel de l&#039;\u00e9quipe olympique<\/title>\n<meta name=\"description\" content=\"Taekwondo Canada et le Comit\u00e9 olympique canadien ont d\u00e9voil\u00e9 le nom des premiers athl\u00e8tes nomm\u00e9s au sein d\u2019\u00c9quipe Canada pour les Jeux olympiques de Paris 2024. Ces athl\u00e8tes sont :\" \/>\n<meta name=\"robots\" content=\"index, follow, max-snippet:-1, max-image-preview:large, max-video-preview:-1\" \/>\n<link rel=\"canonical\" href=\"https:\/\/develop.olympic.ca\/olympique\/presse\/les-athletes-de-taekwondo-sont-les-premiers-membres-nommes-au-sein-de-lequipe-olympique-canadienne-pour-les-jeux-de-paris-2024\/\" \/>\n<meta property=\"og:locale\" content=\"fr_FR\" \/>\n<meta property=\"og:type\" content=\"article\" \/>\n<meta property=\"og:title\" content=\"Les athl\u00e8tes de taekwondo sont les premiers membres nomm\u00e9s au sein de l\u2019\u00c9quipe olympique canadienne pour les Jeux de Paris 2024 - \u00c9quipe Canada | Site officiel de l&#039;\u00e9quipe olympique\" \/>\n<meta property=\"og:description\" content=\"Taekwondo Canada et le Comit\u00e9 olympique canadien ont d\u00e9voil\u00e9 le nom des premiers athl\u00e8tes nomm\u00e9s au sein d\u2019\u00c9quipe Canada pour les Jeux olympiques de Paris 2024. Ces athl\u00e8tes sont :\" \/>\n<meta property=\"og:url\" content=\"https:\/\/develop.olympic.ca\/olympique\/presse\/les-athletes-de-taekwondo-sont-les-premiers-membres-nommes-au-sein-de-lequipe-olympique-canadienne-pour-les-jeux-de-paris-2024\/\" \/>\n<meta property=\"og:site_name\" content=\"\u00c9quipe Canada | Site officiel de l&#039;\u00e9quipe olympique\" \/>\n<meta property=\"article:modified_time\" content=\"2024-04-23T16:06:29+00:00\" \/>\n<meta property=\"og:image\" content=\"https:\/\/develop.olympic.ca\/olympique\/wp-content\/uploads\/sites\/2\/2024\/04\/TKW-FEATURE-IMAGE.jpg?quality=100\" \/>\n\t<meta property=\"og:image:width\" content=\"2048\" \/>\n\t<meta property=\"og:image:height\" content=\"1157\" \/>\n\t<meta property=\"og:image:type\" content=\"image\/jpeg\" \/>\n<meta name=\"twitter:card\" content=\"summary_large_image\" \/>\n<meta name=\"twitter:label1\" content=\"Est. reading time\" \/>\n\t<meta name=\"twitter:data1\" content=\"6 minutes\" \/>\n\t<meta name=\"twitter:label2\" content=\"Written by\" \/>\n\t<meta name=\"twitter:data2\" content=\"acloux\" \/>\n<script type=\"application\/ld+json\" class=\"yoast-schema-graph\">{\"@context\":\"https:\\\/\\\/schema.org\",\"@graph\":[{\"@type\":\"WebPage\",\"@id\":\"https:\\\/\\\/develop.olympic.ca\\\/olympique\\\/presse\\\/les-athletes-de-taekwondo-sont-les-premiers-membres-nommes-au-sein-de-lequipe-olympique-canadienne-pour-les-jeux-de-paris-2024\\\/\",\"url\":\"https:\\\/\\\/develop.olympic.ca\\\/olympique\\\/presse\\\/les-athletes-de-taekwondo-sont-les-premiers-membres-nommes-au-sein-de-lequipe-olympique-canadienne-pour-les-jeux-de-paris-2024\\\/\",\"name\":\"Les athl\u00e8tes de taekwondo sont les premiers membres nomm\u00e9s au sein de l\u2019\u00c9quipe olympique canadienne pour les Jeux de Paris 2024 - \u00c9quipe Canada | Site officiel de l&#039;\u00e9quipe olympique\",\"isPartOf\":{\"@id\":\"https:\\\/\\\/develop.olympic.ca\\\/olympique\\\/#website\"},\"primaryImageOfPage\":{\"@id\":\"https:\\\/\\\/develop.olympic.ca\\\/olympique\\\/presse\\\/les-athletes-de-taekwondo-sont-les-premiers-membres-nommes-au-sein-de-lequipe-olympique-canadienne-pour-les-jeux-de-paris-2024\\\/#primaryimage\"},\"image\":{\"@id\":\"https:\\\/\\\/develop.olympic.ca\\\/olympique\\\/presse\\\/les-athletes-de-taekwondo-sont-les-premiers-membres-nommes-au-sein-de-lequipe-olympique-canadienne-pour-les-jeux-de-paris-2024\\\/#primaryimage\"},\"thumbnailUrl\":\"https:\\\/\\\/develop.olympic.ca\\\/olympique\\\/wp-content\\\/uploads\\\/sites\\\/2\\\/2024\\\/04\\\/TKW-FEATURE-IMAGE.jpg?quality=100\",\"datePublished\":\"2024-04-23T15:00:00+00:00\",\"dateModified\":\"2024-04-23T16:06:29+00:00\",\"description\":\"Taekwondo Canada et le Comit\u00e9 olympique canadien ont d\u00e9voil\u00e9 le nom des premiers athl\u00e8tes nomm\u00e9s au sein d\u2019\u00c9quipe Canada pour les Jeux olympiques de Paris 2024. Ces athl\u00e8tes sont :\",\"inLanguage\":\"fr-FR\",\"potentialAction\":[{\"@type\":\"ReadAction\",\"target\":[\"https:\\\/\\\/develop.olympic.ca\\\/olympique\\\/presse\\\/les-athletes-de-taekwondo-sont-les-premiers-membres-nommes-au-sein-de-lequipe-olympique-canadienne-pour-les-jeux-de-paris-2024\\\/\"]}]},{\"@type\":\"ImageObject\",\"inLanguage\":\"fr-FR\",\"@id\":\"https:\\\/\\\/develop.olympic.ca\\\/olympique\\\/presse\\\/les-athletes-de-taekwondo-sont-les-premiers-membres-nommes-au-sein-de-lequipe-olympique-canadienne-pour-les-jeux-de-paris-2024\\\/#primaryimage\",\"url\":\"https:\\\/\\\/develop.olympic.ca\\\/olympique\\\/wp-content\\\/uploads\\\/sites\\\/2\\\/2024\\\/04\\\/TKW-FEATURE-IMAGE.jpg?quality=100\",\"contentUrl\":\"https:\\\/\\\/develop.olympic.ca\\\/olympique\\\/wp-content\\\/uploads\\\/sites\\\/2\\\/2024\\\/04\\\/TKW-FEATURE-IMAGE.jpg?quality=100\",\"width\":2048,\"height\":1157,\"caption\":\"Montage photo avec Skylar Park et les logos du COC, de Taekwondo Canada et de Paris 2024.\"},{\"@type\":\"WebSite\",\"@id\":\"https:\\\/\\\/develop.olympic.ca\\\/olympique\\\/#website\",\"url\":\"https:\\\/\\\/develop.olympic.ca\\\/olympique\\\/\",\"name\":\"\u00c9quipe Canada | Site officiel de l&#039;\u00e9quipe olympique\",\"description\":\"Votre source pour l\u2019\u00c9quipe olympique canadienne. Retrouvez les r\u00e9cits, vid\u00e9os et photos des athl\u00e8tes canadiens, sports olympiques, Jeux olympiques de 2020 et bien plus!\",\"potentialAction\":[{\"@type\":\"SearchAction\",\"target\":{\"@type\":\"EntryPoint\",\"urlTemplate\":\"https:\\\/\\\/develop.olympic.ca\\\/olympique\\\/?s={search_term_string}\"},\"query-input\":{\"@type\":\"PropertyValueSpecification\",\"valueRequired\":true,\"valueName\":\"search_term_string\"}}],\"inLanguage\":\"fr-FR\"}]}<\/script>\n<!-- \/ Yoast SEO plugin. -->","yoast_head_json":{"title":"Les athl\u00e8tes de taekwondo sont les premiers membres nomm\u00e9s au sein de l\u2019\u00c9quipe olympique canadienne pour les Jeux de Paris 2024 - \u00c9quipe Canada | Site officiel de l&#039;\u00e9quipe olympique","description":"Taekwondo Canada et le Comit\u00e9 olympique canadien ont d\u00e9voil\u00e9 le nom des premiers athl\u00e8tes nomm\u00e9s au sein d\u2019\u00c9quipe Canada pour les Jeux olympiques de Paris 2024. Ces athl\u00e8tes sont :","robots":{"index":"index","follow":"follow","max-snippet":"max-snippet:-1","max-image-preview":"max-image-preview:large","max-video-preview":"max-video-preview:-1"},"canonical":"https:\/\/develop.olympic.ca\/olympique\/presse\/les-athletes-de-taekwondo-sont-les-premiers-membres-nommes-au-sein-de-lequipe-olympique-canadienne-pour-les-jeux-de-paris-2024\/","og_locale":"fr_FR","og_type":"article","og_title":"Les athl\u00e8tes de taekwondo sont les premiers membres nomm\u00e9s au sein de l\u2019\u00c9quipe olympique canadienne pour les Jeux de Paris 2024 - \u00c9quipe Canada | Site officiel de l&#039;\u00e9quipe olympique","og_description":"Taekwondo Canada et le Comit\u00e9 olympique canadien ont d\u00e9voil\u00e9 le nom des premiers athl\u00e8tes nomm\u00e9s au sein d\u2019\u00c9quipe Canada pour les Jeux olympiques de Paris 2024. Ces athl\u00e8tes sont :","og_url":"https:\/\/develop.olympic.ca\/olympique\/presse\/les-athletes-de-taekwondo-sont-les-premiers-membres-nommes-au-sein-de-lequipe-olympique-canadienne-pour-les-jeux-de-paris-2024\/","og_site_name":"\u00c9quipe Canada | Site officiel de l&#039;\u00e9quipe olympique","article_modified_time":"2024-04-23T16:06:29+00:00","og_image":[{"width":2048,"height":1157,"url":"https:\/\/develop.olympic.ca\/olympique\/wp-content\/uploads\/sites\/2\/2024\/04\/TKW-FEATURE-IMAGE.jpg?quality=100","type":"image\/jpeg"}],"twitter_card":"summary_large_image","twitter_misc":{"Est. reading time":"6 minutes","Written by":"acloux"},"schema":{"@context":"https:\/\/schema.org","@graph":[{"@type":"WebPage","@id":"https:\/\/develop.olympic.ca\/olympique\/presse\/les-athletes-de-taekwondo-sont-les-premiers-membres-nommes-au-sein-de-lequipe-olympique-canadienne-pour-les-jeux-de-paris-2024\/","url":"https:\/\/develop.olympic.ca\/olympique\/presse\/les-athletes-de-taekwondo-sont-les-premiers-membres-nommes-au-sein-de-lequipe-olympique-canadienne-pour-les-jeux-de-paris-2024\/","name":"Les athl\u00e8tes de taekwondo sont les premiers membres nomm\u00e9s au sein de l\u2019\u00c9quipe olympique canadienne pour les Jeux de Paris 2024 - \u00c9quipe Canada | Site officiel de l&#039;\u00e9quipe olympique","isPartOf":{"@id":"https:\/\/develop.olympic.ca\/olympique\/#website"},"primaryImageOfPage":{"@id":"https:\/\/develop.olympic.ca\/olympique\/presse\/les-athletes-de-taekwondo-sont-les-premiers-membres-nommes-au-sein-de-lequipe-olympique-canadienne-pour-les-jeux-de-paris-2024\/#primaryimage"},"image":{"@id":"https:\/\/develop.olympic.ca\/olympique\/presse\/les-athletes-de-taekwondo-sont-les-premiers-membres-nommes-au-sein-de-lequipe-olympique-canadienne-pour-les-jeux-de-paris-2024\/#primaryimage"},"thumbnailUrl":"https:\/\/develop.olympic.ca\/olympique\/wp-content\/uploads\/sites\/2\/2024\/04\/TKW-FEATURE-IMAGE.jpg?quality=100","datePublished":"2024-04-23T15:00:00+00:00","dateModified":"2024-04-23T16:06:29+00:00","description":"Taekwondo Canada et le Comit\u00e9 olympique canadien ont d\u00e9voil\u00e9 le nom des premiers athl\u00e8tes nomm\u00e9s au sein d\u2019\u00c9quipe Canada pour les Jeux olympiques de Paris 2024. Ces athl\u00e8tes sont :","inLanguage":"fr-FR","potentialAction":[{"@type":"ReadAction","target":["https:\/\/develop.olympic.ca\/olympique\/presse\/les-athletes-de-taekwondo-sont-les-premiers-membres-nommes-au-sein-de-lequipe-olympique-canadienne-pour-les-jeux-de-paris-2024\/"]}]},{"@type":"ImageObject","inLanguage":"fr-FR","@id":"https:\/\/develop.olympic.ca\/olympique\/presse\/les-athletes-de-taekwondo-sont-les-premiers-membres-nommes-au-sein-de-lequipe-olympique-canadienne-pour-les-jeux-de-paris-2024\/#primaryimage","url":"https:\/\/develop.olympic.ca\/olympique\/wp-content\/uploads\/sites\/2\/2024\/04\/TKW-FEATURE-IMAGE.jpg?quality=100","contentUrl":"https:\/\/develop.olympic.ca\/olympique\/wp-content\/uploads\/sites\/2\/2024\/04\/TKW-FEATURE-IMAGE.jpg?quality=100","width":2048,"height":1157,"caption":"Montage photo avec Skylar Park et les logos du COC, de Taekwondo Canada et de Paris 2024."},{"@type":"WebSite","@id":"https:\/\/develop.olympic.ca\/olympique\/#website","url":"https:\/\/develop.olympic.ca\/olympique\/","name":"\u00c9quipe Canada | Site officiel de l&#039;\u00e9quipe olympique","description":"Votre source pour l\u2019\u00c9quipe olympique canadienne. Retrouvez les r\u00e9cits, vid\u00e9os et photos des athl\u00e8tes canadiens, sports olympiques, Jeux olympiques de 2020 et bien plus!","potentialAction":[{"@type":"SearchAction","target":{"@type":"EntryPoint","urlTemplate":"https:\/\/develop.olympic.ca\/olympique\/?s={search_term_string}"},"query-input":{"@type":"PropertyValueSpecification","valueRequired":true,"valueName":"search_term_string"}}],"inLanguage":"fr-FR"}]}},"jetpack_sharing_enabled":true,"_links":{"self":[{"href":"https:\/\/develop.olympic.ca\/olympique\/wp-json\/wp\/v2\/press\/241559","targetHints":{"allow":["GET"]}}],"collection":[{"href":"https:\/\/develop.olympic.ca\/olympique\/wp-json\/wp\/v2\/press"}],"about":[{"href":"https:\/\/develop.olympic.ca\/olympique\/wp-json\/wp\/v2\/types\/press"}],"version-history":[{"count":6,"href":"https:\/\/develop.olympic.ca\/olympique\/wp-json\/wp\/v2\/press\/241559\/revisions"}],"predecessor-version":[{"id":241588,"href":"https:\/\/develop.olympic.ca\/olympique\/wp-json\/wp\/v2\/press\/241559\/revisions\/241588"}],"wp:featuredmedia":[{"embeddable":true,"href":"https:\/\/develop.olympic.ca\/olympique\/wp-json\/wp\/v2\/media\/241545"}],"wp:attachment":[{"href":"https:\/\/develop.olympic.ca\/olympique\/wp-json\/wp\/v2\/media?parent=241559"}],"wp:term":[{"taxonomy":"post_tag","embeddable":true,"href":"https:\/\/develop.olympic.ca\/olympique\/wp-json\/wp\/v2\/tags?post=241559"},{"taxonomy":"type-of-press","embeddable":true,"href":"https:\/\/develop.olympic.ca\/olympique\/wp-json\/wp\/v2\/type-of-press?post=241559"},{"taxonomy":"press-topic","embeddable":true,"href":"https:\/\/develop.olympic.ca\/olympique\/wp-json\/wp\/v2\/press-topic?post=241559"},{"taxonomy":"years","embeddable":true,"href":"https:\/\/develop.olympic.ca\/olympique\/wp-json\/wp\/v2\/years?post=241559"}],"curies":[{"name":"wp","href":"https:\/\/api.w.org\/{rel}","templated":true}]}}