{"id":242187,"date":"2024-05-02T09:58:00","date_gmt":"2024-05-02T13:58:00","guid":{"rendered":"https:\/\/develop.olympic.ca\/olympique\/?post_type=press&#038;p=242187"},"modified":"2024-05-02T11:06:09","modified_gmt":"2024-05-02T15:06:09","slug":"le-coc-felicite-la-nomination-de-nigara-shaheen-au-sein-de-lequipe-olympiquedes-refugies-du-cio-pour-les-jeux-de-paris-2024","status":"publish","type":"press","link":"https:\/\/develop.olympic.ca\/olympique\/presse\/le-coc-felicite-la-nomination-de-nigara-shaheen-au-sein-de-lequipe-olympiquedes-refugies-du-cio-pour-les-jeux-de-paris-2024\/","title":{"rendered":"Le COC f\u00e9licite la nomination de Nigara Shaheen au sein de l\u2019\u00c9quipe olympique des r\u00e9fugi\u00e9s du CIO pour les Jeux de Paris 2024"},"content":{"rendered":"\n<p class=\"wp-block-paragraph\">TORONTO (2 mai 2024) \u2014 Jeudi, le Comit\u00e9 international olympique (CIO) a d\u00e9voil\u00e9 les noms des 36 athl\u00e8tes qui feront partie de l\u2019\u00c9quipe olympique des r\u00e9fugi\u00e9s pour les Jeux de Paris 2024, une liste qui comprend la judoka Nigara Shaheen.<\/p>\n\n\n\n<p class=\"wp-block-paragraph\">Il s\u2019agira des deuxi\u00e8mes Jeux olympiques de Shaheen, qui est un de sept athl\u00e8tes r\u00e9fugi\u00e9s qui vivent et s\u2019entra\u00eenent au Canada. Le Comit\u00e9 olympique canadien (COC) est extr\u00eamement fier d\u2019accueillir l\u2019un des plus grands groupes de d\u00e9tenteurs de bourses de r\u00e9fugi\u00e9s dans le cadre de la Solidarit\u00e9 olympique et du Programme de soutien aux athl\u00e8tes r\u00e9fugi\u00e9s du CIO. Le COC continue de jouer un r\u00f4le important dans la d\u00e9fense de tels programmes importants, qui s\u2019inscrit dans la poursuite d\u2019un syst\u00e8me sportif s\u00e9curitaire, inclusif et sans obstacle.<\/p>\n\n\n\n<p class=\"wp-block-paragraph\">\u00ab Le Comit\u00e9 olympique canadien est ravi de voir Nigara Shaheen nomm\u00e9e au sein de l\u2019\u00c9quipe olympique des r\u00e9fugi\u00e9s du CIO pour les Jeux de Paris 2024. Shaheen est une Olympienne qui se tient pour ses convictions et elle est une porte-parole d\u00e9termin\u00e9e et impressionnante en mati\u00e8re de droits des femmes. De l\u2019Afghanistan au Canada, son parcours inspirant donne espoir aux autres, et sert de t\u00e9moignage \u00e0 la r\u00e9silience et au pouvoir transformateur du sport. Nous avons h\u00e2te de l\u2019encourager aux Jeux de Paris 2024, \u00bb a d\u00e9clar\u00e9 Tricia Smith, pr\u00e9sidente du COC.<\/p>\n\n\n\n<p class=\"wp-block-paragraph\">Appuy\u00e9e par le COC depuis janvier 2023, Shaheen s\u2019entra\u00eene actuellement en Ontario.&nbsp;<\/p>\n\n\n\n<p class=\"wp-block-paragraph\">\u00ab Les Jeux de Paris 2024 sont tr\u00e8s importants pour les athl\u00e8tes r\u00e9fugi\u00e9s, particuli\u00e8rement dans le contexte mondial actuel. C\u2019est l\u2019occasion pour nous de d\u00e9montrer que les r\u00e9fugi\u00e9s peuvent aussi \u00eatre un atout et je vais jouer cette carte \u00e0 fond \u00bb, a d\u00e9clar\u00e9 Nigara Shaheen, membre de l\u2019\u00c9quipe olympique des r\u00e9fugi\u00e9s du CIO pour les Jeux de Paris 2024.<\/p>\n\n\n\n<p class=\"has-text-align-center wp-block-paragraph\">-30-<\/p>\n\n\n\n<p class=\"wp-block-paragraph\">CONTACT POUR LES M\u00c9DIAS<\/p>\n\n\n\n<p class=\"wp-block-paragraph\">Thomas Hall<br>Directeur des communications et des relations publiques<br>Cell. : 514-709-1054<br>Courriel : <a href=\"mailto:thall@olympique.ca\">thall@olympique.ca<\/a><\/p>\n","protected":false},"excerpt":{"rendered":"<p>TORONTO (2 mai 2024) \u2014 Jeudi, le Comit\u00e9 international olympique (CIO) a d\u00e9voil\u00e9 les noms des 36 athl\u00e8tes qui feront&#8230;<\/p>\n","protected":false},"featured_media":242188,"template":"","format":"standard","tags":[],"type-of-press":[496138],"press-topic":[415985198],"years":[682166484],"class_list":["post-242187","press","type-press","status-publish","format-standard","has-post-thumbnail","hentry","type-of-press-communiques","press-topic-general","years-682166484"],"acf":[],"yoast_head":"<!-- This site is optimized with the Yoast SEO plugin v27.3 - https:\/\/yoast.com\/product\/yoast-seo-wordpress\/ -->\n<title>Le COC f\u00e9licite la nomination de Nigara Shaheen au sein de l\u2019\u00c9quipe olympique des r\u00e9fugi\u00e9s du CIO pour les Jeux de Paris 2024 - \u00c9quipe Canada | Site officiel de l&#039;\u00e9quipe olympique<\/title>\n<meta name=\"robots\" content=\"index, follow, max-snippet:-1, max-image-preview:large, max-video-preview:-1\" \/>\n<link rel=\"canonical\" href=\"https:\/\/develop.olympic.ca\/olympique\/presse\/le-coc-felicite-la-nomination-de-nigara-shaheen-au-sein-de-lequipe-olympiquedes-refugies-du-cio-pour-les-jeux-de-paris-2024\/\" \/>\n<meta property=\"og:locale\" content=\"fr_FR\" \/>\n<meta property=\"og:type\" content=\"article\" \/>\n<meta property=\"og:title\" content=\"Le COC f\u00e9licite la nomination de Nigara Shaheen au sein de l\u2019\u00c9quipe olympique des r\u00e9fugi\u00e9s du CIO pour les Jeux de Paris 2024 - \u00c9quipe Canada | Site officiel de l&#039;\u00e9quipe olympique\" \/>\n<meta property=\"og:description\" content=\"TORONTO (2 mai 2024) \u2014 Jeudi, le Comit\u00e9 international olympique (CIO) a d\u00e9voil\u00e9 les noms des 36 athl\u00e8tes qui feront...\" \/>\n<meta property=\"og:url\" content=\"https:\/\/develop.olympic.ca\/olympique\/presse\/le-coc-felicite-la-nomination-de-nigara-shaheen-au-sein-de-lequipe-olympiquedes-refugies-du-cio-pour-les-jeux-de-paris-2024\/\" \/>\n<meta property=\"og:site_name\" content=\"\u00c9quipe Canada | Site officiel de l&#039;\u00e9quipe olympique\" \/>\n<meta property=\"article:modified_time\" content=\"2024-05-02T15:06:09+00:00\" \/>\n<meta name=\"twitter:card\" content=\"summary_large_image\" \/>\n<meta name=\"twitter:image\" content=\"https:\/\/develop.olympic.ca\/olympique\/wp-content\/uploads\/sites\/2\/2024\/05\/Kg70_IJF_ShaheenNigara2-162280-1622806028-copy.jpg?quality=100\" \/>\n<meta name=\"twitter:label1\" content=\"Est. reading time\" \/>\n\t<meta name=\"twitter:data1\" content=\"2 minutes\" \/>\n\t<meta name=\"twitter:label2\" content=\"Written by\" \/>\n\t<meta name=\"twitter:data2\" content=\"acloux\" \/>\n<script type=\"application\/ld+json\" class=\"yoast-schema-graph\">{\"@context\":\"https:\\\/\\\/schema.org\",\"@graph\":[{\"@type\":\"WebPage\",\"@id\":\"https:\\\/\\\/develop.olympic.ca\\\/olympique\\\/presse\\\/le-coc-felicite-la-nomination-de-nigara-shaheen-au-sein-de-lequipe-olympiquedes-refugies-du-cio-pour-les-jeux-de-paris-2024\\\/\",\"url\":\"https:\\\/\\\/develop.olympic.ca\\\/olympique\\\/presse\\\/le-coc-felicite-la-nomination-de-nigara-shaheen-au-sein-de-lequipe-olympiquedes-refugies-du-cio-pour-les-jeux-de-paris-2024\\\/\",\"name\":\"Le COC f\u00e9licite la nomination de Nigara Shaheen au sein de l\u2019\u00c9quipe olympique des r\u00e9fugi\u00e9s du CIO pour les Jeux de Paris 2024 - \u00c9quipe Canada | Site officiel de l&#039;\u00e9quipe olympique\",\"isPartOf\":{\"@id\":\"https:\\\/\\\/develop.olympic.ca\\\/olympique\\\/#website\"},\"primaryImageOfPage\":{\"@id\":\"https:\\\/\\\/develop.olympic.ca\\\/olympique\\\/presse\\\/le-coc-felicite-la-nomination-de-nigara-shaheen-au-sein-de-lequipe-olympiquedes-refugies-du-cio-pour-les-jeux-de-paris-2024\\\/#primaryimage\"},\"image\":{\"@id\":\"https:\\\/\\\/develop.olympic.ca\\\/olympique\\\/presse\\\/le-coc-felicite-la-nomination-de-nigara-shaheen-au-sein-de-lequipe-olympiquedes-refugies-du-cio-pour-les-jeux-de-paris-2024\\\/#primaryimage\"},\"thumbnailUrl\":\"https:\\\/\\\/develop.olympic.ca\\\/olympique\\\/wp-content\\\/uploads\\\/sites\\\/2\\\/2024\\\/05\\\/Kg70_IJF_ShaheenNigara2-162280-1622806028-copy.jpg?quality=100\",\"datePublished\":\"2024-05-02T13:58:00+00:00\",\"dateModified\":\"2024-05-02T15:06:09+00:00\",\"inLanguage\":\"fr-FR\",\"potentialAction\":[{\"@type\":\"ReadAction\",\"target\":[\"https:\\\/\\\/develop.olympic.ca\\\/olympique\\\/presse\\\/le-coc-felicite-la-nomination-de-nigara-shaheen-au-sein-de-lequipe-olympiquedes-refugies-du-cio-pour-les-jeux-de-paris-2024\\\/\"]}]},{\"@type\":\"ImageObject\",\"inLanguage\":\"fr-FR\",\"@id\":\"https:\\\/\\\/develop.olympic.ca\\\/olympique\\\/presse\\\/le-coc-felicite-la-nomination-de-nigara-shaheen-au-sein-de-lequipe-olympiquedes-refugies-du-cio-pour-les-jeux-de-paris-2024\\\/#primaryimage\",\"url\":\"https:\\\/\\\/develop.olympic.ca\\\/olympique\\\/wp-content\\\/uploads\\\/sites\\\/2\\\/2024\\\/05\\\/Kg70_IJF_ShaheenNigara2-162280-1622806028-copy.jpg?quality=100\",\"contentUrl\":\"https:\\\/\\\/develop.olympic.ca\\\/olympique\\\/wp-content\\\/uploads\\\/sites\\\/2\\\/2024\\\/05\\\/Kg70_IJF_ShaheenNigara2-162280-1622806028-copy.jpg?quality=100\",\"width\":7098,\"height\":3993,\"caption\":\"Le COC f\u00e9licite la nomination de Nigara Shaheen au sein de l\u2019\u00c9quipe olympique des r\u00e9fugi\u00e9s du CIO pour les Jeux de Paris 2024\"},{\"@type\":\"WebSite\",\"@id\":\"https:\\\/\\\/develop.olympic.ca\\\/olympique\\\/#website\",\"url\":\"https:\\\/\\\/develop.olympic.ca\\\/olympique\\\/\",\"name\":\"\u00c9quipe Canada | Site officiel de l&#039;\u00e9quipe olympique\",\"description\":\"Votre source pour l\u2019\u00c9quipe olympique canadienne. Retrouvez les r\u00e9cits, vid\u00e9os et photos des athl\u00e8tes canadiens, sports olympiques, Jeux olympiques de 2020 et bien plus!\",\"potentialAction\":[{\"@type\":\"SearchAction\",\"target\":{\"@type\":\"EntryPoint\",\"urlTemplate\":\"https:\\\/\\\/develop.olympic.ca\\\/olympique\\\/?s={search_term_string}\"},\"query-input\":{\"@type\":\"PropertyValueSpecification\",\"valueRequired\":true,\"valueName\":\"search_term_string\"}}],\"inLanguage\":\"fr-FR\"}]}<\/script>\n<!-- \/ Yoast SEO plugin. -->","yoast_head_json":{"title":"Le COC f\u00e9licite la nomination de Nigara Shaheen au sein de l\u2019\u00c9quipe olympique des r\u00e9fugi\u00e9s du CIO pour les Jeux de Paris 2024 - \u00c9quipe Canada | Site officiel de l&#039;\u00e9quipe olympique","robots":{"index":"index","follow":"follow","max-snippet":"max-snippet:-1","max-image-preview":"max-image-preview:large","max-video-preview":"max-video-preview:-1"},"canonical":"https:\/\/develop.olympic.ca\/olympique\/presse\/le-coc-felicite-la-nomination-de-nigara-shaheen-au-sein-de-lequipe-olympiquedes-refugies-du-cio-pour-les-jeux-de-paris-2024\/","og_locale":"fr_FR","og_type":"article","og_title":"Le COC f\u00e9licite la nomination de Nigara Shaheen au sein de l\u2019\u00c9quipe olympique des r\u00e9fugi\u00e9s du CIO pour les Jeux de Paris 2024 - \u00c9quipe Canada | Site officiel de l&#039;\u00e9quipe olympique","og_description":"TORONTO (2 mai 2024) \u2014 Jeudi, le Comit\u00e9 international olympique (CIO) a d\u00e9voil\u00e9 les noms des 36 athl\u00e8tes qui feront...","og_url":"https:\/\/develop.olympic.ca\/olympique\/presse\/le-coc-felicite-la-nomination-de-nigara-shaheen-au-sein-de-lequipe-olympiquedes-refugies-du-cio-pour-les-jeux-de-paris-2024\/","og_site_name":"\u00c9quipe Canada | Site officiel de l&#039;\u00e9quipe olympique","article_modified_time":"2024-05-02T15:06:09+00:00","twitter_card":"summary_large_image","twitter_image":"https:\/\/develop.olympic.ca\/olympique\/wp-content\/uploads\/sites\/2\/2024\/05\/Kg70_IJF_ShaheenNigara2-162280-1622806028-copy.jpg?quality=100","twitter_misc":{"Est. reading time":"2 minutes","Written by":"acloux"},"schema":{"@context":"https:\/\/schema.org","@graph":[{"@type":"WebPage","@id":"https:\/\/develop.olympic.ca\/olympique\/presse\/le-coc-felicite-la-nomination-de-nigara-shaheen-au-sein-de-lequipe-olympiquedes-refugies-du-cio-pour-les-jeux-de-paris-2024\/","url":"https:\/\/develop.olympic.ca\/olympique\/presse\/le-coc-felicite-la-nomination-de-nigara-shaheen-au-sein-de-lequipe-olympiquedes-refugies-du-cio-pour-les-jeux-de-paris-2024\/","name":"Le COC f\u00e9licite la nomination de Nigara Shaheen au sein de l\u2019\u00c9quipe olympique des r\u00e9fugi\u00e9s du CIO pour les Jeux de Paris 2024 - \u00c9quipe Canada | Site officiel de l&#039;\u00e9quipe olympique","isPartOf":{"@id":"https:\/\/develop.olympic.ca\/olympique\/#website"},"primaryImageOfPage":{"@id":"https:\/\/develop.olympic.ca\/olympique\/presse\/le-coc-felicite-la-nomination-de-nigara-shaheen-au-sein-de-lequipe-olympiquedes-refugies-du-cio-pour-les-jeux-de-paris-2024\/#primaryimage"},"image":{"@id":"https:\/\/develop.olympic.ca\/olympique\/presse\/le-coc-felicite-la-nomination-de-nigara-shaheen-au-sein-de-lequipe-olympiquedes-refugies-du-cio-pour-les-jeux-de-paris-2024\/#primaryimage"},"thumbnailUrl":"https:\/\/develop.olympic.ca\/olympique\/wp-content\/uploads\/sites\/2\/2024\/05\/Kg70_IJF_ShaheenNigara2-162280-1622806028-copy.jpg?quality=100","datePublished":"2024-05-02T13:58:00+00:00","dateModified":"2024-05-02T15:06:09+00:00","inLanguage":"fr-FR","potentialAction":[{"@type":"ReadAction","target":["https:\/\/develop.olympic.ca\/olympique\/presse\/le-coc-felicite-la-nomination-de-nigara-shaheen-au-sein-de-lequipe-olympiquedes-refugies-du-cio-pour-les-jeux-de-paris-2024\/"]}]},{"@type":"ImageObject","inLanguage":"fr-FR","@id":"https:\/\/develop.olympic.ca\/olympique\/presse\/le-coc-felicite-la-nomination-de-nigara-shaheen-au-sein-de-lequipe-olympiquedes-refugies-du-cio-pour-les-jeux-de-paris-2024\/#primaryimage","url":"https:\/\/develop.olympic.ca\/olympique\/wp-content\/uploads\/sites\/2\/2024\/05\/Kg70_IJF_ShaheenNigara2-162280-1622806028-copy.jpg?quality=100","contentUrl":"https:\/\/develop.olympic.ca\/olympique\/wp-content\/uploads\/sites\/2\/2024\/05\/Kg70_IJF_ShaheenNigara2-162280-1622806028-copy.jpg?quality=100","width":7098,"height":3993,"caption":"Le COC f\u00e9licite la nomination de Nigara Shaheen au sein de l\u2019\u00c9quipe olympique des r\u00e9fugi\u00e9s du CIO pour les Jeux de Paris 2024"},{"@type":"WebSite","@id":"https:\/\/develop.olympic.ca\/olympique\/#website","url":"https:\/\/develop.olympic.ca\/olympique\/","name":"\u00c9quipe Canada | Site officiel de l&#039;\u00e9quipe olympique","description":"Votre source pour l\u2019\u00c9quipe olympique canadienne. Retrouvez les r\u00e9cits, vid\u00e9os et photos des athl\u00e8tes canadiens, sports olympiques, Jeux olympiques de 2020 et bien plus!","potentialAction":[{"@type":"SearchAction","target":{"@type":"EntryPoint","urlTemplate":"https:\/\/develop.olympic.ca\/olympique\/?s={search_term_string}"},"query-input":{"@type":"PropertyValueSpecification","valueRequired":true,"valueName":"search_term_string"}}],"inLanguage":"fr-FR"}]}},"jetpack_sharing_enabled":true,"_links":{"self":[{"href":"https:\/\/develop.olympic.ca\/olympique\/wp-json\/wp\/v2\/press\/242187","targetHints":{"allow":["GET"]}}],"collection":[{"href":"https:\/\/develop.olympic.ca\/olympique\/wp-json\/wp\/v2\/press"}],"about":[{"href":"https:\/\/develop.olympic.ca\/olympique\/wp-json\/wp\/v2\/types\/press"}],"version-history":[{"count":7,"href":"https:\/\/develop.olympic.ca\/olympique\/wp-json\/wp\/v2\/press\/242187\/revisions"}],"predecessor-version":[{"id":242198,"href":"https:\/\/develop.olympic.ca\/olympique\/wp-json\/wp\/v2\/press\/242187\/revisions\/242198"}],"wp:featuredmedia":[{"embeddable":true,"href":"https:\/\/develop.olympic.ca\/olympique\/wp-json\/wp\/v2\/media\/242188"}],"wp:attachment":[{"href":"https:\/\/develop.olympic.ca\/olympique\/wp-json\/wp\/v2\/media?parent=242187"}],"wp:term":[{"taxonomy":"post_tag","embeddable":true,"href":"https:\/\/develop.olympic.ca\/olympique\/wp-json\/wp\/v2\/tags?post=242187"},{"taxonomy":"type-of-press","embeddable":true,"href":"https:\/\/develop.olympic.ca\/olympique\/wp-json\/wp\/v2\/type-of-press?post=242187"},{"taxonomy":"press-topic","embeddable":true,"href":"https:\/\/develop.olympic.ca\/olympique\/wp-json\/wp\/v2\/press-topic?post=242187"},{"taxonomy":"years","embeddable":true,"href":"https:\/\/develop.olympic.ca\/olympique\/wp-json\/wp\/v2\/years?post=242187"}],"curies":[{"name":"wp","href":"https:\/\/api.w.org\/{rel}","templated":true}]}}