{"id":242507,"date":"2024-05-09T16:07:14","date_gmt":"2024-05-09T20:07:14","guid":{"rendered":"https:\/\/develop.olympic.ca\/olympique\/?post_type=press&#038;p=242507"},"modified":"2024-05-09T16:09:53","modified_gmt":"2024-05-09T20:09:53","slug":"declaration-sur-la-nomination-du-commissaire-qui-dirigera-la-commission-sur-lavenir-du-sport-au-canada","status":"publish","type":"press","link":"https:\/\/develop.olympic.ca\/olympique\/presse\/declaration-sur-la-nomination-du-commissaire-qui-dirigera-la-commission-sur-lavenir-du-sport-au-canada\/","title":{"rendered":"D\u00e9claration sur la nomination du commissaire qui dirigera la Commission sur l\u2019avenir du sport au Canada"},"content":{"rendered":"\n<p class=\"wp-block-paragraph\">TORONTO (9 mai 2024) \u2013 Jeudi, le Comit\u00e9 olympique canadien (COC) a fait la d\u00e9claration suivante :<\/p>\n\n\n\n<p class=\"wp-block-paragraph\">\u00ab Le Comit\u00e9 olympique canadien accueille la nomination de l\u2019ancienne juge en chef de la Cour de justice de l\u2019Ontario, Lise Maisonneuve, qui dirigera la Commission sur l\u2019avenir du sport au Canada, ainsi que celles de Noni Classen et du D<sup>r<\/sup> Andrew Pipe \u00e0 titre de conseillers sp\u00e9ciaux.<\/p>\n\n\n\n<p class=\"wp-block-paragraph\">\u200b\u200bLe COC appuie pleinement le mandat de la Commission sur l\u2019avenir du sport et a h\u00e2te de participer au travail visant \u00e0 b\u00e2tir un syst\u00e8me sportif plus s\u00fbr et plus inclusif. \u00bb<\/p>\n\n\n\n<p class=\"wp-block-paragraph\">\u2013 Comit\u00e9 olympique canadien<\/p>\n\n\n\n<p class=\"has-text-align-center wp-block-paragraph\">-30-<\/p>\n\n\n\n<p class=\"wp-block-paragraph\">CONTACTS POUR LES M\u00c9DIAS :<\/p>\n\n\n\n<p class=\"wp-block-paragraph\">Peter\u200b Saltsman<br>Gestionnaire principal des relations publiques<br>Cell. : 647-382-6986<br>Courriel : <a href=\"mailto:psaltsman@olympique.ca\">psaltsman@olympique.ca<\/a><\/p>\n\n\n\n<p class=\"wp-block-paragraph\">Thomas Hall<br>Directeur des communications et des relations publiques<br>Cell. : 514-709-1054<br>Courriel : <a href=\"mailto:thall@olympique.ca\">thall@olympique.ca<\/a><\/p>\n","protected":false},"excerpt":{"rendered":"<p>TORONTO (9 mai 2024) \u2013 Jeudi, le Comit\u00e9 olympique canadien (COC) a fait la d\u00e9claration suivante : \u00ab Le Comit\u00e9&#8230;<\/p>\n","protected":false},"featured_media":235945,"template":"","format":"standard","tags":[],"type-of-press":[184353519],"press-topic":[415985198],"years":[682166484],"class_list":["post-242507","press","type-press","status-publish","format-standard","has-post-thumbnail","hentry","type-of-press-declarations","press-topic-general","years-682166484"],"acf":[],"yoast_head":"<!-- This site is optimized with the Yoast SEO plugin v27.3 - https:\/\/yoast.com\/product\/yoast-seo-wordpress\/ -->\n<title>D\u00e9claration sur la nomination du commissaire qui dirigera la Commission sur l\u2019avenir du sport au Canada - \u00c9quipe Canada | Site officiel de l&#039;\u00e9quipe olympique<\/title>\n<meta name=\"robots\" content=\"index, follow, max-snippet:-1, max-image-preview:large, max-video-preview:-1\" \/>\n<link rel=\"canonical\" href=\"https:\/\/develop.olympic.ca\/olympique\/presse\/declaration-sur-la-nomination-du-commissaire-qui-dirigera-la-commission-sur-lavenir-du-sport-au-canada\/\" \/>\n<meta property=\"og:locale\" content=\"fr_FR\" \/>\n<meta property=\"og:type\" content=\"article\" \/>\n<meta property=\"og:title\" content=\"D\u00e9claration sur la nomination du commissaire qui dirigera la Commission sur l\u2019avenir du sport au Canada - \u00c9quipe Canada | Site officiel de l&#039;\u00e9quipe olympique\" \/>\n<meta property=\"og:description\" content=\"TORONTO (9 mai 2024) \u2013 Jeudi, le Comit\u00e9 olympique canadien (COC) a fait la d\u00e9claration suivante : \u00ab Le Comit\u00e9...\" \/>\n<meta property=\"og:url\" content=\"https:\/\/develop.olympic.ca\/olympique\/presse\/declaration-sur-la-nomination-du-commissaire-qui-dirigera-la-commission-sur-lavenir-du-sport-au-canada\/\" \/>\n<meta property=\"og:site_name\" content=\"\u00c9quipe Canada | Site officiel de l&#039;\u00e9quipe olympique\" \/>\n<meta property=\"article:modified_time\" content=\"2024-05-09T20:09:53+00:00\" \/>\n<meta property=\"og:image\" content=\"https:\/\/develop.olympic.ca\/olympique\/wp-content\/uploads\/sites\/2\/2024\/01\/WEB_COC_DECLARATION_183c5b.jpg?quality=100\" \/>\n\t<meta property=\"og:image:width\" content=\"5584\" \/>\n\t<meta property=\"og:image:height\" content=\"3143\" \/>\n\t<meta property=\"og:image:type\" content=\"image\/jpeg\" \/>\n<meta name=\"twitter:card\" content=\"summary_large_image\" \/>\n<meta name=\"twitter:label1\" content=\"Est. reading time\" \/>\n\t<meta name=\"twitter:data1\" content=\"1 minute\" \/>\n\t<meta name=\"twitter:label2\" content=\"Written by\" \/>\n\t<meta name=\"twitter:data2\" content=\"zsinha\" \/>\n<script type=\"application\/ld+json\" class=\"yoast-schema-graph\">{\"@context\":\"https:\\\/\\\/schema.org\",\"@graph\":[{\"@type\":\"WebPage\",\"@id\":\"https:\\\/\\\/develop.olympic.ca\\\/olympique\\\/presse\\\/declaration-sur-la-nomination-du-commissaire-qui-dirigera-la-commission-sur-lavenir-du-sport-au-canada\\\/\",\"url\":\"https:\\\/\\\/develop.olympic.ca\\\/olympique\\\/presse\\\/declaration-sur-la-nomination-du-commissaire-qui-dirigera-la-commission-sur-lavenir-du-sport-au-canada\\\/\",\"name\":\"D\u00e9claration sur la nomination du commissaire qui dirigera la Commission sur l\u2019avenir du sport au Canada - \u00c9quipe Canada | Site officiel de l&#039;\u00e9quipe olympique\",\"isPartOf\":{\"@id\":\"https:\\\/\\\/develop.olympic.ca\\\/olympique\\\/#website\"},\"primaryImageOfPage\":{\"@id\":\"https:\\\/\\\/develop.olympic.ca\\\/olympique\\\/presse\\\/declaration-sur-la-nomination-du-commissaire-qui-dirigera-la-commission-sur-lavenir-du-sport-au-canada\\\/#primaryimage\"},\"image\":{\"@id\":\"https:\\\/\\\/develop.olympic.ca\\\/olympique\\\/presse\\\/declaration-sur-la-nomination-du-commissaire-qui-dirigera-la-commission-sur-lavenir-du-sport-au-canada\\\/#primaryimage\"},\"thumbnailUrl\":\"https:\\\/\\\/develop.olympic.ca\\\/olympique\\\/wp-content\\\/uploads\\\/sites\\\/2\\\/2024\\\/01\\\/WEB_COC_DECLARATION_183c5b.jpg?quality=100\",\"datePublished\":\"2024-05-09T20:07:14+00:00\",\"dateModified\":\"2024-05-09T20:09:53+00:00\",\"inLanguage\":\"fr-FR\",\"potentialAction\":[{\"@type\":\"ReadAction\",\"target\":[\"https:\\\/\\\/develop.olympic.ca\\\/olympique\\\/presse\\\/declaration-sur-la-nomination-du-commissaire-qui-dirigera-la-commission-sur-lavenir-du-sport-au-canada\\\/\"]}]},{\"@type\":\"ImageObject\",\"inLanguage\":\"fr-FR\",\"@id\":\"https:\\\/\\\/develop.olympic.ca\\\/olympique\\\/presse\\\/declaration-sur-la-nomination-du-commissaire-qui-dirigera-la-commission-sur-lavenir-du-sport-au-canada\\\/#primaryimage\",\"url\":\"https:\\\/\\\/develop.olympic.ca\\\/olympique\\\/wp-content\\\/uploads\\\/sites\\\/2\\\/2024\\\/01\\\/WEB_COC_DECLARATION_183c5b.jpg?quality=100\",\"contentUrl\":\"https:\\\/\\\/develop.olympic.ca\\\/olympique\\\/wp-content\\\/uploads\\\/sites\\\/2\\\/2024\\\/01\\\/WEB_COC_DECLARATION_183c5b.jpg?quality=100\",\"width\":5584,\"height\":3143},{\"@type\":\"WebSite\",\"@id\":\"https:\\\/\\\/develop.olympic.ca\\\/olympique\\\/#website\",\"url\":\"https:\\\/\\\/develop.olympic.ca\\\/olympique\\\/\",\"name\":\"\u00c9quipe Canada | Site officiel de l&#039;\u00e9quipe olympique\",\"description\":\"Votre source pour l\u2019\u00c9quipe olympique canadienne. Retrouvez les r\u00e9cits, vid\u00e9os et photos des athl\u00e8tes canadiens, sports olympiques, Jeux olympiques de 2020 et bien plus!\",\"potentialAction\":[{\"@type\":\"SearchAction\",\"target\":{\"@type\":\"EntryPoint\",\"urlTemplate\":\"https:\\\/\\\/develop.olympic.ca\\\/olympique\\\/?s={search_term_string}\"},\"query-input\":{\"@type\":\"PropertyValueSpecification\",\"valueRequired\":true,\"valueName\":\"search_term_string\"}}],\"inLanguage\":\"fr-FR\"}]}<\/script>\n<!-- \/ Yoast SEO plugin. -->","yoast_head_json":{"title":"D\u00e9claration sur la nomination du commissaire qui dirigera la Commission sur l\u2019avenir du sport au Canada - \u00c9quipe Canada | Site officiel de l&#039;\u00e9quipe olympique","robots":{"index":"index","follow":"follow","max-snippet":"max-snippet:-1","max-image-preview":"max-image-preview:large","max-video-preview":"max-video-preview:-1"},"canonical":"https:\/\/develop.olympic.ca\/olympique\/presse\/declaration-sur-la-nomination-du-commissaire-qui-dirigera-la-commission-sur-lavenir-du-sport-au-canada\/","og_locale":"fr_FR","og_type":"article","og_title":"D\u00e9claration sur la nomination du commissaire qui dirigera la Commission sur l\u2019avenir du sport au Canada - \u00c9quipe Canada | Site officiel de l&#039;\u00e9quipe olympique","og_description":"TORONTO (9 mai 2024) \u2013 Jeudi, le Comit\u00e9 olympique canadien (COC) a fait la d\u00e9claration suivante : \u00ab Le Comit\u00e9...","og_url":"https:\/\/develop.olympic.ca\/olympique\/presse\/declaration-sur-la-nomination-du-commissaire-qui-dirigera-la-commission-sur-lavenir-du-sport-au-canada\/","og_site_name":"\u00c9quipe Canada | Site officiel de l&#039;\u00e9quipe olympique","article_modified_time":"2024-05-09T20:09:53+00:00","og_image":[{"width":5584,"height":3143,"url":"https:\/\/develop.olympic.ca\/olympique\/wp-content\/uploads\/sites\/2\/2024\/01\/WEB_COC_DECLARATION_183c5b.jpg?quality=100","type":"image\/jpeg"}],"twitter_card":"summary_large_image","twitter_misc":{"Est. reading time":"1 minute","Written by":"zsinha"},"schema":{"@context":"https:\/\/schema.org","@graph":[{"@type":"WebPage","@id":"https:\/\/develop.olympic.ca\/olympique\/presse\/declaration-sur-la-nomination-du-commissaire-qui-dirigera-la-commission-sur-lavenir-du-sport-au-canada\/","url":"https:\/\/develop.olympic.ca\/olympique\/presse\/declaration-sur-la-nomination-du-commissaire-qui-dirigera-la-commission-sur-lavenir-du-sport-au-canada\/","name":"D\u00e9claration sur la nomination du commissaire qui dirigera la Commission sur l\u2019avenir du sport au Canada - \u00c9quipe Canada | Site officiel de l&#039;\u00e9quipe olympique","isPartOf":{"@id":"https:\/\/develop.olympic.ca\/olympique\/#website"},"primaryImageOfPage":{"@id":"https:\/\/develop.olympic.ca\/olympique\/presse\/declaration-sur-la-nomination-du-commissaire-qui-dirigera-la-commission-sur-lavenir-du-sport-au-canada\/#primaryimage"},"image":{"@id":"https:\/\/develop.olympic.ca\/olympique\/presse\/declaration-sur-la-nomination-du-commissaire-qui-dirigera-la-commission-sur-lavenir-du-sport-au-canada\/#primaryimage"},"thumbnailUrl":"https:\/\/develop.olympic.ca\/olympique\/wp-content\/uploads\/sites\/2\/2024\/01\/WEB_COC_DECLARATION_183c5b.jpg?quality=100","datePublished":"2024-05-09T20:07:14+00:00","dateModified":"2024-05-09T20:09:53+00:00","inLanguage":"fr-FR","potentialAction":[{"@type":"ReadAction","target":["https:\/\/develop.olympic.ca\/olympique\/presse\/declaration-sur-la-nomination-du-commissaire-qui-dirigera-la-commission-sur-lavenir-du-sport-au-canada\/"]}]},{"@type":"ImageObject","inLanguage":"fr-FR","@id":"https:\/\/develop.olympic.ca\/olympique\/presse\/declaration-sur-la-nomination-du-commissaire-qui-dirigera-la-commission-sur-lavenir-du-sport-au-canada\/#primaryimage","url":"https:\/\/develop.olympic.ca\/olympique\/wp-content\/uploads\/sites\/2\/2024\/01\/WEB_COC_DECLARATION_183c5b.jpg?quality=100","contentUrl":"https:\/\/develop.olympic.ca\/olympique\/wp-content\/uploads\/sites\/2\/2024\/01\/WEB_COC_DECLARATION_183c5b.jpg?quality=100","width":5584,"height":3143},{"@type":"WebSite","@id":"https:\/\/develop.olympic.ca\/olympique\/#website","url":"https:\/\/develop.olympic.ca\/olympique\/","name":"\u00c9quipe Canada | Site officiel de l&#039;\u00e9quipe olympique","description":"Votre source pour l\u2019\u00c9quipe olympique canadienne. Retrouvez les r\u00e9cits, vid\u00e9os et photos des athl\u00e8tes canadiens, sports olympiques, Jeux olympiques de 2020 et bien plus!","potentialAction":[{"@type":"SearchAction","target":{"@type":"EntryPoint","urlTemplate":"https:\/\/develop.olympic.ca\/olympique\/?s={search_term_string}"},"query-input":{"@type":"PropertyValueSpecification","valueRequired":true,"valueName":"search_term_string"}}],"inLanguage":"fr-FR"}]}},"jetpack_sharing_enabled":true,"_links":{"self":[{"href":"https:\/\/develop.olympic.ca\/olympique\/wp-json\/wp\/v2\/press\/242507","targetHints":{"allow":["GET"]}}],"collection":[{"href":"https:\/\/develop.olympic.ca\/olympique\/wp-json\/wp\/v2\/press"}],"about":[{"href":"https:\/\/develop.olympic.ca\/olympique\/wp-json\/wp\/v2\/types\/press"}],"version-history":[{"count":2,"href":"https:\/\/develop.olympic.ca\/olympique\/wp-json\/wp\/v2\/press\/242507\/revisions"}],"predecessor-version":[{"id":242512,"href":"https:\/\/develop.olympic.ca\/olympique\/wp-json\/wp\/v2\/press\/242507\/revisions\/242512"}],"wp:featuredmedia":[{"embeddable":true,"href":"https:\/\/develop.olympic.ca\/olympique\/wp-json\/wp\/v2\/media\/235945"}],"wp:attachment":[{"href":"https:\/\/develop.olympic.ca\/olympique\/wp-json\/wp\/v2\/media?parent=242507"}],"wp:term":[{"taxonomy":"post_tag","embeddable":true,"href":"https:\/\/develop.olympic.ca\/olympique\/wp-json\/wp\/v2\/tags?post=242507"},{"taxonomy":"type-of-press","embeddable":true,"href":"https:\/\/develop.olympic.ca\/olympique\/wp-json\/wp\/v2\/type-of-press?post=242507"},{"taxonomy":"press-topic","embeddable":true,"href":"https:\/\/develop.olympic.ca\/olympique\/wp-json\/wp\/v2\/press-topic?post=242507"},{"taxonomy":"years","embeddable":true,"href":"https:\/\/develop.olympic.ca\/olympique\/wp-json\/wp\/v2\/years?post=242507"}],"curies":[{"name":"wp","href":"https:\/\/api.w.org\/{rel}","templated":true}]}}