{"id":242603,"date":"2024-05-13T14:00:00","date_gmt":"2024-05-13T18:00:00","guid":{"rendered":""},"modified":"2024-05-14T16:20:39","modified_gmt":"2024-05-14T20:20:39","slug":"une-premiere-athlete-de-surf-de-lhistoire-nommee-au-sein-de-lequipe-olympique-canadienne","status":"publish","type":"press","link":"https:\/\/develop.olympic.ca\/olympique\/presse\/une-premiere-athlete-de-surf-de-lhistoire-nommee-au-sein-de-lequipe-olympique-canadienne\/","title":{"rendered":"Une premi\u00e8re athl\u00e8te de surf de l\u2019histoire nomm\u00e9e au sein de l\u2019\u00c9quipe olympique canadienne"},"content":{"rendered":"\n<p class=\"wp-block-paragraph\">TORONTO (13 mai 2024) \u2013 CSA Surf Canada et le Comit\u00e9 olympique canadien ont d\u00e9voil\u00e9 l\u2019identit\u00e9 de la premi\u00e8re athl\u00e8te en surf de l\u2019histoire \u00e0 \u00eatre nomm\u00e9e au sein de l\u2019\u00c9quipe olympique canadienne. <a href=\"https:\/\/develop.olympic.ca\/olympique\/equipe-canada\/sanoa-dempfle-olin\/\" target=\"_blank\" rel=\"noreferrer noopener\">Sanoa Dempfle-Olin <\/a>(Tofino, C.-B.) repr\u00e9sentera \u00c9quipe Canada aux Jeux olympiques de 2024 \u00e0 Paris \u00e0 l\u2019\u00e9preuve de planche courte chez les femmes, qui sera disput\u00e9e \u00e0 Teahupo&rsquo;o, Tahiti.<\/p>\n\n\n\n<p class=\"wp-block-paragraph\">Dempfle-Olin s\u2019est provisoirement qualifi\u00e9e pour Paris 2024 au mois d\u2019octobre dernier quand elle a atteint la finale de la comp\u00e9tition de planche courte chez les femmes aux Jeux panam\u00e9ricains de 2023 \u00e0 Santiago, faisant d\u2019elle la surfeuse la mieux class\u00e9e de l\u2019\u00e9preuve parmi celles qui n\u2019avaient pas encore obtenu leur qualification. Elle a \u00e9ventuellement remport\u00e9 la m\u00e9daille d\u2019argent de l\u2019\u00e9preuve f\u00e9minine de planche courte \u00e0 Santiago 2023. Elle a ensuite confirm\u00e9 sa place aux Jeux de 2024 \u00e0 Paris en participant aux World Surfing Games 2024, o\u00f9 elle a termin\u00e9 \u00e0 \u00e9galit\u00e9 en 13e place.<\/p>\n\n\n\n<p class=\"wp-block-paragraph\">\u00ab Je me sens tellement fi\u00e8re d\u2019\u00eatre la premi\u00e8re athl\u00e8te canadienne \u00e0 me qualifier pour les Jeux olympiques en surf, indique Dempfle-Olin. Le fait d\u2019\u00eatre n\u00e9e et d\u2019avoir grandi \u00e0 Tofino, en Colombie-Britannique, et d\u2019avoir appris \u00e0 faire du surf dans les eaux du Pacifique Nord, au large de l\u2019\u00eele de Vancouver, a \u00e9t\u00e9 quelque chose de tr\u00e8s sp\u00e9cial. Me retrouver aux Jeux olympiques est un r\u00eave qui se r\u00e9alise et c\u2019est un honneur de repr\u00e9senter non seulement moi-m\u00eame, mais aussi ma famille, ma communaut\u00e9 et notre \u00eele pour tout ce qu\u2019elles m\u2019ont apport\u00e9, avec entre autres le soutien des surfeurs locaux qui ont aid\u00e9 \u00e0 tracer la voie avant moi, ainsi que pour tous ceux qui suivront mes pas. Je suis tellement reconnaissante de me voir offrir cette occasion. \u00bb&nbsp;<\/p>\n\n\n\n<p class=\"wp-block-paragraph\">Deux mois avant les Jeux panam\u00e9ricains, Dempfle-Olin a v\u00e9cu un des faits saillants de sa carri\u00e8re quand elle a sign\u00e9 sa premi\u00e8re victoire dans une \u00e9preuve des s\u00e9ries de qualification de la World Surf League, soit la comp\u00e9tition WRV Outer Banks Pro en Caroline du Nord. En janvier 2024, elle a d\u00e9croch\u00e9 sa premi\u00e8re victoire dans la cat\u00e9gorie Pro Junior de la WSL \u00e0 l\u2019Open SLO CAL, disput\u00e9 \u00e0 Pismo Beach, en Californie. Elle a aussi \u00e9crit une page d\u2019histoire en 2017 quand elle est devenue la plus jeune surfeuse chez les femmes \u00e0 remporter la comp\u00e9tition Rip Curl Pro de Tofino alors qu\u2019elle n\u2019\u00e9tait \u00e2g\u00e9e que de 11 ans.<\/p>\n\n\n\n<p class=\"wp-block-paragraph\">Le surf a fait partie du programme olympique pour la premi\u00e8re fois aux Jeux olympiques de 2020 \u00e0 Tokyo, bien que le Canada n\u2019ait pas qualifi\u00e9 d\u2019athl\u00e8te \u00e0 cette occasion. Quand ce sport a \u00e9t\u00e9 int\u00e9gr\u00e9 pour la premi\u00e8re fois au programme des Jeux panam\u00e9ricains de 2019 \u00e0 Lima, la s\u0153ur a\u00een\u00e9e de Dempfle-Olin, Mathea, a marqu\u00e9 l\u2019histoire du Canada en remportant la toute premi\u00e8re m\u00e9daille en surf \u00e0 des Jeux panam\u00e9ricains : le bronze en planche longue chez les femmes. \u00c0 Santiago 2023, \u00c9quipe Canada a d\u00e9croch\u00e9 deux m\u00e9dailles en surf au total :&nbsp; l\u2019argent rafl\u00e9 par Dempfle-Olin et le bronze obtenu par Finn Spencer chez les hommes en SUP surf, une discipline qui ne fait pas partie du programme olympique.<\/p>\n\n\n\n<p class=\"wp-block-paragraph\">On pr\u00e9voit disputer la comp\u00e9tition de surf du 27 au 30 juillet (Jour 1 \u00e0 4) \u00e0 Teahupo&rsquo;o, Tahiti, avec des jours de r\u00e9serve pr\u00e9vus du 31 juillet au 4 ao\u00fbt en cas de reports dus aux conditions m\u00e9t\u00e9orologiques. Teahupo&rsquo;o est un endroit reconnu pour faire du surf, ayant accueilli depuis plus de 20 ans le Tahiti Pro, une comp\u00e9tition d\u2019importance du circuit de la World Surf League. Le comit\u00e9 organisateur de Paris 2024 a d\u00e9cid\u00e9 d\u2019organiser les comp\u00e9titions de surf \u00e0 Teahupo\u2019o, en Polyn\u00e9sie fran\u00e7aise, dans le cadre de sa volont\u00e9 d\u2019\u00e9tendre les Jeux \u00e0 travers toute la France. Il s\u2019agit l\u00e0 d\u2019une occasion d\u2019impliquer les territoires fran\u00e7ais d\u2019outre-mer et leurs communaut\u00e9s dans les Jeux olympiques, tout en mettant de l\u2019avant le patrimoine diversifi\u00e9 de la France, notamment la culture polyn\u00e9sienne fran\u00e7aise.<\/p>\n\n\n\n<p class=\"wp-block-paragraph\">\u00ab Je suis tellement ravi pour Sanoa qui repr\u00e9sentera la premi\u00e8re d\u00e9l\u00e9gation canadienne de surf \u00e0 aller aux Jeux olympiques. Cette athl\u00e8te d\u2019eaux froides r\u00e9chauffera certainement le c\u0153ur de tous les Canadiens en surfant sur les vagues l\u00e9gendaires de Teahupo\u2019o avec puissance, vitesse et gr\u00e2ce. Je n\u2019ai aucun doute qu\u2019elle inspirera la prochaine g\u00e9n\u00e9ration \u00e0 poursuivre leurs r\u00eaves, peu importe o\u00f9 que les vagues les conduiront. Sanoa, le Canada est derri\u00e8re toi \u00bb, affirme Bruny Surin, chef de mission d\u2019\u00c9quipe Canada pour les Jeux olympiques de 2024 \u00e0 Paris.<\/p>\n\n\n\n<p class=\"wp-block-paragraph\">Shannon Brown (Tofino, C.-B.) sera l\u2019entra\u00eeneur de Dempfle-Olin \u00e0 Tahiti pendant les Jeux.<\/p>\n\n\n\n<p class=\"wp-block-paragraph\">Avant d\u2019\u00eatre confirm\u00e9s comme membres d\u2019\u00c9quipe Canada, tous les athl\u00e8tes nomm\u00e9s sont soumis \u00e0 l\u2019approbation du comit\u00e9 de s\u00e9lection de l\u2019\u00e9quipe du Comit\u00e9 olympique canadien, une fois que toutes les nominations ont \u00e9t\u00e9 re\u00e7ues des organismes nationaux de sport.<br><br>Vous pouvez consulter la liste mise \u00e0 jour de la formation d\u2019\u00c9quipe Canada pour les Jeux de Paris 2024 en cliquant<a href=\"https:\/\/develop.olympic.ca\/olympique\/composition-dequipe-canada\/\" target=\"_blank\" rel=\"noreferrer noopener\"> ici<\/a>.<\/p>\n\n\n\n<p class=\"has-text-align-center wp-block-paragraph\">-30-<\/p>\n\n\n\n<p class=\"wp-block-paragraph\">CONTACTS POUR LES M\u00c9DIAS<\/p>\n\n\n\n<p class=\"wp-block-paragraph\">Dom Domic, directeur g\u00e9n\u00e9ral<br>Surf Canada<br>Cell. : 604-721-4045<br>Courriel : <a href=\"mailto:dom.domic@csasurfcanada.org\">dom.domic@csasurfcanada.org<\/a><\/p>\n\n\n\n<p class=\"wp-block-paragraph\">Tara MacBournie, gestionnaire de programme, communications sports<br>Comit\u00e9 olympique canadien<br>Cell. : 647-522-8328<br>Courriel : <a href=\"mailto:tmacbournie@olympique.ca\">tmacbournie@olympique.ca<\/a><\/p>\n","protected":false},"excerpt":{"rendered":"<p>TORONTO (13 mai 2024) \u2013 CSA Surf Canada et le Comit\u00e9 olympique canadien ont d\u00e9voil\u00e9 l\u2019identit\u00e9 de la premi\u00e8re athl\u00e8te&#8230;<\/p>\n","protected":false},"featured_media":242773,"template":"","format":"standard","tags":[],"type-of-press":[496138],"press-topic":[682165168],"years":[682166484],"class_list":["post-242603","press","type-press","status-publish","format-standard","has-post-thumbnail","hentry","type-of-press-communiques","press-topic-paris-2024","years-682166484"],"acf":[],"yoast_head":"<!-- This site is optimized with the Yoast SEO plugin v27.3 - https:\/\/yoast.com\/product\/yoast-seo-wordpress\/ -->\n<title>Une premi\u00e8re athl\u00e8te de surf de l\u2019histoire nomm\u00e9e au sein de l\u2019\u00c9quipe olympique canadienne - \u00c9quipe Canada | Site officiel de l&#039;\u00e9quipe olympique<\/title>\n<meta name=\"description\" content=\"CSA Surf Canada et le Comit\u00e9 olympique canadien ont d\u00e9voil\u00e9 l\u2019identit\u00e9 de la premi\u00e8re athl\u00e8te en surf de l\u2019histoire \u00e0 \u00eatre nomm\u00e9e au sein de l\u2019\u00c9quipe olympique canadienne. Sanoa Dempfle-Olin (Tofino, C.-B.) repr\u00e9sentera \u00c9quipe Canada aux Jeux olympiques de 2024 \u00e0 Paris \u00e0 l\u2019\u00e9preuve de planche courte chez les femmes, qui sera disput\u00e9e \u00e0 Teahupo&#039;o, Tahiti.\" \/>\n<meta name=\"robots\" content=\"index, follow, max-snippet:-1, max-image-preview:large, max-video-preview:-1\" \/>\n<link rel=\"canonical\" href=\"https:\/\/develop.olympic.ca\/olympique\/presse\/une-premiere-athlete-de-surf-de-lhistoire-nommee-au-sein-de-lequipe-olympique-canadienne\/\" \/>\n<meta property=\"og:locale\" content=\"fr_FR\" \/>\n<meta property=\"og:type\" content=\"article\" \/>\n<meta property=\"og:title\" content=\"Une premi\u00e8re athl\u00e8te de surf de l\u2019histoire nomm\u00e9e au sein de l\u2019\u00c9quipe olympique canadienne - \u00c9quipe Canada | Site officiel de l&#039;\u00e9quipe olympique\" \/>\n<meta property=\"og:description\" content=\"CSA Surf Canada et le Comit\u00e9 olympique canadien ont d\u00e9voil\u00e9 l\u2019identit\u00e9 de la premi\u00e8re athl\u00e8te en surf de l\u2019histoire \u00e0 \u00eatre nomm\u00e9e au sein de l\u2019\u00c9quipe olympique canadienne. Sanoa Dempfle-Olin (Tofino, C.-B.) repr\u00e9sentera \u00c9quipe Canada aux Jeux olympiques de 2024 \u00e0 Paris \u00e0 l\u2019\u00e9preuve de planche courte chez les femmes, qui sera disput\u00e9e \u00e0 Teahupo&#039;o, Tahiti.\" \/>\n<meta property=\"og:url\" content=\"https:\/\/develop.olympic.ca\/olympique\/presse\/une-premiere-athlete-de-surf-de-lhistoire-nommee-au-sein-de-lequipe-olympique-canadienne\/\" \/>\n<meta property=\"og:site_name\" content=\"\u00c9quipe Canada | Site officiel de l&#039;\u00e9quipe olympique\" \/>\n<meta property=\"article:modified_time\" content=\"2024-05-14T20:20:39+00:00\" \/>\n<meta name=\"twitter:card\" content=\"summary_large_image\" \/>\n<meta name=\"twitter:image\" content=\"https:\/\/develop.olympic.ca\/olympique\/wp-content\/uploads\/sites\/2\/2024\/05\/SRF-FEATURE-IMAGE-1.png\" \/>\n<meta name=\"twitter:label1\" content=\"Est. reading time\" \/>\n\t<meta name=\"twitter:data1\" content=\"5 minutes\" \/>\n\t<meta name=\"twitter:label2\" content=\"Written by\" \/>\n\t<meta name=\"twitter:data2\" content=\"acloux\" \/>\n<script type=\"application\/ld+json\" class=\"yoast-schema-graph\">{\"@context\":\"https:\\\/\\\/schema.org\",\"@graph\":[{\"@type\":\"WebPage\",\"@id\":\"https:\\\/\\\/develop.olympic.ca\\\/olympique\\\/presse\\\/une-premiere-athlete-de-surf-de-lhistoire-nommee-au-sein-de-lequipe-olympique-canadienne\\\/\",\"url\":\"https:\\\/\\\/develop.olympic.ca\\\/olympique\\\/presse\\\/une-premiere-athlete-de-surf-de-lhistoire-nommee-au-sein-de-lequipe-olympique-canadienne\\\/\",\"name\":\"Une premi\u00e8re athl\u00e8te de surf de l\u2019histoire nomm\u00e9e au sein de l\u2019\u00c9quipe olympique canadienne - \u00c9quipe Canada | Site officiel de l&#039;\u00e9quipe olympique\",\"isPartOf\":{\"@id\":\"https:\\\/\\\/develop.olympic.ca\\\/olympique\\\/#website\"},\"primaryImageOfPage\":{\"@id\":\"https:\\\/\\\/develop.olympic.ca\\\/olympique\\\/presse\\\/une-premiere-athlete-de-surf-de-lhistoire-nommee-au-sein-de-lequipe-olympique-canadienne\\\/#primaryimage\"},\"image\":{\"@id\":\"https:\\\/\\\/develop.olympic.ca\\\/olympique\\\/presse\\\/une-premiere-athlete-de-surf-de-lhistoire-nommee-au-sein-de-lequipe-olympique-canadienne\\\/#primaryimage\"},\"thumbnailUrl\":\"https:\\\/\\\/develop.olympic.ca\\\/olympique\\\/wp-content\\\/uploads\\\/sites\\\/2\\\/2024\\\/05\\\/SRF-FEATURE-IMAGE-1.png\",\"datePublished\":\"2024-05-13T18:00:00+00:00\",\"dateModified\":\"2024-05-14T20:20:39+00:00\",\"description\":\"CSA Surf Canada et le Comit\u00e9 olympique canadien ont d\u00e9voil\u00e9 l\u2019identit\u00e9 de la premi\u00e8re athl\u00e8te en surf de l\u2019histoire \u00e0 \u00eatre nomm\u00e9e au sein de l\u2019\u00c9quipe olympique canadienne. Sanoa Dempfle-Olin (Tofino, C.-B.) repr\u00e9sentera \u00c9quipe Canada aux Jeux olympiques de 2024 \u00e0 Paris \u00e0 l\u2019\u00e9preuve de planche courte chez les femmes, qui sera disput\u00e9e \u00e0 Teahupo'o, Tahiti.\",\"inLanguage\":\"fr-FR\",\"potentialAction\":[{\"@type\":\"ReadAction\",\"target\":[\"https:\\\/\\\/develop.olympic.ca\\\/olympique\\\/presse\\\/une-premiere-athlete-de-surf-de-lhistoire-nommee-au-sein-de-lequipe-olympique-canadienne\\\/\"]}]},{\"@type\":\"ImageObject\",\"inLanguage\":\"fr-FR\",\"@id\":\"https:\\\/\\\/develop.olympic.ca\\\/olympique\\\/presse\\\/une-premiere-athlete-de-surf-de-lhistoire-nommee-au-sein-de-lequipe-olympique-canadienne\\\/#primaryimage\",\"url\":\"https:\\\/\\\/develop.olympic.ca\\\/olympique\\\/wp-content\\\/uploads\\\/sites\\\/2\\\/2024\\\/05\\\/SRF-FEATURE-IMAGE-1.png\",\"contentUrl\":\"https:\\\/\\\/develop.olympic.ca\\\/olympique\\\/wp-content\\\/uploads\\\/sites\\\/2\\\/2024\\\/05\\\/SRF-FEATURE-IMAGE-1.png\",\"width\":2160,\"height\":1220},{\"@type\":\"WebSite\",\"@id\":\"https:\\\/\\\/develop.olympic.ca\\\/olympique\\\/#website\",\"url\":\"https:\\\/\\\/develop.olympic.ca\\\/olympique\\\/\",\"name\":\"\u00c9quipe Canada | Site officiel de l&#039;\u00e9quipe olympique\",\"description\":\"Votre source pour l\u2019\u00c9quipe olympique canadienne. Retrouvez les r\u00e9cits, vid\u00e9os et photos des athl\u00e8tes canadiens, sports olympiques, Jeux olympiques de 2020 et bien plus!\",\"potentialAction\":[{\"@type\":\"SearchAction\",\"target\":{\"@type\":\"EntryPoint\",\"urlTemplate\":\"https:\\\/\\\/develop.olympic.ca\\\/olympique\\\/?s={search_term_string}\"},\"query-input\":{\"@type\":\"PropertyValueSpecification\",\"valueRequired\":true,\"valueName\":\"search_term_string\"}}],\"inLanguage\":\"fr-FR\"}]}<\/script>\n<!-- \/ Yoast SEO plugin. -->","yoast_head_json":{"title":"Une premi\u00e8re athl\u00e8te de surf de l\u2019histoire nomm\u00e9e au sein de l\u2019\u00c9quipe olympique canadienne - \u00c9quipe Canada | Site officiel de l&#039;\u00e9quipe olympique","description":"CSA Surf Canada et le Comit\u00e9 olympique canadien ont d\u00e9voil\u00e9 l\u2019identit\u00e9 de la premi\u00e8re athl\u00e8te en surf de l\u2019histoire \u00e0 \u00eatre nomm\u00e9e au sein de l\u2019\u00c9quipe olympique canadienne. Sanoa Dempfle-Olin (Tofino, C.-B.) repr\u00e9sentera \u00c9quipe Canada aux Jeux olympiques de 2024 \u00e0 Paris \u00e0 l\u2019\u00e9preuve de planche courte chez les femmes, qui sera disput\u00e9e \u00e0 Teahupo'o, Tahiti.","robots":{"index":"index","follow":"follow","max-snippet":"max-snippet:-1","max-image-preview":"max-image-preview:large","max-video-preview":"max-video-preview:-1"},"canonical":"https:\/\/develop.olympic.ca\/olympique\/presse\/une-premiere-athlete-de-surf-de-lhistoire-nommee-au-sein-de-lequipe-olympique-canadienne\/","og_locale":"fr_FR","og_type":"article","og_title":"Une premi\u00e8re athl\u00e8te de surf de l\u2019histoire nomm\u00e9e au sein de l\u2019\u00c9quipe olympique canadienne - \u00c9quipe Canada | Site officiel de l&#039;\u00e9quipe olympique","og_description":"CSA Surf Canada et le Comit\u00e9 olympique canadien ont d\u00e9voil\u00e9 l\u2019identit\u00e9 de la premi\u00e8re athl\u00e8te en surf de l\u2019histoire \u00e0 \u00eatre nomm\u00e9e au sein de l\u2019\u00c9quipe olympique canadienne. Sanoa Dempfle-Olin (Tofino, C.-B.) repr\u00e9sentera \u00c9quipe Canada aux Jeux olympiques de 2024 \u00e0 Paris \u00e0 l\u2019\u00e9preuve de planche courte chez les femmes, qui sera disput\u00e9e \u00e0 Teahupo'o, Tahiti.","og_url":"https:\/\/develop.olympic.ca\/olympique\/presse\/une-premiere-athlete-de-surf-de-lhistoire-nommee-au-sein-de-lequipe-olympique-canadienne\/","og_site_name":"\u00c9quipe Canada | Site officiel de l&#039;\u00e9quipe olympique","article_modified_time":"2024-05-14T20:20:39+00:00","twitter_card":"summary_large_image","twitter_image":"https:\/\/develop.olympic.ca\/olympique\/wp-content\/uploads\/sites\/2\/2024\/05\/SRF-FEATURE-IMAGE-1.png","twitter_misc":{"Est. reading time":"5 minutes","Written by":"acloux"},"schema":{"@context":"https:\/\/schema.org","@graph":[{"@type":"WebPage","@id":"https:\/\/develop.olympic.ca\/olympique\/presse\/une-premiere-athlete-de-surf-de-lhistoire-nommee-au-sein-de-lequipe-olympique-canadienne\/","url":"https:\/\/develop.olympic.ca\/olympique\/presse\/une-premiere-athlete-de-surf-de-lhistoire-nommee-au-sein-de-lequipe-olympique-canadienne\/","name":"Une premi\u00e8re athl\u00e8te de surf de l\u2019histoire nomm\u00e9e au sein de l\u2019\u00c9quipe olympique canadienne - \u00c9quipe Canada | Site officiel de l&#039;\u00e9quipe olympique","isPartOf":{"@id":"https:\/\/develop.olympic.ca\/olympique\/#website"},"primaryImageOfPage":{"@id":"https:\/\/develop.olympic.ca\/olympique\/presse\/une-premiere-athlete-de-surf-de-lhistoire-nommee-au-sein-de-lequipe-olympique-canadienne\/#primaryimage"},"image":{"@id":"https:\/\/develop.olympic.ca\/olympique\/presse\/une-premiere-athlete-de-surf-de-lhistoire-nommee-au-sein-de-lequipe-olympique-canadienne\/#primaryimage"},"thumbnailUrl":"https:\/\/develop.olympic.ca\/olympique\/wp-content\/uploads\/sites\/2\/2024\/05\/SRF-FEATURE-IMAGE-1.png","datePublished":"2024-05-13T18:00:00+00:00","dateModified":"2024-05-14T20:20:39+00:00","description":"CSA Surf Canada et le Comit\u00e9 olympique canadien ont d\u00e9voil\u00e9 l\u2019identit\u00e9 de la premi\u00e8re athl\u00e8te en surf de l\u2019histoire \u00e0 \u00eatre nomm\u00e9e au sein de l\u2019\u00c9quipe olympique canadienne. Sanoa Dempfle-Olin (Tofino, C.-B.) repr\u00e9sentera \u00c9quipe Canada aux Jeux olympiques de 2024 \u00e0 Paris \u00e0 l\u2019\u00e9preuve de planche courte chez les femmes, qui sera disput\u00e9e \u00e0 Teahupo'o, Tahiti.","inLanguage":"fr-FR","potentialAction":[{"@type":"ReadAction","target":["https:\/\/develop.olympic.ca\/olympique\/presse\/une-premiere-athlete-de-surf-de-lhistoire-nommee-au-sein-de-lequipe-olympique-canadienne\/"]}]},{"@type":"ImageObject","inLanguage":"fr-FR","@id":"https:\/\/develop.olympic.ca\/olympique\/presse\/une-premiere-athlete-de-surf-de-lhistoire-nommee-au-sein-de-lequipe-olympique-canadienne\/#primaryimage","url":"https:\/\/develop.olympic.ca\/olympique\/wp-content\/uploads\/sites\/2\/2024\/05\/SRF-FEATURE-IMAGE-1.png","contentUrl":"https:\/\/develop.olympic.ca\/olympique\/wp-content\/uploads\/sites\/2\/2024\/05\/SRF-FEATURE-IMAGE-1.png","width":2160,"height":1220},{"@type":"WebSite","@id":"https:\/\/develop.olympic.ca\/olympique\/#website","url":"https:\/\/develop.olympic.ca\/olympique\/","name":"\u00c9quipe Canada | Site officiel de l&#039;\u00e9quipe olympique","description":"Votre source pour l\u2019\u00c9quipe olympique canadienne. Retrouvez les r\u00e9cits, vid\u00e9os et photos des athl\u00e8tes canadiens, sports olympiques, Jeux olympiques de 2020 et bien plus!","potentialAction":[{"@type":"SearchAction","target":{"@type":"EntryPoint","urlTemplate":"https:\/\/develop.olympic.ca\/olympique\/?s={search_term_string}"},"query-input":{"@type":"PropertyValueSpecification","valueRequired":true,"valueName":"search_term_string"}}],"inLanguage":"fr-FR"}]}},"jetpack_sharing_enabled":true,"_links":{"self":[{"href":"https:\/\/develop.olympic.ca\/olympique\/wp-json\/wp\/v2\/press\/242603","targetHints":{"allow":["GET"]}}],"collection":[{"href":"https:\/\/develop.olympic.ca\/olympique\/wp-json\/wp\/v2\/press"}],"about":[{"href":"https:\/\/develop.olympic.ca\/olympique\/wp-json\/wp\/v2\/types\/press"}],"version-history":[{"count":7,"href":"https:\/\/develop.olympic.ca\/olympique\/wp-json\/wp\/v2\/press\/242603\/revisions"}],"predecessor-version":[{"id":242877,"href":"https:\/\/develop.olympic.ca\/olympique\/wp-json\/wp\/v2\/press\/242603\/revisions\/242877"}],"wp:featuredmedia":[{"embeddable":true,"href":"https:\/\/develop.olympic.ca\/olympique\/wp-json\/wp\/v2\/media\/242773"}],"wp:attachment":[{"href":"https:\/\/develop.olympic.ca\/olympique\/wp-json\/wp\/v2\/media?parent=242603"}],"wp:term":[{"taxonomy":"post_tag","embeddable":true,"href":"https:\/\/develop.olympic.ca\/olympique\/wp-json\/wp\/v2\/tags?post=242603"},{"taxonomy":"type-of-press","embeddable":true,"href":"https:\/\/develop.olympic.ca\/olympique\/wp-json\/wp\/v2\/type-of-press?post=242603"},{"taxonomy":"press-topic","embeddable":true,"href":"https:\/\/develop.olympic.ca\/olympique\/wp-json\/wp\/v2\/press-topic?post=242603"},{"taxonomy":"years","embeddable":true,"href":"https:\/\/develop.olympic.ca\/olympique\/wp-json\/wp\/v2\/years?post=242603"}],"curies":[{"name":"wp","href":"https:\/\/api.w.org\/{rel}","templated":true}]}}