{"id":244192,"date":"2024-05-28T11:00:00","date_gmt":"2024-05-28T15:00:00","guid":{"rendered":"https:\/\/develop.olympic.ca\/olympique\/?post_type=press&#038;p=244192"},"modified":"2024-05-28T08:41:41","modified_gmt":"2024-05-28T12:41:41","slug":"six-lutteurs-annonces-au-sein-de-lequipe-olympique-canadienne-de-paris-2024","status":"publish","type":"press","link":"https:\/\/develop.olympic.ca\/olympique\/presse\/six-lutteurs-annonces-au-sein-de-lequipe-olympique-canadienne-de-paris-2024\/","title":{"rendered":"Six lutteurs annonc\u00e9s au sein de l\u2019\u00c9quipe olympique canadienne de Paris 2024"},"content":{"rendered":"\n<p class=\"wp-block-paragraph\">TORONTO (28 mai 2024) &#8211; Wrestling Canada Lutte (WCL) et le Comit\u00e9 olympique canadien ont d\u00e9voil\u00e9 l\u2019identit\u00e9 des athl\u00e8tes de lutte d\u2019\u00c9quipe Canada nomm\u00e9s en vue des Jeux olympiques de Paris 2024. Ces six athl\u00e8tes sont :<br><br><a href=\"https:\/\/develop.olympic.ca\/olympique\/team-canada\/amar-dhesi\/\" target=\"_blank\" rel=\"noreferrer noopener\">Amar Dhesi<\/a> (Surrey, C.-B.) &#8211; lutte libre 125 kg, hommes<br><a href=\"https:\/\/develop.olympic.ca\/olympique\/team-canada\/justina-di-stasio\/\" target=\"_blank\" rel=\"noreferrer noopener\">Justina Di Stasio<\/a> (Coquitlam, C.-B.) &#8211; 76 kg, femmes<br><a href=\"https:\/\/develop.olympic.ca\/olympique\/team-canada\/ana-godinez-gonzalez\/\" target=\"_blank\" rel=\"noreferrer noopener\">Ana Godinez Gonzalez<\/a> (Burnaby, C.-B.) &#8211; 62 kg, femmes<br><a href=\"https:\/\/develop.olympic.ca\/olympique\/team-canada\/alex-moore\/\" target=\"_blank\" rel=\"noreferrer noopener\">Alex Moore<\/a> (Montr\u00e9al, QC) &#8211;\u00a0lutte libre 86 kg, hommes<br><a href=\"https:\/\/develop.olympic.ca\/olympique\/team-canada\/linda-morais\/\" target=\"_blank\" rel=\"noreferrer noopener\">Linda Morais<\/a> (Tecumseh, ON) &#8211; 68 kg, femmes<br><a href=\"https:\/\/develop.olympic.ca\/olympique\/team-canada\/hannah-taylor\/\" target=\"_blank\" rel=\"noreferrer noopener\">Hannah Taylor<\/a> (Summerside, I.-P.-\u00c9.) &#8211; 57 kg, femmes<br><br>La premi\u00e8re \u00e9tape dans le cadre du parcours de qualification des athl\u00e8tes consistait \u00e0 l\u2019emporter dans leur cat\u00e9gorie de poids aux Essais de l\u2019\u00e9quipe canadienne qui se sont d\u00e9roul\u00e9s du 15 au 17 d\u00e9cembre 2023 \u00e0 Edmonton. Cela leur a donn\u00e9 l\u2019occasion de participer aux qualifications panam\u00e9ricaines au Mexique du 28 f\u00e9vrier au 1er mars, et de d\u00e9crocher des places de quota olympique. Taylor, Godinez Gonzalez, Di Stasio, Moore et Dhesi se sont tous qualifi\u00e9s pour Paris 2024 lors de cette comp\u00e9tition, tandis que Morais a obtenu sa place au Tournoi mondial de qualification olympique qui a eu lieu du 9 au 12 mai en Turquie.<br><br>L\u2019\u00e9quipe de lutte d\u2019\u00c9quipe Canada compte plusieurs champions du monde et continentaux, notamment Justina Di Stasio, qui a remport\u00e9 la m\u00e9daille d\u2019or dans la cat\u00e9gorie des 72 kg chez les femmes aux Championnats du monde de lutte 2018. Elle a par ailleurs rafl\u00e9 l\u2019or aux Jeux panam\u00e9ricains de 2019 \u00e0 Lima ainsi qu\u2019aux Jeux du Commonwealth de 2022 \u00e0 Birmingham chez les femmes de 76 kg. L\u2019athl\u00e8te de 31 ans a pris une pause de la lutte pendant la pand\u00e9mie afin d\u2019entreprendre une carri\u00e8re en enseignement, mais elle a ensuite effectu\u00e9 un retour en renouvelant son engagement \u00e0 r\u00e9aliser son r\u00eave olympique. Elle en sera \u00e0 ses premiers Jeux olympiques \u00e0 Paris cet \u00e9t\u00e9.<\/p>\n\n\n\n<p class=\"wp-block-paragraph\">Godinez Gonzalez a remport\u00e9 l\u2019or dans la cat\u00e9gorie des 62 kg chez les femmes aux Championnats du monde U23 2021, lan\u00e7ant ainsi sa carri\u00e8re. Elle a poursuivi sur cette lanc\u00e9e en obtenant une m\u00e9daille d\u2019argent aux Jeux du Commonwealth 2022 et des m\u00e9dailles d\u2019or aux Championnats panam\u00e9ricains de 2022 et 2023. Comp\u00e9titionnant pour son pays adoptif apr\u00e8s que sa famille eut fui le Mexique lorsqu\u2019elle avait huit ans, Godinez Gonzalez est fi\u00e8re de repr\u00e9senter le Canada et esp\u00e8re inspirer d\u2019autres nouveaux arrivants \u00e0 faire de m\u00eame alors qu\u2019elle fera ses d\u00e9buts olympiques \u00e0 Paris 2024.<\/p>\n\n\n\n<p class=\"wp-block-paragraph\">Amar Dhesi est le seul lutteur canadien \u00e0 participer aux Jeux de Paris 2024 avec d\u00e9j\u00e0 une exp\u00e9rience olympique \u00e0 son actif. Il esp\u00e8re am\u00e9liorer son r\u00e9sultat des Jeux de Tokyo 2020, o\u00f9 il s\u2019est class\u00e9 13e. Membre du service de police de Vancouver, Dhesi est sur une bonne lanc\u00e9e depuis ses d\u00e9buts olympiques, ayant remport\u00e9 l\u2019or dans la cat\u00e9gorie lutte libre 125 kg chez les hommes aux Championnats panam\u00e9ricains de m\u00eame qu\u2019aux Jeux du Commonwealth en 2022.<\/p>\n\n\n\n<p class=\"wp-block-paragraph\">\u00ab Essayer de trouver les mots pour exprimer ce que je ressens \u00e0 l\u2019id\u00e9e de repr\u00e9senter mon pays, ma communaut\u00e9 et ma famille \u00e0 mes deuxi\u00e8mes Jeux olympiques est difficile, mais je reviens toujours \u00e0 ce sentiment de reconnaissance, a d\u00e9clar\u00e9 Dhesi. Je suis reconnaissant d\u2019\u00eatre dans une position o\u00f9 j&rsquo;ai une seconde occasion de ramener une m\u00e9daille olympique au pays. Je n\u2019y suis pas parvenu \u00e0 Tokyo, mais je suis pr\u00eat \u00e0 faire preuve de courage et \u00e0 livrer une dure bataille. Nous avons une \u00e9quipe formidable et j\u2019ai h\u00e2te de me retrouver \u00e0 Paris ! \u00bb<\/p>\n\n\n\n<p class=\"wp-block-paragraph\">\u00c9quipe Canada a remport\u00e9 17 m\u00e9dailles olympiques dans les \u00e9preuves de lutte depuis les Jeux olympiques de 1908 \u00e0 Londres. Jusqu\u2019\u00e0 pr\u00e9sent, il y a eu trois champions olympiques canadiens, soit Erica Wiebe \u00e0 Rio 2016, Carol Huynh \u00e0 Beijing 2008 et Daniel Igali \u00e0 Sydney 2000.<\/p>\n\n\n\n<p class=\"wp-block-paragraph\">\u00ab C\u2019est avec un grand honneur et une grande attente, et aussi avec beaucoup d\u2019enthousiasme que Wrestling Canada Lutte d\u00e9voile officiellement l\u2019\u00c9quipe olympique qui comp\u00e9titionnera \u00e0 Paris. Nous comptons sur un groupe tr\u00e8s solide d\u2019athl\u00e8tes internationaux qui sont impatients de combattre sur la plus grande sc\u00e8ne de notre sport, men\u00e9 par l\u2019athl\u00e8te olympique Amar Dhesi, qui en sera \u00e0 ses deuxi\u00e8mes Jeux olympiques, d\u00e9clare Chris Woodcroft, directeur de la haute performance pour Wrestling Canada Lutte. Nos quatre lutteuses ont toutes remport\u00e9 des m\u00e9dailles \u00e0 l\u2019\u00e9chelle mondiale, et trois d\u2019entre elles ont d\u00e9croch\u00e9 un titre mondial. Nous avons h\u00e2te de voir nos athl\u00e8tes montrer de quel bois ils se chauffent au moment de combattre pour remporter des m\u00e9dailles. \u00bb<\/p>\n\n\n\n<p class=\"wp-block-paragraph\">Les \u00e9preuves de lutte seront disput\u00e9es du 5 au 11 ao\u00fbt (Jour 10 \u00e0 16) \u00e0 l\u2019Arena Champ-de-Mars.&nbsp;<\/p>\n\n\n\n<p class=\"wp-block-paragraph\">\u00ab Les lutteurs d\u2019\u00c9quipe Canada sont une force sur le tapis, et leur qualification olympique est le fruit de combats acharn\u00e9s et d\u2019une d\u00e9termination sans faille, mentionne Bruny Surin, chef de mission d\u2019\u00c9quipe Canada pour les Jeux olympiques de 2024 \u00e0 Paris. Ces athl\u00e8tes sont pr\u00eats \u00e0 performer avec une intensit\u00e9 qui se fera ressentir autant \u00e0 l\u2019Arena Champ-de-Mars qu\u2019au Canada. Je suis convaincu qu\u2019ils nous tiendront tous en haleine. Bonne derni\u00e8re phase de pr\u00e9paration. \u00bb<\/p>\n\n\n\n<p class=\"wp-block-paragraph\">L\u2019\u00e9quipe de lutte d\u2019\u00c9quipe Canada pour les Jeux olympiques de 2024 \u00e0 Paris comprend aussi les entra\u00eeneurs et le personnel de soutien suivants :<\/p>\n\n\n\n<p class=\"wp-block-paragraph\"><strong>Entra\u00eeneurs<br><\/strong>Dave Collie (Fonthill, ON) &#8211; Entra\u00eeneur<br>Dave McKay (Port Moody, C.-B.) &#8211; Entra\u00eeneur<br>Logan Stieber (Monroeville, OH, \u00c9tats-Unis) &#8211; Entra\u00eeneur<br>Raj Virdi (Surrey, C.-B.) &#8211; Entra\u00eeneur<br>Dave Zilberman (Montr\u00e9al, QC) &#8211; Entra\u00eeneur<br><br><strong>Personnel de soutien<\/strong><br>Chris Woodcroft (Huntsville, ON) &#8211; Directeur de la haute performance et chef d\u2019\u00e9quipe<br>Kale Whitton (Ottawa, ON) &#8211; Chef d\u2019\u00e9quipe<br>Surinder Budwal (Cambridge,\u00a0 ON) &#8211; Th\u00e9rapeute du sport de l\u2019\u00e9quipe<br><br>Avant d\u2019\u00eatre confirm\u00e9s comme membres d\u2019\u00c9quipe Canada, tous les athl\u00e8tes nomm\u00e9s sont soumis \u00e0 l\u2019approbation du comit\u00e9 de s\u00e9lection de l\u2019\u00e9quipe du Comit\u00e9 olympique canadien, une fois que toutes les nominations ont \u00e9t\u00e9 re\u00e7ues des organismes nationaux de sport.<br><br>Vous pouvez consulter la liste mise \u00e0 jour de la formation d\u2019\u00c9quipe Canada pour Paris 2024 en cliquant <a href=\"https:\/\/develop.olympic.ca\/olympique\/composition-dequipe-canada\/\" target=\"_blank\" rel=\"noreferrer noopener\">ici<\/a>.<\/p>\n\n\n\n<p class=\"wp-block-paragraph\"><strong>Avis aux m\u00e9dias<\/strong><br><br>Des membres francophones et anglophones de l\u2019\u00c9quipe olympique de lutte d\u2019\u00c9quipe Canada pour Paris 2024 seront disponibles virtuellement pour des entrevues avec les m\u00e9dias sur demande entre le mercredi 29 mai et le vendredi 31 mai 2024. Pour organiser une entrevue, veuillez contacter Darren Matte (<a href=\"mailto:dmatte@wrestling.ca\">dmatte@wrestling.ca<\/a>).<\/p>\n\n\n\n<p class=\"has-text-align-center wp-block-paragraph\">-30-<\/p>\n\n\n\n<p class=\"wp-block-paragraph\">CONTACTS POUR LES M\u00c9DIAS<\/p>\n\n\n\n<p class=\"wp-block-paragraph\">Darren Matte, gestionnaire des communications et marketing<br>Wrestling Canada Lutte<br>Cell. : 416-768-6847<br>Courriel : <a href=\"mailto:dmatte@wrestling.ca\">dmatte@wrestling.ca<\/a><\/p>\n\n\n\n<p class=\"wp-block-paragraph\">Tara MacBournie, gestionnaire de programme, communications sports<br>Comit\u00e9 olympique canadien<br>Cell. : 647-522-8328<br>Courriel : <a href=\"mailto:tmacbournie@olympique.ca\">tmacbournie@olympique.ca<\/a><\/p>\n\n\n\n<p class=\"wp-block-paragraph\"><\/p>\n","protected":false},"excerpt":{"rendered":"<p>TORONTO (28 mai 2024) &#8211; Wrestling Canada Lutte (WCL) et le Comit\u00e9 olympique canadien ont d\u00e9voil\u00e9 l\u2019identit\u00e9 des athl\u00e8tes de&#8230;<\/p>\n","protected":false},"featured_media":244185,"template":"","format":"standard","tags":[],"type-of-press":[496138],"press-topic":[682165168],"years":[682166484],"class_list":["post-244192","press","type-press","status-publish","format-standard","has-post-thumbnail","hentry","type-of-press-communiques","press-topic-paris-2024","years-682166484"],"acf":[],"yoast_head":"<!-- This site is optimized with the Yoast SEO plugin v27.3 - https:\/\/yoast.com\/product\/yoast-seo-wordpress\/ -->\n<title>Six lutteurs annonc\u00e9s au sein de l\u2019\u00c9quipe olympique canadienne de Paris 2024 - \u00c9quipe Canada | Site officiel de l&#039;\u00e9quipe olympique<\/title>\n<meta name=\"description\" content=\"Wrestling Canada Lutte (WCL) et le Comit\u00e9 olympique canadien ont d\u00e9voil\u00e9 l\u2019identit\u00e9 des athl\u00e8tes de lutte d\u2019\u00c9quipe Canada nomm\u00e9s en vue des Jeux olympiques de Paris 2024. Ces six athl\u00e8tes sont :\" \/>\n<meta name=\"robots\" content=\"index, follow, max-snippet:-1, max-image-preview:large, max-video-preview:-1\" \/>\n<link rel=\"canonical\" href=\"https:\/\/develop.olympic.ca\/olympique\/presse\/six-lutteurs-annonces-au-sein-de-lequipe-olympique-canadienne-de-paris-2024\/\" \/>\n<meta property=\"og:locale\" content=\"fr_FR\" \/>\n<meta property=\"og:type\" content=\"article\" \/>\n<meta property=\"og:title\" content=\"Six lutteurs annonc\u00e9s au sein de l\u2019\u00c9quipe olympique canadienne de Paris 2024 - \u00c9quipe Canada | Site officiel de l&#039;\u00e9quipe olympique\" \/>\n<meta property=\"og:description\" content=\"Wrestling Canada Lutte (WCL) et le Comit\u00e9 olympique canadien ont d\u00e9voil\u00e9 l\u2019identit\u00e9 des athl\u00e8tes de lutte d\u2019\u00c9quipe Canada nomm\u00e9s en vue des Jeux olympiques de Paris 2024. Ces six athl\u00e8tes sont :\" \/>\n<meta property=\"og:url\" content=\"https:\/\/develop.olympic.ca\/olympique\/presse\/six-lutteurs-annonces-au-sein-de-lequipe-olympique-canadienne-de-paris-2024\/\" \/>\n<meta property=\"og:site_name\" content=\"\u00c9quipe Canada | Site officiel de l&#039;\u00e9quipe olympique\" \/>\n<meta property=\"og:image\" content=\"https:\/\/develop.olympic.ca\/olympique\/wp-content\/uploads\/sites\/2\/2024\/05\/WRE-FEATURE-IMAGE.png\" \/>\n\t<meta property=\"og:image:width\" content=\"2048\" \/>\n\t<meta property=\"og:image:height\" content=\"1157\" \/>\n\t<meta property=\"og:image:type\" content=\"image\/png\" \/>\n<meta name=\"twitter:card\" content=\"summary_large_image\" \/>\n<meta name=\"twitter:label1\" content=\"Est. reading time\" \/>\n\t<meta name=\"twitter:data1\" content=\"6 minutes\" \/>\n\t<meta name=\"twitter:label2\" content=\"Written by\" \/>\n\t<meta name=\"twitter:data2\" content=\"tmacbournieolympicca\" \/>\n<script type=\"application\/ld+json\" class=\"yoast-schema-graph\">{\"@context\":\"https:\\\/\\\/schema.org\",\"@graph\":[{\"@type\":\"WebPage\",\"@id\":\"https:\\\/\\\/develop.olympic.ca\\\/olympique\\\/presse\\\/six-lutteurs-annonces-au-sein-de-lequipe-olympique-canadienne-de-paris-2024\\\/\",\"url\":\"https:\\\/\\\/develop.olympic.ca\\\/olympique\\\/presse\\\/six-lutteurs-annonces-au-sein-de-lequipe-olympique-canadienne-de-paris-2024\\\/\",\"name\":\"Six lutteurs annonc\u00e9s au sein de l\u2019\u00c9quipe olympique canadienne de Paris 2024 - \u00c9quipe Canada | Site officiel de l&#039;\u00e9quipe olympique\",\"isPartOf\":{\"@id\":\"https:\\\/\\\/develop.olympic.ca\\\/olympique\\\/#website\"},\"primaryImageOfPage\":{\"@id\":\"https:\\\/\\\/develop.olympic.ca\\\/olympique\\\/presse\\\/six-lutteurs-annonces-au-sein-de-lequipe-olympique-canadienne-de-paris-2024\\\/#primaryimage\"},\"image\":{\"@id\":\"https:\\\/\\\/develop.olympic.ca\\\/olympique\\\/presse\\\/six-lutteurs-annonces-au-sein-de-lequipe-olympique-canadienne-de-paris-2024\\\/#primaryimage\"},\"thumbnailUrl\":\"https:\\\/\\\/develop.olympic.ca\\\/olympique\\\/wp-content\\\/uploads\\\/sites\\\/2\\\/2024\\\/05\\\/WRE-FEATURE-IMAGE.png\",\"datePublished\":\"2024-05-28T15:00:00+00:00\",\"description\":\"Wrestling Canada Lutte (WCL) et le Comit\u00e9 olympique canadien ont d\u00e9voil\u00e9 l\u2019identit\u00e9 des athl\u00e8tes de lutte d\u2019\u00c9quipe Canada nomm\u00e9s en vue des Jeux olympiques de Paris 2024. Ces six athl\u00e8tes sont :\",\"inLanguage\":\"fr-FR\",\"potentialAction\":[{\"@type\":\"ReadAction\",\"target\":[\"https:\\\/\\\/develop.olympic.ca\\\/olympique\\\/presse\\\/six-lutteurs-annonces-au-sein-de-lequipe-olympique-canadienne-de-paris-2024\\\/\"]}]},{\"@type\":\"ImageObject\",\"inLanguage\":\"fr-FR\",\"@id\":\"https:\\\/\\\/develop.olympic.ca\\\/olympique\\\/presse\\\/six-lutteurs-annonces-au-sein-de-lequipe-olympique-canadienne-de-paris-2024\\\/#primaryimage\",\"url\":\"https:\\\/\\\/develop.olympic.ca\\\/olympique\\\/wp-content\\\/uploads\\\/sites\\\/2\\\/2024\\\/05\\\/WRE-FEATURE-IMAGE.png\",\"contentUrl\":\"https:\\\/\\\/develop.olympic.ca\\\/olympique\\\/wp-content\\\/uploads\\\/sites\\\/2\\\/2024\\\/05\\\/WRE-FEATURE-IMAGE.png\",\"width\":2048,\"height\":1157,\"caption\":\"Justina Di Stasio\"},{\"@type\":\"WebSite\",\"@id\":\"https:\\\/\\\/develop.olympic.ca\\\/olympique\\\/#website\",\"url\":\"https:\\\/\\\/develop.olympic.ca\\\/olympique\\\/\",\"name\":\"\u00c9quipe Canada | Site officiel de l&#039;\u00e9quipe olympique\",\"description\":\"Votre source pour l\u2019\u00c9quipe olympique canadienne. Retrouvez les r\u00e9cits, vid\u00e9os et photos des athl\u00e8tes canadiens, sports olympiques, Jeux olympiques de 2020 et bien plus!\",\"potentialAction\":[{\"@type\":\"SearchAction\",\"target\":{\"@type\":\"EntryPoint\",\"urlTemplate\":\"https:\\\/\\\/develop.olympic.ca\\\/olympique\\\/?s={search_term_string}\"},\"query-input\":{\"@type\":\"PropertyValueSpecification\",\"valueRequired\":true,\"valueName\":\"search_term_string\"}}],\"inLanguage\":\"fr-FR\"}]}<\/script>\n<!-- \/ Yoast SEO plugin. -->","yoast_head_json":{"title":"Six lutteurs annonc\u00e9s au sein de l\u2019\u00c9quipe olympique canadienne de Paris 2024 - \u00c9quipe Canada | Site officiel de l&#039;\u00e9quipe olympique","description":"Wrestling Canada Lutte (WCL) et le Comit\u00e9 olympique canadien ont d\u00e9voil\u00e9 l\u2019identit\u00e9 des athl\u00e8tes de lutte d\u2019\u00c9quipe Canada nomm\u00e9s en vue des Jeux olympiques de Paris 2024. Ces six athl\u00e8tes sont :","robots":{"index":"index","follow":"follow","max-snippet":"max-snippet:-1","max-image-preview":"max-image-preview:large","max-video-preview":"max-video-preview:-1"},"canonical":"https:\/\/develop.olympic.ca\/olympique\/presse\/six-lutteurs-annonces-au-sein-de-lequipe-olympique-canadienne-de-paris-2024\/","og_locale":"fr_FR","og_type":"article","og_title":"Six lutteurs annonc\u00e9s au sein de l\u2019\u00c9quipe olympique canadienne de Paris 2024 - \u00c9quipe Canada | Site officiel de l&#039;\u00e9quipe olympique","og_description":"Wrestling Canada Lutte (WCL) et le Comit\u00e9 olympique canadien ont d\u00e9voil\u00e9 l\u2019identit\u00e9 des athl\u00e8tes de lutte d\u2019\u00c9quipe Canada nomm\u00e9s en vue des Jeux olympiques de Paris 2024. Ces six athl\u00e8tes sont :","og_url":"https:\/\/develop.olympic.ca\/olympique\/presse\/six-lutteurs-annonces-au-sein-de-lequipe-olympique-canadienne-de-paris-2024\/","og_site_name":"\u00c9quipe Canada | Site officiel de l&#039;\u00e9quipe olympique","og_image":[{"width":2048,"height":1157,"url":"https:\/\/develop.olympic.ca\/olympique\/wp-content\/uploads\/sites\/2\/2024\/05\/WRE-FEATURE-IMAGE.png","type":"image\/png"}],"twitter_card":"summary_large_image","twitter_misc":{"Est. reading time":"6 minutes","Written by":"tmacbournieolympicca"},"schema":{"@context":"https:\/\/schema.org","@graph":[{"@type":"WebPage","@id":"https:\/\/develop.olympic.ca\/olympique\/presse\/six-lutteurs-annonces-au-sein-de-lequipe-olympique-canadienne-de-paris-2024\/","url":"https:\/\/develop.olympic.ca\/olympique\/presse\/six-lutteurs-annonces-au-sein-de-lequipe-olympique-canadienne-de-paris-2024\/","name":"Six lutteurs annonc\u00e9s au sein de l\u2019\u00c9quipe olympique canadienne de Paris 2024 - \u00c9quipe Canada | Site officiel de l&#039;\u00e9quipe olympique","isPartOf":{"@id":"https:\/\/develop.olympic.ca\/olympique\/#website"},"primaryImageOfPage":{"@id":"https:\/\/develop.olympic.ca\/olympique\/presse\/six-lutteurs-annonces-au-sein-de-lequipe-olympique-canadienne-de-paris-2024\/#primaryimage"},"image":{"@id":"https:\/\/develop.olympic.ca\/olympique\/presse\/six-lutteurs-annonces-au-sein-de-lequipe-olympique-canadienne-de-paris-2024\/#primaryimage"},"thumbnailUrl":"https:\/\/develop.olympic.ca\/olympique\/wp-content\/uploads\/sites\/2\/2024\/05\/WRE-FEATURE-IMAGE.png","datePublished":"2024-05-28T15:00:00+00:00","description":"Wrestling Canada Lutte (WCL) et le Comit\u00e9 olympique canadien ont d\u00e9voil\u00e9 l\u2019identit\u00e9 des athl\u00e8tes de lutte d\u2019\u00c9quipe Canada nomm\u00e9s en vue des Jeux olympiques de Paris 2024. Ces six athl\u00e8tes sont :","inLanguage":"fr-FR","potentialAction":[{"@type":"ReadAction","target":["https:\/\/develop.olympic.ca\/olympique\/presse\/six-lutteurs-annonces-au-sein-de-lequipe-olympique-canadienne-de-paris-2024\/"]}]},{"@type":"ImageObject","inLanguage":"fr-FR","@id":"https:\/\/develop.olympic.ca\/olympique\/presse\/six-lutteurs-annonces-au-sein-de-lequipe-olympique-canadienne-de-paris-2024\/#primaryimage","url":"https:\/\/develop.olympic.ca\/olympique\/wp-content\/uploads\/sites\/2\/2024\/05\/WRE-FEATURE-IMAGE.png","contentUrl":"https:\/\/develop.olympic.ca\/olympique\/wp-content\/uploads\/sites\/2\/2024\/05\/WRE-FEATURE-IMAGE.png","width":2048,"height":1157,"caption":"Justina Di Stasio"},{"@type":"WebSite","@id":"https:\/\/develop.olympic.ca\/olympique\/#website","url":"https:\/\/develop.olympic.ca\/olympique\/","name":"\u00c9quipe Canada | Site officiel de l&#039;\u00e9quipe olympique","description":"Votre source pour l\u2019\u00c9quipe olympique canadienne. Retrouvez les r\u00e9cits, vid\u00e9os et photos des athl\u00e8tes canadiens, sports olympiques, Jeux olympiques de 2020 et bien plus!","potentialAction":[{"@type":"SearchAction","target":{"@type":"EntryPoint","urlTemplate":"https:\/\/develop.olympic.ca\/olympique\/?s={search_term_string}"},"query-input":{"@type":"PropertyValueSpecification","valueRequired":true,"valueName":"search_term_string"}}],"inLanguage":"fr-FR"}]}},"jetpack_sharing_enabled":true,"_links":{"self":[{"href":"https:\/\/develop.olympic.ca\/olympique\/wp-json\/wp\/v2\/press\/244192","targetHints":{"allow":["GET"]}}],"collection":[{"href":"https:\/\/develop.olympic.ca\/olympique\/wp-json\/wp\/v2\/press"}],"about":[{"href":"https:\/\/develop.olympic.ca\/olympique\/wp-json\/wp\/v2\/types\/press"}],"version-history":[{"count":8,"href":"https:\/\/develop.olympic.ca\/olympique\/wp-json\/wp\/v2\/press\/244192\/revisions"}],"predecessor-version":[{"id":244204,"href":"https:\/\/develop.olympic.ca\/olympique\/wp-json\/wp\/v2\/press\/244192\/revisions\/244204"}],"wp:featuredmedia":[{"embeddable":true,"href":"https:\/\/develop.olympic.ca\/olympique\/wp-json\/wp\/v2\/media\/244185"}],"wp:attachment":[{"href":"https:\/\/develop.olympic.ca\/olympique\/wp-json\/wp\/v2\/media?parent=244192"}],"wp:term":[{"taxonomy":"post_tag","embeddable":true,"href":"https:\/\/develop.olympic.ca\/olympique\/wp-json\/wp\/v2\/tags?post=244192"},{"taxonomy":"type-of-press","embeddable":true,"href":"https:\/\/develop.olympic.ca\/olympique\/wp-json\/wp\/v2\/type-of-press?post=244192"},{"taxonomy":"press-topic","embeddable":true,"href":"https:\/\/develop.olympic.ca\/olympique\/wp-json\/wp\/v2\/press-topic?post=244192"},{"taxonomy":"years","embeddable":true,"href":"https:\/\/develop.olympic.ca\/olympique\/wp-json\/wp\/v2\/years?post=244192"}],"curies":[{"name":"wp","href":"https:\/\/api.w.org\/{rel}","templated":true}]}}