{"id":244330,"date":"2024-05-30T12:00:00","date_gmt":"2024-05-30T16:00:00","guid":{"rendered":"https:\/\/develop.olympic.ca\/olympique\/?post_type=press&#038;p=244330"},"modified":"2024-05-30T11:27:58","modified_gmt":"2024-05-30T15:27:58","slug":"air-canada-est-fiere-de-renouveler-son-partenariat-avec-le-comite-olympique-canadien-et-le-comite-paralympique-canadien-jusquen-2030","status":"publish","type":"press","link":"https:\/\/develop.olympic.ca\/olympique\/presse\/air-canada-est-fiere-de-renouveler-son-partenariat-avec-le-comite-olympique-canadien-et-le-comite-paralympique-canadien-jusquen-2030\/","title":{"rendered":"Air Canada est fi\u00e8re de renouveler son partenariat avec le Comit\u00e9 olympique canadien et le Comit\u00e9 paralympique canadien jusqu\u2019en 2030"},"content":{"rendered":"\n<p class=\"has-text-align-center wp-block-paragraph\"><em>Air Canada est fi\u00e8re de porter #HautLeDrapeau \u00e0 titre de transporteur a\u00e9rien officiel d\u2019\u00c9quipe Canada pour les quatre prochains Jeux olympiques et paralympiques, dont ceux de Paris 2024<\/em><\/p>\n\n\n\n<p class=\"has-text-align-center wp-block-paragraph\"><em>La soci\u00e9t\u00e9 a\u00e9rienne donne le coup d\u2019envoi \u00e0 une s\u00e9rie d\u2019activations marketing sur le th\u00e8me des Jeux olympiques et paralympiques en d\u00e9voilant la livr\u00e9e sp\u00e9ciale d\u2019un appareil 777 de Boeing&nbsp;&nbsp;<\/em><\/p>\n\n\n\n<p class=\"has-text-align-center wp-block-paragraph\"><em>Le transporteur a\u00e9rien a \u00e9galement d\u00e9voil\u00e9 le nom de 10 athl\u00e8tes ambassadeurs d\u2019\u00c9quipe Air Canada qui repr\u00e9sentent le meilleur des valeurs du Canada et l\u2019excellence sportive<\/em><\/p>\n\n\n\n<p class=\"wp-block-paragraph\">TORONTO (30 mai 2024) \u2013 Jeudi, Air Canada a renouvel\u00e9 son partenariat \u00e0 titre de transporteur a\u00e9rien officiel du Comit\u00e9 olympique canadien et du Comit\u00e9 paralympique canadien. La nouvelle entente, qui illustre la passion profonde de la soci\u00e9t\u00e9 a\u00e9rienne pour le sport et son engagement \u00e0 faire rayonner dans le monde entier ce que le Canada a de mieux \u00e0 offrir, s\u2019\u00e9tend jusqu\u2019aux Jeux olympiques et paralympiques d\u2019hiver de 2030 et comprend les Jeux de Paris 2024.<\/p>\n\n\n\n<p class=\"wp-block-paragraph\">Pour souligner son enthousiasme, Air Canada a \u00e9galement d\u00e9voil\u00e9, dans le cadre d\u2019un \u00e9v\u00e9nement tenu \u00e0 Toronto, un appareil 777 de Boeing \u00e0 la livr\u00e9e sp\u00e9ciale pour transporter vers les Jeux, et les en ramener, les athl\u00e8tes olympiques et paralympiques, les entra\u00eeneurs et le personnel de soutien d\u2019\u00c9quipe Canada.<\/p>\n\n\n\n<p class=\"wp-block-paragraph\">\u00ab Nous sommes fiers de prolonger notre partenariat avec le Comit\u00e9 olympique canadien et le Comit\u00e9 paralympique canadien \u00e0 titre de transporteur officiel d\u2019\u00c9quipe Canada jusqu\u2019en 2030, notamment pour Paris 2024, a d\u00e9clar\u00e9 Michael Rousseau, pr\u00e9sident et chef de la direction d\u2019Air Canada. Nous avons h\u00e2te de faire rayonner dans le monde ce que le Canada a de mieux \u00e0 offrir en encourageant les meilleurs athl\u00e8tes du pays aux Jeux olympiques et paralympiques. \u00bb<\/p>\n\n\n\n<p class=\"wp-block-paragraph\">Air Canada portera #HautLeDrapeau en tant que transporteur a\u00e9rien officiel d\u2019\u00c9quipe Canada pour les quatre prochains Jeux olympiques et paralympiques, dont ceux de Paris 2024. La soci\u00e9t\u00e9 a\u00e9rienne y acheminera plus de 1 000 athl\u00e8tes d\u2019\u00c9quipe Canada et membres de la d\u00e9l\u00e9gation, avec l\u2019appui du programme Visons l\u2019or! de ses employ\u00e9s, afin d\u2019assurer une exp\u00e9rience de voyage fluide et facile \u00e0 destination et au retour des Jeux.<\/p>\n\n\n\n<p class=\"wp-block-paragraph\">\u00ab Nous sommes ravis de prolonger notre relation de longue date avec Air Canada, a d\u00e9clar\u00e9 David Shoemaker, chef de la direction et secr\u00e9taire g\u00e9n\u00e9ral du Comit\u00e9 olympique canadien. La passion d\u2019Air Canada pour \u00c9quipe Canada est remarquable et dure depuis plus de 30 ans. Nous sommes reconnaissants de l\u2019exp\u00e9rience de voyage exceptionnelle que la soci\u00e9t\u00e9 offre avec constance \u00e0 nos athl\u00e8tes afin qu\u2019ils offrent leur meilleure performance sur la sc\u00e8ne sportive la plus importante au monde. \u00bb<\/p>\n\n\n\n<p class=\"wp-block-paragraph\">\u00ab Air Canada demeure un partenaire de calibre mondial, r\u00e9solu \u00e0 travailler en collaboration avec la communaut\u00e9 paralympique afin d\u2019offrir le meilleur service possible aux athl\u00e8tes paralympiques pour qu\u2019ils se rendent aux Jeux, a ajout\u00e9 Karen O\u2019Neill, cheffe de la direction du Comit\u00e9 paralympique canadien. Nous avons h\u00e2te de voyager \u00e0 Paris avec Air Canada cet \u00e9t\u00e9, en tout confort, en toute s\u00e9curit\u00e9 et avec efficience, et de d\u00e9velopper encore plus nos relations ces six prochaines ann\u00e9es afin d\u2019aider les athl\u00e8tes \u00e0 atteindre leurs objectifs paralympiques. \u00bb<\/p>\n\n\n\n<p class=\"wp-block-paragraph\">Air Canada est honor\u00e9e de soutenir les athl\u00e8tes d\u2019\u00c9quipe Canada, qui incarnent la diversit\u00e9, l\u2019inclusion, l\u2019ouverture et la gentillesse. La soci\u00e9t\u00e9 a\u00e9rienne assurera un service sp\u00e9cial et le transport de tous les athl\u00e8tes d\u2019\u00c9quipe Canada qui se rendent aux Jeux. Par ailleurs, elle :<\/p>\n\n\n\n<ul class=\"wp-block-list\">\n<li>leur offrira \u00e0 titre gracieux le statut A\u00e9roplan \u00c9lite 35K par l\u2019interm\u00e9diaire de son programme Podium;&nbsp;<\/li>\n\n\n\n<li>leur fournira des trousses Soins et partage individuelles pour am\u00e9liorer leur confort en vol, dont des articles de toilette et des souvenirs \u00e0 \u00e9changer pendant les Jeux;<\/li>\n\n\n\n<li>tiendra des c\u00e9l\u00e9brations r\u00e9unissant un grand nombre d\u2019invit\u00e9s sur place, tant \u00e0 la Maison olympique du Canada qu\u2019\u00e0 la Maison paralympique du Canada \u00e0 Paris, dans le but de pr\u00e9senter ce que le Canada fait de mieux en mati\u00e8re d\u2019aviation et de tourisme, tout en encourageant \u00c9quipe Canada de concert avec les participants pr\u00e9sents;<\/li>\n\n\n\n<li>organisera des c\u00e9l\u00e9brations aux a\u00e9roports pour souligner le d\u00e9part des athl\u00e8tes pour les Jeux et leur retour.<\/li>\n<\/ul>\n\n\n\n<p class=\"wp-block-paragraph\">Afin de manifester encore plus son soutien, Air Canada a \u00e9galement annonc\u00e9 les 10 athl\u00e8tes ambassadeurs d\u2019\u00c9quipe Air Canada qui l\u2019inspirent en incarnant les valeurs canadiennes et l\u2019excellence en sport :<\/p>\n\n\n\n<ul class=\"wp-block-list\">\n<li>Luguentz Dort \u2013 Basketball (Montr\u00e9al, Qu\u00e9bec)<\/li>\n\n\n\n<li>Philip Kim \u2013 Breaking (Vancouver, Colombie-Britannique)<\/li>\n\n\n\n<li>Pierce LePage \u2013 Athl\u00e9tisme (Whitby, Ontario)<\/li>\n\n\n\n<li>Adriana Leon \u2013 Soccer (King City, Ontario)<\/li>\n\n\n\n<li>Josh Liendo \u2013 Natation (Toronto, Ontario)<\/li>\n\n\n\n<li>Zak Madell \u2013 Rugby en fauteuil roulant (Edmonton, Alberta)<\/li>\n\n\n\n<li>Summer McIntosh \u2013 Natation (Toronto, Ontario)<\/li>\n\n\n\n<li>Cindy Ouellet \u2013 Basketball en fauteuil roulant (Qu\u00e9bec, Qu\u00e9bec)<\/li>\n\n\n\n<li>Marissa Papaconstantinou \u2013 Para-athl\u00e9tisme (Toronto, Ontario)<\/li>\n\n\n\n<li>Aur\u00e9lie Rivard \u2013 Paranatation (Saint-Jean-sur-Richelieu, Qu\u00e9bec)<\/li>\n<\/ul>\n\n\n\n<p class=\"wp-block-paragraph\">Le transporteur prolongera son initiative d\u2019athl\u00e8tes ambassadeurs, avec un groupe renouvel\u00e9, aux Jeux de 2026, 2028 et 2030.&nbsp;<\/p>\n\n\n\n<p class=\"wp-block-paragraph\">Air Canada est fi\u00e8re d\u2019\u00eatre le transporteur officiel de l\u2019\u00c9quipe olympique canadienne depuis 1988 et de l\u2019\u00c9quipe paralympique canadienne depuis 2007. Pour marquer encore plus son soutien au syst\u00e8me sportif canadien, la soci\u00e9t\u00e9 a\u00e9rienne a r\u00e9cemment conclu des ententes qui en font le transporteur officiel de Natation Canada et d\u2019Athl\u00e9tisme Canada en pr\u00e9vision de Paris 2024.<\/p>\n\n\n\n<p class=\"wp-block-paragraph\"><strong>\u00c0 propos d\u2019Air Canada<\/strong><\/p>\n\n\n\n<p class=\"wp-block-paragraph\">Air Canada est la plus importante soci\u00e9t\u00e9 a\u00e9rienne du Canada, le transporteur national du pays et un membre cofondateur du r\u00e9seau Star Alliance \u2014 le plus vaste regroupement mondial de soci\u00e9t\u00e9s a\u00e9riennes. Les lignes r\u00e9guli\u00e8res d\u2019Air Canada relient sans escale plus de 180 a\u00e9roports au Canada, aux \u00c9tats-Unis et \u00e0 l\u2019\u00e9tranger sur six continents. Air Canada d\u00e9tient la cote quatre \u00e9toiles de Skytrax. Le programme A\u00e9roplan d\u2019Air Canada est le principal programme de fid\u00e9lit\u00e9 du Canada en mati\u00e8re de voyages. Il offre \u00e0 ses membres la possibilit\u00e9 d\u2019accumuler ou d\u2019\u00e9changer des points aupr\u00e8s du plus grand r\u00e9seau mondial de transporteurs partenaires, au nombre de 45, et aupr\u00e8s de ses partenaires d\u00e9taillants, h\u00f4teliers et de location de v\u00e9hicules. Par l\u2019interm\u00e9diaire de Vacances Air Canada, la Soci\u00e9t\u00e9 offre plus de choix que tout autre voyagiste canadien pour des centaines de destinations dans le monde, avec une large s\u00e9lection d\u2019h\u00f4tels, de vols, de croisi\u00e8res, d\u2019excursions et de locations de v\u00e9hicules. Air Canada Cargo, division fret d\u2019Air Canada, dispose de la capacit\u00e9 d\u2019emport et de la connectivit\u00e9 pour desservir des centaines de destinations sur six continents au moyen des vols passagers d\u2019Air Canada et des vols tout-cargo. Air Canada s\u2019est donn\u00e9 l\u2019objectif ambitieux de z\u00e9ro \u00e9mission nette de toutes ses activit\u00e9s \u00e0 l\u2019\u00e9chelle mondiale d\u2019ici 2050. Les actions d\u2019Air Canada se n\u00e9gocient sur le march\u00e9 \u00e0 la Bourse de Toronto (TSX) au Canada et sur la plateforme OTCQX aux \u00c9tats-Unis.<\/p>\n\n\n\n<p class=\"wp-block-paragraph\"><strong>\u00c0 propos du Comit\u00e9 paralympique canadien (CPC)&nbsp;<\/strong><\/p>\n\n\n\n<p class=\"wp-block-paragraph\">Le Comit\u00e9 paralympique canadien est un organisme priv\u00e9 sans but lucratif qui collabore avec 27 organismes de sport membres. Il est profond\u00e9ment d\u00e9termin\u00e9 \u00e0 exploiter le pouvoir de transformation et l\u2019impact du sport paralympique. Avec pour vision de favoriser un monde inclusif gr\u00e2ce au sport paralympique, sa mission met l\u2019accent \u00e0 la fois sur l\u2019excellence dans la pr\u00e9paration des Jeux et sur la promotion de communaut\u00e9s inclusives. En soulignant les r\u00e9cits et les r\u00e9ussites des athl\u00e8tes de haute performance ayant un handicap, le Comit\u00e9 paralympique canadien vise \u00e0 inspirer la population canadienne \u00e0 favoriser l\u2019inclusivit\u00e9 et \u00e0 participer activement dans le sport. Pour en d\u00e9couvrir davantage, rendez-vous au <a href=\"http:\/\/paralympique.ca\">paralympique.ca<\/a>.<\/p>\n\n\n\n<p class=\"has-text-align-center wp-block-paragraph\">&#8211; 30 &#8211;<\/p>\n\n\n\n<p class=\"wp-block-paragraph\">CONTACTS POUR LES M\u00c9DIAS<\/p>\n\n\n\n<p class=\"wp-block-paragraph\">Peter Saltsman<br>Gestionnaire principal, Relations publiques<br>Comit\u00e9 olympique canadien<br>Courriel : <a href=\"mailto:psaltsman@olympique.ca\">psaltsman@olympique.ca<\/a><\/p>\n\n\n\n<p class=\"wp-block-paragraph\">Nicole Watts<br>Gestionnaire principale, Communication et relations publiques<br>Comit\u00e9 paralympique canadien<br>Courriel : <a href=\"mailto:nwatts@paralympic.ca\">nwatts@paralympic.ca<\/a><\/p>\n\n\n\n<p class=\"wp-block-paragraph\">Air Canada<br>Courriel : <a href=\"mailto:media@aircanada.ca\">media@aircanada.ca<\/a><\/p>\n","protected":false},"excerpt":{"rendered":"<p>Air Canada est fi\u00e8re de porter #HautLeDrapeau \u00e0 titre de transporteur a\u00e9rien officiel d\u2019\u00c9quipe Canada pour les quatre prochains Jeux&#8230;<\/p>\n","protected":false},"featured_media":244331,"template":"","format":"standard","tags":[],"type-of-press":[496138],"press-topic":[415985198],"years":[682166484],"class_list":["post-244330","press","type-press","status-publish","format-standard","has-post-thumbnail","hentry","type-of-press-communiques","press-topic-general","years-682166484"],"acf":[],"yoast_head":"<!-- This site is optimized with the Yoast SEO plugin v27.3 - https:\/\/yoast.com\/product\/yoast-seo-wordpress\/ -->\n<title>Air Canada est fi\u00e8re de renouveler son partenariat avec le Comit\u00e9 olympique canadien et le Comit\u00e9 paralympique canadien jusqu\u2019en 2030 - \u00c9quipe Canada | Site officiel de l&#039;\u00e9quipe olympique<\/title>\n<meta name=\"robots\" content=\"index, follow, max-snippet:-1, max-image-preview:large, max-video-preview:-1\" \/>\n<link rel=\"canonical\" href=\"https:\/\/develop.olympic.ca\/olympique\/presse\/air-canada-est-fiere-de-renouveler-son-partenariat-avec-le-comite-olympique-canadien-et-le-comite-paralympique-canadien-jusquen-2030\/\" \/>\n<meta property=\"og:locale\" content=\"fr_FR\" \/>\n<meta property=\"og:type\" content=\"article\" \/>\n<meta property=\"og:title\" content=\"Air Canada est fi\u00e8re de renouveler son partenariat avec le Comit\u00e9 olympique canadien et le Comit\u00e9 paralympique canadien jusqu\u2019en 2030 - \u00c9quipe Canada | Site officiel de l&#039;\u00e9quipe olympique\" \/>\n<meta property=\"og:description\" content=\"Air Canada est fi\u00e8re de porter #HautLeDrapeau \u00e0 titre de transporteur a\u00e9rien officiel d\u2019\u00c9quipe Canada pour les quatre prochains Jeux...\" \/>\n<meta property=\"og:url\" content=\"https:\/\/develop.olympic.ca\/olympique\/presse\/air-canada-est-fiere-de-renouveler-son-partenariat-avec-le-comite-olympique-canadien-et-le-comite-paralympique-canadien-jusquen-2030\/\" \/>\n<meta property=\"og:site_name\" content=\"\u00c9quipe Canada | Site officiel de l&#039;\u00e9quipe olympique\" \/>\n<meta property=\"og:image\" content=\"https:\/\/develop.olympic.ca\/olympique\/wp-content\/uploads\/sites\/2\/2024\/05\/Thumbnail.jpg?quality=100\" \/>\n\t<meta property=\"og:image:width\" content=\"8000\" \/>\n\t<meta property=\"og:image:height\" content=\"4500\" \/>\n\t<meta property=\"og:image:type\" content=\"image\/jpeg\" \/>\n<meta name=\"twitter:card\" content=\"summary_large_image\" \/>\n<meta name=\"twitter:label1\" content=\"Est. reading time\" \/>\n\t<meta name=\"twitter:data1\" content=\"7 minutes\" \/>\n\t<meta name=\"twitter:label2\" content=\"Written by\" \/>\n\t<meta name=\"twitter:data2\" content=\"zsinha\" \/>\n<script type=\"application\/ld+json\" class=\"yoast-schema-graph\">{\"@context\":\"https:\\\/\\\/schema.org\",\"@graph\":[{\"@type\":\"WebPage\",\"@id\":\"https:\\\/\\\/develop.olympic.ca\\\/olympique\\\/presse\\\/air-canada-est-fiere-de-renouveler-son-partenariat-avec-le-comite-olympique-canadien-et-le-comite-paralympique-canadien-jusquen-2030\\\/\",\"url\":\"https:\\\/\\\/develop.olympic.ca\\\/olympique\\\/presse\\\/air-canada-est-fiere-de-renouveler-son-partenariat-avec-le-comite-olympique-canadien-et-le-comite-paralympique-canadien-jusquen-2030\\\/\",\"name\":\"Air Canada est fi\u00e8re de renouveler son partenariat avec le Comit\u00e9 olympique canadien et le Comit\u00e9 paralympique canadien jusqu\u2019en 2030 - \u00c9quipe Canada | Site officiel de l&#039;\u00e9quipe olympique\",\"isPartOf\":{\"@id\":\"https:\\\/\\\/develop.olympic.ca\\\/olympique\\\/#website\"},\"primaryImageOfPage\":{\"@id\":\"https:\\\/\\\/develop.olympic.ca\\\/olympique\\\/presse\\\/air-canada-est-fiere-de-renouveler-son-partenariat-avec-le-comite-olympique-canadien-et-le-comite-paralympique-canadien-jusquen-2030\\\/#primaryimage\"},\"image\":{\"@id\":\"https:\\\/\\\/develop.olympic.ca\\\/olympique\\\/presse\\\/air-canada-est-fiere-de-renouveler-son-partenariat-avec-le-comite-olympique-canadien-et-le-comite-paralympique-canadien-jusquen-2030\\\/#primaryimage\"},\"thumbnailUrl\":\"https:\\\/\\\/develop.olympic.ca\\\/olympique\\\/wp-content\\\/uploads\\\/sites\\\/2\\\/2024\\\/05\\\/Thumbnail.jpg?quality=100\",\"datePublished\":\"2024-05-30T16:00:00+00:00\",\"inLanguage\":\"fr-FR\",\"potentialAction\":[{\"@type\":\"ReadAction\",\"target\":[\"https:\\\/\\\/develop.olympic.ca\\\/olympique\\\/presse\\\/air-canada-est-fiere-de-renouveler-son-partenariat-avec-le-comite-olympique-canadien-et-le-comite-paralympique-canadien-jusquen-2030\\\/\"]}]},{\"@type\":\"ImageObject\",\"inLanguage\":\"fr-FR\",\"@id\":\"https:\\\/\\\/develop.olympic.ca\\\/olympique\\\/presse\\\/air-canada-est-fiere-de-renouveler-son-partenariat-avec-le-comite-olympique-canadien-et-le-comite-paralympique-canadien-jusquen-2030\\\/#primaryimage\",\"url\":\"https:\\\/\\\/develop.olympic.ca\\\/olympique\\\/wp-content\\\/uploads\\\/sites\\\/2\\\/2024\\\/05\\\/Thumbnail.jpg?quality=100\",\"contentUrl\":\"https:\\\/\\\/develop.olympic.ca\\\/olympique\\\/wp-content\\\/uploads\\\/sites\\\/2\\\/2024\\\/05\\\/Thumbnail.jpg?quality=100\",\"width\":8000,\"height\":4500},{\"@type\":\"WebSite\",\"@id\":\"https:\\\/\\\/develop.olympic.ca\\\/olympique\\\/#website\",\"url\":\"https:\\\/\\\/develop.olympic.ca\\\/olympique\\\/\",\"name\":\"\u00c9quipe Canada | Site officiel de l&#039;\u00e9quipe olympique\",\"description\":\"Votre source pour l\u2019\u00c9quipe olympique canadienne. Retrouvez les r\u00e9cits, vid\u00e9os et photos des athl\u00e8tes canadiens, sports olympiques, Jeux olympiques de 2020 et bien plus!\",\"potentialAction\":[{\"@type\":\"SearchAction\",\"target\":{\"@type\":\"EntryPoint\",\"urlTemplate\":\"https:\\\/\\\/develop.olympic.ca\\\/olympique\\\/?s={search_term_string}\"},\"query-input\":{\"@type\":\"PropertyValueSpecification\",\"valueRequired\":true,\"valueName\":\"search_term_string\"}}],\"inLanguage\":\"fr-FR\"}]}<\/script>\n<!-- \/ Yoast SEO plugin. -->","yoast_head_json":{"title":"Air Canada est fi\u00e8re de renouveler son partenariat avec le Comit\u00e9 olympique canadien et le Comit\u00e9 paralympique canadien jusqu\u2019en 2030 - \u00c9quipe Canada | Site officiel de l&#039;\u00e9quipe olympique","robots":{"index":"index","follow":"follow","max-snippet":"max-snippet:-1","max-image-preview":"max-image-preview:large","max-video-preview":"max-video-preview:-1"},"canonical":"https:\/\/develop.olympic.ca\/olympique\/presse\/air-canada-est-fiere-de-renouveler-son-partenariat-avec-le-comite-olympique-canadien-et-le-comite-paralympique-canadien-jusquen-2030\/","og_locale":"fr_FR","og_type":"article","og_title":"Air Canada est fi\u00e8re de renouveler son partenariat avec le Comit\u00e9 olympique canadien et le Comit\u00e9 paralympique canadien jusqu\u2019en 2030 - \u00c9quipe Canada | Site officiel de l&#039;\u00e9quipe olympique","og_description":"Air Canada est fi\u00e8re de porter #HautLeDrapeau \u00e0 titre de transporteur a\u00e9rien officiel d\u2019\u00c9quipe Canada pour les quatre prochains Jeux...","og_url":"https:\/\/develop.olympic.ca\/olympique\/presse\/air-canada-est-fiere-de-renouveler-son-partenariat-avec-le-comite-olympique-canadien-et-le-comite-paralympique-canadien-jusquen-2030\/","og_site_name":"\u00c9quipe Canada | Site officiel de l&#039;\u00e9quipe olympique","og_image":[{"width":8000,"height":4500,"url":"https:\/\/develop.olympic.ca\/olympique\/wp-content\/uploads\/sites\/2\/2024\/05\/Thumbnail.jpg?quality=100","type":"image\/jpeg"}],"twitter_card":"summary_large_image","twitter_misc":{"Est. reading time":"7 minutes","Written by":"zsinha"},"schema":{"@context":"https:\/\/schema.org","@graph":[{"@type":"WebPage","@id":"https:\/\/develop.olympic.ca\/olympique\/presse\/air-canada-est-fiere-de-renouveler-son-partenariat-avec-le-comite-olympique-canadien-et-le-comite-paralympique-canadien-jusquen-2030\/","url":"https:\/\/develop.olympic.ca\/olympique\/presse\/air-canada-est-fiere-de-renouveler-son-partenariat-avec-le-comite-olympique-canadien-et-le-comite-paralympique-canadien-jusquen-2030\/","name":"Air Canada est fi\u00e8re de renouveler son partenariat avec le Comit\u00e9 olympique canadien et le Comit\u00e9 paralympique canadien jusqu\u2019en 2030 - \u00c9quipe Canada | Site officiel de l&#039;\u00e9quipe olympique","isPartOf":{"@id":"https:\/\/develop.olympic.ca\/olympique\/#website"},"primaryImageOfPage":{"@id":"https:\/\/develop.olympic.ca\/olympique\/presse\/air-canada-est-fiere-de-renouveler-son-partenariat-avec-le-comite-olympique-canadien-et-le-comite-paralympique-canadien-jusquen-2030\/#primaryimage"},"image":{"@id":"https:\/\/develop.olympic.ca\/olympique\/presse\/air-canada-est-fiere-de-renouveler-son-partenariat-avec-le-comite-olympique-canadien-et-le-comite-paralympique-canadien-jusquen-2030\/#primaryimage"},"thumbnailUrl":"https:\/\/develop.olympic.ca\/olympique\/wp-content\/uploads\/sites\/2\/2024\/05\/Thumbnail.jpg?quality=100","datePublished":"2024-05-30T16:00:00+00:00","inLanguage":"fr-FR","potentialAction":[{"@type":"ReadAction","target":["https:\/\/develop.olympic.ca\/olympique\/presse\/air-canada-est-fiere-de-renouveler-son-partenariat-avec-le-comite-olympique-canadien-et-le-comite-paralympique-canadien-jusquen-2030\/"]}]},{"@type":"ImageObject","inLanguage":"fr-FR","@id":"https:\/\/develop.olympic.ca\/olympique\/presse\/air-canada-est-fiere-de-renouveler-son-partenariat-avec-le-comite-olympique-canadien-et-le-comite-paralympique-canadien-jusquen-2030\/#primaryimage","url":"https:\/\/develop.olympic.ca\/olympique\/wp-content\/uploads\/sites\/2\/2024\/05\/Thumbnail.jpg?quality=100","contentUrl":"https:\/\/develop.olympic.ca\/olympique\/wp-content\/uploads\/sites\/2\/2024\/05\/Thumbnail.jpg?quality=100","width":8000,"height":4500},{"@type":"WebSite","@id":"https:\/\/develop.olympic.ca\/olympique\/#website","url":"https:\/\/develop.olympic.ca\/olympique\/","name":"\u00c9quipe Canada | Site officiel de l&#039;\u00e9quipe olympique","description":"Votre source pour l\u2019\u00c9quipe olympique canadienne. Retrouvez les r\u00e9cits, vid\u00e9os et photos des athl\u00e8tes canadiens, sports olympiques, Jeux olympiques de 2020 et bien plus!","potentialAction":[{"@type":"SearchAction","target":{"@type":"EntryPoint","urlTemplate":"https:\/\/develop.olympic.ca\/olympique\/?s={search_term_string}"},"query-input":{"@type":"PropertyValueSpecification","valueRequired":true,"valueName":"search_term_string"}}],"inLanguage":"fr-FR"}]}},"jetpack_sharing_enabled":true,"_links":{"self":[{"href":"https:\/\/develop.olympic.ca\/olympique\/wp-json\/wp\/v2\/press\/244330","targetHints":{"allow":["GET"]}}],"collection":[{"href":"https:\/\/develop.olympic.ca\/olympique\/wp-json\/wp\/v2\/press"}],"about":[{"href":"https:\/\/develop.olympic.ca\/olympique\/wp-json\/wp\/v2\/types\/press"}],"version-history":[{"count":5,"href":"https:\/\/develop.olympic.ca\/olympique\/wp-json\/wp\/v2\/press\/244330\/revisions"}],"predecessor-version":[{"id":244340,"href":"https:\/\/develop.olympic.ca\/olympique\/wp-json\/wp\/v2\/press\/244330\/revisions\/244340"}],"wp:featuredmedia":[{"embeddable":true,"href":"https:\/\/develop.olympic.ca\/olympique\/wp-json\/wp\/v2\/media\/244331"}],"wp:attachment":[{"href":"https:\/\/develop.olympic.ca\/olympique\/wp-json\/wp\/v2\/media?parent=244330"}],"wp:term":[{"taxonomy":"post_tag","embeddable":true,"href":"https:\/\/develop.olympic.ca\/olympique\/wp-json\/wp\/v2\/tags?post=244330"},{"taxonomy":"type-of-press","embeddable":true,"href":"https:\/\/develop.olympic.ca\/olympique\/wp-json\/wp\/v2\/type-of-press?post=244330"},{"taxonomy":"press-topic","embeddable":true,"href":"https:\/\/develop.olympic.ca\/olympique\/wp-json\/wp\/v2\/press-topic?post=244330"},{"taxonomy":"years","embeddable":true,"href":"https:\/\/develop.olympic.ca\/olympique\/wp-json\/wp\/v2\/years?post=244330"}],"curies":[{"name":"wp","href":"https:\/\/api.w.org\/{rel}","templated":true}]}}