{"id":244361,"date":"2024-05-31T12:00:00","date_gmt":"2024-05-31T16:00:00","guid":{"rendered":"https:\/\/develop.olympic.ca\/olympique\/?post_type=press&#038;p=244361"},"modified":"2024-05-30T15:42:18","modified_gmt":"2024-05-30T19:42:18","slug":"trois-athletes-canadiens-de-tir-feront-leurs-debuts-olympiques-a-paris-2024","status":"publish","type":"press","link":"https:\/\/develop.olympic.ca\/olympique\/presse\/trois-athletes-canadiens-de-tir-feront-leurs-debuts-olympiques-a-paris-2024\/","title":{"rendered":"Trois athl\u00e8tes canadiens de tir feront leurs d\u00e9buts olympiques \u00e0 Paris 2024"},"content":{"rendered":"\n<p class=\"wp-block-paragraph\">TORONTO (31 MAI 2024) \u2013 La F\u00e9d\u00e9ration de tir du Canada et le Comit\u00e9 olympique canadien ont annonc\u00e9 la formation des athl\u00e8tes de tir d\u2019\u00c9quipe Canada nomm\u00e9s pour comp\u00e9titionner aux Jeux olympiques de 2024 \u00e0 Paris. Ces athl\u00e8tes sont :<\/p>\n\n\n\n<p class=\"wp-block-paragraph\"><a href=\"https:\/\/develop.olympic.ca\/olympique\/equipe-canada\/michele-esercitato\/\">Michele Esercitato <\/a>(Calgary, AB)<br><a href=\"https:\/\/develop.olympic.ca\/olympique\/equipe-canada\/tye-ikeda\/\">Tye Ikeda<\/a> (Calgary, AB)<br><a href=\"https:\/\/develop.olympic.ca\/olympique\/equipe-canada\/shannon-westlake\/\">Shannon Westlake<\/a> (Keswick, ON)<\/p>\n\n\n\n<p class=\"wp-block-paragraph\">Les athl\u00e8tes ont \u00e9t\u00e9 s\u00e9lectionn\u00e9s pour faire partie d\u2019\u00c9quipe Canada apr\u00e8s avoir remport\u00e9 leurs \u00e9preuves respectives aux Essais de s\u00e9lection de l\u2019\u00e9quipe, la fin de semaine derni\u00e8re. Les trois athl\u00e8tes en seront chacun et chacune \u00e0 leurs premiers Jeux olympiques \u00e0 Paris 2024.<br><br>Shannon Westlake a obtenu une place de quota olympique pour le Canada dans l\u2019\u00e9preuve f\u00e9minine de carabine trois positions 50 m lorsqu\u2019elle a d\u00e9croch\u00e9 la m\u00e9daille de bronze aux Jeux panam\u00e9ricains de 2023 \u00e0 Santiago. Il s\u2019agissait de la premi\u00e8re m\u00e9daille remport\u00e9e par l\u2019athl\u00e8te de 38 ans \u00e0 de grands Jeux, apr\u00e8s avoir termin\u00e9 parmi les 20 meilleures aux Jeux panam\u00e9ricains de 2019 \u00e0 Lima et de Toronto 2015. Westlake attribue l\u2019obtention de sa m\u00e9daille \u00e0 Santiago et de sa place de quota olympique au travail qu\u2019elle a accompli sur le plan de la performance mentale et \u00e0 ses techniques de visualisation, ayant d\u00fb effectuer un tir final crucial sous pression. Les Jeux de Paris 2024 marqueront la premi\u00e8re fois en 24 ans que le Canada aura r\u00e9ussi \u00e0 se qualifier pour une \u00e9preuve de carabine chez les femmes \u00e0 des Jeux olympiques.<\/p>\n\n\n\n<p class=\"wp-block-paragraph\">\u00ab Quand j\u2019ai gagn\u00e9 la m\u00e9daille de bronze \u00e0 Santiago et que j\u2019ai d\u00e9croch\u00e9 une place de quota pour Paris pour le Canada en r\u00e9ussissant un 10,9 parfait, c\u2019\u00e9tait renversant. J\u2019\u00e9tais non seulement emball\u00e9e par ma superbe performance, mais j\u2019ai aussi ressenti la joie et l\u2019honneur de d\u00e9crocher une place de quota pour mon \u00e9preuve, ce qui est quelque chose que le Canada n\u2019a pas r\u00e9ussi en plus de 20 ans \u00bb, raconte Westlake.<\/p>\n\n\n\n<p class=\"wp-block-paragraph\">\u00ab Ensuite, quand j\u2019ai gagn\u00e9 les Essais olympiques la fin de semaine derni\u00e8re, j\u2019ai ressenti une vague d\u2019enthousiasme, de soulagement et m\u00eame de surprise. C\u2019\u00e9tait tellement surr\u00e9el de vivre mon r\u00eave olympique et d\u2019\u00eatre nomm\u00e9e pour repr\u00e9senter mon pays au plus important \u00e9v\u00e9nement sportif au monde. La mont\u00e9e a \u00e9t\u00e9 tr\u00e8s longue pour parvenir \u00e0 ce point et je n\u2019aurais pas pu y arriver tout seul. J\u2019ai tellement de personnes qui m\u2019ont soutenue et qui continuent de le faire \u00e0 travers ce parcours. Je suis tellement reconnaissante et honor\u00e9e de pouvoir repr\u00e9senter le Canada \u00e0 Paris cet \u00e9t\u00e9 \u00bb, a-t-elle ajout\u00e9.<\/p>\n\n\n\n<p class=\"wp-block-paragraph\">Tye Ikeda a remport\u00e9 la m\u00e9daille d\u2019argent \u00e0 la carabine trois positions 50 m chez les hommes aux Championnats des Am\u00e9riques 2024, ce qui a donn\u00e9 une place de quota au Canada dans cette \u00e9preuve. Ikeda a particip\u00e9 \u00e0 ses premiers grands Jeux \u00e0 Santiago 2023, o\u00f9 il est venu pr\u00e8s d\u2019acc\u00e9der au podium, terminant quatri\u00e8me. Le tireur de 27 ans, de m\u00eame que son entra\u00eeneur Dave Woolridge ont remport\u00e9 une bourse du Fonds des futurs olympiens de la Fondation olympique canadienne en 2023.<\/p>\n\n\n\n<p class=\"wp-block-paragraph\">\u00ab Je suis tr\u00e8s privil\u00e9gi\u00e9 de pouvoir repr\u00e9senter \u00c9quipe Canada \u00e0 Paris pour mes premiers Jeux olympiques. Les derni\u00e8res ann\u00e9es d\u2019entra\u00eenement ont \u00e9t\u00e9 incroyablement pr\u00e9cieuses et de voir mon r\u00eave olympique se r\u00e9aliser est un peu irr\u00e9el, raconte Ikeda. Je n\u2019aurais pas pu arriver \u00e0 ce point seul et je suis reconnaissant du soutien que j\u2019ai re\u00e7u d\u2019un grand nombre de personnes, notamment le programme du Fonds des futurs Olympiens de la Fondation olympique canadienne. Le programme a vu mon potentiel, m\u2019a int\u00e9gr\u00e9 et est devenu un facteur de succ\u00e8s dans mon parcours vers les Jeux olympiques. \u00bb<\/p>\n\n\n\n<p class=\"wp-block-paragraph\">Michele Esercitato a commenc\u00e9 \u00e0 repr\u00e9senter le Canada \u00e0 l\u2019\u00e9chelle internationale en 2023. L\u2019athl\u00e8te de 22 ans a vaincu le m\u00e9daill\u00e9 d\u2019or de Santiago 2023, Tugrul Ozer, dans l\u2019\u00e9preuve du pistolet \u00e0 air comprim\u00e9 10 m aux Essais de s\u00e9lection de l\u2019\u00e9quipe canadienne pour ainsi d\u00e9crocher sa place au sein de l\u2019\u00c9quipe olympique canadienne. L\u2019\u00e9tudiant de l\u2019Universit\u00e9 de Calgary qui est n\u00e9 en Italie est enchant\u00e9 \u00e0 l\u2019id\u00e9e de participer \u00e0 ses premiers grands Jeux apr\u00e8s avoir \u00e9t\u00e9 rempla\u00e7ant pour ceux de Santiago 2023.<br><br>\u00c9quipe Canada a remport\u00e9 neuf m\u00e9dailles olympiques au tir, dont quatre \u00e0 Londres 1908. Le plus r\u00e9cent athl\u00e8te canadien ayant remport\u00e9 une m\u00e9daille olympique en tir a \u00e9t\u00e9 Linda Thom, qui a rafl\u00e9 l\u2019or \u00e0 Los Angeles 1984.<\/p>\n\n\n\n<p class=\"wp-block-paragraph\">Les \u00e9preuves de tir auront lieu du 27 juillet au 5 ao\u00fbt (Jour 1 \u00e0 10) au Centre national de tir sportif de Ch\u00e2teauroux.&nbsp;<\/p>\n\n\n\n<p class=\"wp-block-paragraph\">\u00ab Ces trois tireurs d\u2019\u00c9quipe Canada vont faire leur d\u00e9but sur la sc\u00e8ne olympique, et pr\u00e9parez-vous, leur talent va r\u00e9sonner haut et fort. Ils ont vis\u00e9 juste et surmont\u00e9 tous les obstacles pour se qualifier pour Paris 2024. Leur concentration est tangible, leur pr\u00e9cision ind\u00e9niable et ces athl\u00e8tes ont leurs objectifs bien en ligne de mire, mentionne Bruny Surin, chef de mission d\u2019\u00c9quipe Canada pour les Jeux olympiques de 2024 \u00e0 Paris. J\u2019ai h\u00e2te de les accompagner dans cet environnement exaltant et de les encourager avec le reste du Canada au stand de tir. \u00bb<\/p>\n\n\n\n<p class=\"wp-block-paragraph\">Le groupe de tir d\u2019\u00c9quipe Canada pour les Jeux olympiques de 2024 \u00e0 Paris comprend aussi les entra\u00eeneurs suivants :<br><br>Lisa Borgerson (Fort Qu\u2019Appelle, SK) \u2013 Entra\u00eeneure nationale de pistolet<br>Dave Woolridge (St. John\u2019s, T.-N.) \u2013 Entra\u00eeneur national de carabine<br><br>Avant d\u2019\u00eatre confirm\u00e9s comme membres d\u2019\u00c9quipe Canada, tous les athl\u00e8tes nomm\u00e9s sont soumis \u00e0 l\u2019approbation du comit\u00e9 de s\u00e9lection de l\u2019\u00e9quipe du Comit\u00e9 olympique canadien quand toutes les nominations ont \u00e9t\u00e9 re\u00e7ues des organismes nationaux de sport.<br><br>Vous pouvez consulter la plus r\u00e9cente formation d\u2019\u00c9quipe Canada pour les Jeux olympiques de 2024 \u00e0 Paris en<a href=\"https:\/\/develop.olympic.ca\/team-canada-roster\/\"> cliquant ici<\/a>.<\/p>\n\n\n\n<p class=\"has-text-align-center wp-block-paragraph\">-30-<\/p>\n\n\n\n<p class=\"wp-block-paragraph\">CONTACTS POUR LES M\u00c9DIAS<\/p>\n\n\n\n<p class=\"wp-block-paragraph\">Jasmine Northcott, chef de la direction<br>F\u00e9d\u00e9ration de tir du Canada<br>Cell. :&nbsp; 613-371-4025<br>Courriel : <a href=\"mailto:jnorthcott@sfc-ftc.ca\">jnorthcott@sfc-ftc.ca<\/a><\/p>\n\n\n\n<p class=\"wp-block-paragraph\">Tara MacBournie, gestionnaire de programme, communications sports<br>Comit\u00e9 olympique canadien<br>Cell. : 647-522-8328<br>Courriel : <a href=\"mailto:tmacbournie@olympique.ca\">tmacbournie@olympique.ca<\/a><\/p>\n\n\n\n<p class=\"wp-block-paragraph\"><\/p>\n","protected":false},"excerpt":{"rendered":"<p>TORONTO (31 MAI 2024) \u2013 La F\u00e9d\u00e9ration de tir du Canada et le Comit\u00e9 olympique canadien ont annonc\u00e9 la formation&#8230;<\/p>\n","protected":false},"featured_media":244362,"template":"","format":"standard","tags":[],"type-of-press":[496138],"press-topic":[682165168],"years":[682166484],"class_list":["post-244361","press","type-press","status-publish","format-standard","has-post-thumbnail","hentry","type-of-press-communiques","press-topic-paris-2024","years-682166484"],"acf":[],"yoast_head":"<!-- This site is optimized with the Yoast SEO plugin v27.3 - https:\/\/yoast.com\/product\/yoast-seo-wordpress\/ -->\n<title>Trois athl\u00e8tes canadiens de tir feront leurs d\u00e9buts olympiques \u00e0 Paris 2024 - \u00c9quipe Canada | Site officiel de l&#039;\u00e9quipe olympique<\/title>\n<meta name=\"description\" content=\"La F\u00e9d\u00e9ration de tir du Canada et le Comit\u00e9 olympique canadien ont annonc\u00e9 la formation des athl\u00e8tes de tir d\u2019\u00c9quipe Canada nomm\u00e9s pour comp\u00e9titionner aux Jeux olympiques de 2024 \u00e0 Paris. Ces athl\u00e8tes sont :\" \/>\n<meta name=\"robots\" content=\"index, follow, max-snippet:-1, max-image-preview:large, max-video-preview:-1\" \/>\n<link rel=\"canonical\" href=\"https:\/\/develop.olympic.ca\/olympique\/presse\/trois-athletes-canadiens-de-tir-feront-leurs-debuts-olympiques-a-paris-2024\/\" \/>\n<meta property=\"og:locale\" content=\"fr_FR\" \/>\n<meta property=\"og:type\" content=\"article\" \/>\n<meta property=\"og:title\" content=\"Trois athl\u00e8tes canadiens de tir feront leurs d\u00e9buts olympiques \u00e0 Paris 2024 - \u00c9quipe Canada | Site officiel de l&#039;\u00e9quipe olympique\" \/>\n<meta property=\"og:description\" content=\"La F\u00e9d\u00e9ration de tir du Canada et le Comit\u00e9 olympique canadien ont annonc\u00e9 la formation des athl\u00e8tes de tir d\u2019\u00c9quipe Canada nomm\u00e9s pour comp\u00e9titionner aux Jeux olympiques de 2024 \u00e0 Paris. Ces athl\u00e8tes sont :\" \/>\n<meta property=\"og:url\" content=\"https:\/\/develop.olympic.ca\/olympique\/presse\/trois-athletes-canadiens-de-tir-feront-leurs-debuts-olympiques-a-paris-2024\/\" \/>\n<meta property=\"og:site_name\" content=\"\u00c9quipe Canada | Site officiel de l&#039;\u00e9quipe olympique\" \/>\n<meta name=\"twitter:card\" content=\"summary_large_image\" \/>\n<meta name=\"twitter:image\" content=\"https:\/\/develop.olympic.ca\/olympique\/wp-content\/uploads\/sites\/2\/2024\/05\/FEATURE-IMAGE-1.png\" \/>\n<meta name=\"twitter:label1\" content=\"Est. reading time\" \/>\n\t<meta name=\"twitter:data1\" content=\"6 minutes\" \/>\n\t<meta name=\"twitter:label2\" content=\"Written by\" \/>\n\t<meta name=\"twitter:data2\" content=\"acloux\" \/>\n<script type=\"application\/ld+json\" class=\"yoast-schema-graph\">{\"@context\":\"https:\\\/\\\/schema.org\",\"@graph\":[{\"@type\":\"WebPage\",\"@id\":\"https:\\\/\\\/develop.olympic.ca\\\/olympique\\\/presse\\\/trois-athletes-canadiens-de-tir-feront-leurs-debuts-olympiques-a-paris-2024\\\/\",\"url\":\"https:\\\/\\\/develop.olympic.ca\\\/olympique\\\/presse\\\/trois-athletes-canadiens-de-tir-feront-leurs-debuts-olympiques-a-paris-2024\\\/\",\"name\":\"Trois athl\u00e8tes canadiens de tir feront leurs d\u00e9buts olympiques \u00e0 Paris 2024 - \u00c9quipe Canada | Site officiel de l&#039;\u00e9quipe olympique\",\"isPartOf\":{\"@id\":\"https:\\\/\\\/develop.olympic.ca\\\/olympique\\\/#website\"},\"primaryImageOfPage\":{\"@id\":\"https:\\\/\\\/develop.olympic.ca\\\/olympique\\\/presse\\\/trois-athletes-canadiens-de-tir-feront-leurs-debuts-olympiques-a-paris-2024\\\/#primaryimage\"},\"image\":{\"@id\":\"https:\\\/\\\/develop.olympic.ca\\\/olympique\\\/presse\\\/trois-athletes-canadiens-de-tir-feront-leurs-debuts-olympiques-a-paris-2024\\\/#primaryimage\"},\"thumbnailUrl\":\"https:\\\/\\\/develop.olympic.ca\\\/olympique\\\/wp-content\\\/uploads\\\/sites\\\/2\\\/2024\\\/05\\\/FEATURE-IMAGE-1.png\",\"datePublished\":\"2024-05-31T16:00:00+00:00\",\"description\":\"La F\u00e9d\u00e9ration de tir du Canada et le Comit\u00e9 olympique canadien ont annonc\u00e9 la formation des athl\u00e8tes de tir d\u2019\u00c9quipe Canada nomm\u00e9s pour comp\u00e9titionner aux Jeux olympiques de 2024 \u00e0 Paris. Ces athl\u00e8tes sont :\",\"inLanguage\":\"fr-FR\",\"potentialAction\":[{\"@type\":\"ReadAction\",\"target\":[\"https:\\\/\\\/develop.olympic.ca\\\/olympique\\\/presse\\\/trois-athletes-canadiens-de-tir-feront-leurs-debuts-olympiques-a-paris-2024\\\/\"]}]},{\"@type\":\"ImageObject\",\"inLanguage\":\"fr-FR\",\"@id\":\"https:\\\/\\\/develop.olympic.ca\\\/olympique\\\/presse\\\/trois-athletes-canadiens-de-tir-feront-leurs-debuts-olympiques-a-paris-2024\\\/#primaryimage\",\"url\":\"https:\\\/\\\/develop.olympic.ca\\\/olympique\\\/wp-content\\\/uploads\\\/sites\\\/2\\\/2024\\\/05\\\/FEATURE-IMAGE-1.png\",\"contentUrl\":\"https:\\\/\\\/develop.olympic.ca\\\/olympique\\\/wp-content\\\/uploads\\\/sites\\\/2\\\/2024\\\/05\\\/FEATURE-IMAGE-1.png\",\"width\":2160,\"height\":1220},{\"@type\":\"WebSite\",\"@id\":\"https:\\\/\\\/develop.olympic.ca\\\/olympique\\\/#website\",\"url\":\"https:\\\/\\\/develop.olympic.ca\\\/olympique\\\/\",\"name\":\"\u00c9quipe Canada | Site officiel de l&#039;\u00e9quipe olympique\",\"description\":\"Votre source pour l\u2019\u00c9quipe olympique canadienne. Retrouvez les r\u00e9cits, vid\u00e9os et photos des athl\u00e8tes canadiens, sports olympiques, Jeux olympiques de 2020 et bien plus!\",\"potentialAction\":[{\"@type\":\"SearchAction\",\"target\":{\"@type\":\"EntryPoint\",\"urlTemplate\":\"https:\\\/\\\/develop.olympic.ca\\\/olympique\\\/?s={search_term_string}\"},\"query-input\":{\"@type\":\"PropertyValueSpecification\",\"valueRequired\":true,\"valueName\":\"search_term_string\"}}],\"inLanguage\":\"fr-FR\"}]}<\/script>\n<!-- \/ Yoast SEO plugin. -->","yoast_head_json":{"title":"Trois athl\u00e8tes canadiens de tir feront leurs d\u00e9buts olympiques \u00e0 Paris 2024 - \u00c9quipe Canada | Site officiel de l&#039;\u00e9quipe olympique","description":"La F\u00e9d\u00e9ration de tir du Canada et le Comit\u00e9 olympique canadien ont annonc\u00e9 la formation des athl\u00e8tes de tir d\u2019\u00c9quipe Canada nomm\u00e9s pour comp\u00e9titionner aux Jeux olympiques de 2024 \u00e0 Paris. Ces athl\u00e8tes sont :","robots":{"index":"index","follow":"follow","max-snippet":"max-snippet:-1","max-image-preview":"max-image-preview:large","max-video-preview":"max-video-preview:-1"},"canonical":"https:\/\/develop.olympic.ca\/olympique\/presse\/trois-athletes-canadiens-de-tir-feront-leurs-debuts-olympiques-a-paris-2024\/","og_locale":"fr_FR","og_type":"article","og_title":"Trois athl\u00e8tes canadiens de tir feront leurs d\u00e9buts olympiques \u00e0 Paris 2024 - \u00c9quipe Canada | Site officiel de l&#039;\u00e9quipe olympique","og_description":"La F\u00e9d\u00e9ration de tir du Canada et le Comit\u00e9 olympique canadien ont annonc\u00e9 la formation des athl\u00e8tes de tir d\u2019\u00c9quipe Canada nomm\u00e9s pour comp\u00e9titionner aux Jeux olympiques de 2024 \u00e0 Paris. Ces athl\u00e8tes sont :","og_url":"https:\/\/develop.olympic.ca\/olympique\/presse\/trois-athletes-canadiens-de-tir-feront-leurs-debuts-olympiques-a-paris-2024\/","og_site_name":"\u00c9quipe Canada | Site officiel de l&#039;\u00e9quipe olympique","twitter_card":"summary_large_image","twitter_image":"https:\/\/develop.olympic.ca\/olympique\/wp-content\/uploads\/sites\/2\/2024\/05\/FEATURE-IMAGE-1.png","twitter_misc":{"Est. reading time":"6 minutes","Written by":"acloux"},"schema":{"@context":"https:\/\/schema.org","@graph":[{"@type":"WebPage","@id":"https:\/\/develop.olympic.ca\/olympique\/presse\/trois-athletes-canadiens-de-tir-feront-leurs-debuts-olympiques-a-paris-2024\/","url":"https:\/\/develop.olympic.ca\/olympique\/presse\/trois-athletes-canadiens-de-tir-feront-leurs-debuts-olympiques-a-paris-2024\/","name":"Trois athl\u00e8tes canadiens de tir feront leurs d\u00e9buts olympiques \u00e0 Paris 2024 - \u00c9quipe Canada | Site officiel de l&#039;\u00e9quipe olympique","isPartOf":{"@id":"https:\/\/develop.olympic.ca\/olympique\/#website"},"primaryImageOfPage":{"@id":"https:\/\/develop.olympic.ca\/olympique\/presse\/trois-athletes-canadiens-de-tir-feront-leurs-debuts-olympiques-a-paris-2024\/#primaryimage"},"image":{"@id":"https:\/\/develop.olympic.ca\/olympique\/presse\/trois-athletes-canadiens-de-tir-feront-leurs-debuts-olympiques-a-paris-2024\/#primaryimage"},"thumbnailUrl":"https:\/\/develop.olympic.ca\/olympique\/wp-content\/uploads\/sites\/2\/2024\/05\/FEATURE-IMAGE-1.png","datePublished":"2024-05-31T16:00:00+00:00","description":"La F\u00e9d\u00e9ration de tir du Canada et le Comit\u00e9 olympique canadien ont annonc\u00e9 la formation des athl\u00e8tes de tir d\u2019\u00c9quipe Canada nomm\u00e9s pour comp\u00e9titionner aux Jeux olympiques de 2024 \u00e0 Paris. Ces athl\u00e8tes sont :","inLanguage":"fr-FR","potentialAction":[{"@type":"ReadAction","target":["https:\/\/develop.olympic.ca\/olympique\/presse\/trois-athletes-canadiens-de-tir-feront-leurs-debuts-olympiques-a-paris-2024\/"]}]},{"@type":"ImageObject","inLanguage":"fr-FR","@id":"https:\/\/develop.olympic.ca\/olympique\/presse\/trois-athletes-canadiens-de-tir-feront-leurs-debuts-olympiques-a-paris-2024\/#primaryimage","url":"https:\/\/develop.olympic.ca\/olympique\/wp-content\/uploads\/sites\/2\/2024\/05\/FEATURE-IMAGE-1.png","contentUrl":"https:\/\/develop.olympic.ca\/olympique\/wp-content\/uploads\/sites\/2\/2024\/05\/FEATURE-IMAGE-1.png","width":2160,"height":1220},{"@type":"WebSite","@id":"https:\/\/develop.olympic.ca\/olympique\/#website","url":"https:\/\/develop.olympic.ca\/olympique\/","name":"\u00c9quipe Canada | Site officiel de l&#039;\u00e9quipe olympique","description":"Votre source pour l\u2019\u00c9quipe olympique canadienne. Retrouvez les r\u00e9cits, vid\u00e9os et photos des athl\u00e8tes canadiens, sports olympiques, Jeux olympiques de 2020 et bien plus!","potentialAction":[{"@type":"SearchAction","target":{"@type":"EntryPoint","urlTemplate":"https:\/\/develop.olympic.ca\/olympique\/?s={search_term_string}"},"query-input":{"@type":"PropertyValueSpecification","valueRequired":true,"valueName":"search_term_string"}}],"inLanguage":"fr-FR"}]}},"jetpack_sharing_enabled":true,"_links":{"self":[{"href":"https:\/\/develop.olympic.ca\/olympique\/wp-json\/wp\/v2\/press\/244361","targetHints":{"allow":["GET"]}}],"collection":[{"href":"https:\/\/develop.olympic.ca\/olympique\/wp-json\/wp\/v2\/press"}],"about":[{"href":"https:\/\/develop.olympic.ca\/olympique\/wp-json\/wp\/v2\/types\/press"}],"version-history":[{"count":8,"href":"https:\/\/develop.olympic.ca\/olympique\/wp-json\/wp\/v2\/press\/244361\/revisions"}],"predecessor-version":[{"id":244372,"href":"https:\/\/develop.olympic.ca\/olympique\/wp-json\/wp\/v2\/press\/244361\/revisions\/244372"}],"wp:featuredmedia":[{"embeddable":true,"href":"https:\/\/develop.olympic.ca\/olympique\/wp-json\/wp\/v2\/media\/244362"}],"wp:attachment":[{"href":"https:\/\/develop.olympic.ca\/olympique\/wp-json\/wp\/v2\/media?parent=244361"}],"wp:term":[{"taxonomy":"post_tag","embeddable":true,"href":"https:\/\/develop.olympic.ca\/olympique\/wp-json\/wp\/v2\/tags?post=244361"},{"taxonomy":"type-of-press","embeddable":true,"href":"https:\/\/develop.olympic.ca\/olympique\/wp-json\/wp\/v2\/type-of-press?post=244361"},{"taxonomy":"press-topic","embeddable":true,"href":"https:\/\/develop.olympic.ca\/olympique\/wp-json\/wp\/v2\/press-topic?post=244361"},{"taxonomy":"years","embeddable":true,"href":"https:\/\/develop.olympic.ca\/olympique\/wp-json\/wp\/v2\/years?post=244361"}],"curies":[{"name":"wp","href":"https:\/\/api.w.org\/{rel}","templated":true}]}}