{"id":246017,"date":"2024-06-04T11:00:00","date_gmt":"2024-06-04T15:00:00","guid":{"rendered":"https:\/\/develop.olympic.ca\/olympique\/?post_type=press&#038;p=246017"},"modified":"2024-06-04T11:13:13","modified_gmt":"2024-06-04T15:13:13","slug":"le-coc-accueille-trois-nouveaux-membres-au-sein-de-la-commission-oly-canada","status":"publish","type":"press","link":"https:\/\/develop.olympic.ca\/olympique\/presse\/le-coc-accueille-trois-nouveaux-membres-au-sein-de-la-commission-oly-canada\/","title":{"rendered":"Le COC accueille trois nouveaux membres au sein de la commission OLY Canada"},"content":{"rendered":"\n<p class=\"wp-block-paragraph\">TORONTO (4 juin 2024) \u2014 Mardi, le Comit\u00e9 olympique canadien (COC) a officiellement accueilli les nouveaux membres de la commission OLY Canada &#8211; deux membres \u00e9lues, Maxime Dufour-Lapointe OLY (ski acrobatique) et Jennifer Walinga OLY (aviron), ainsi qu\u2019un membre nomm\u00e9 par la commission, le champion olympique Bruny Surin OLY (athl\u00e9tisme).<\/p>\n\n\n\n<p class=\"wp-block-paragraph\">Surin a remport\u00e9 l&rsquo;or \u00e0 Atlanta 1996 au sein de l&rsquo;\u00e9quipe canadienne du relais 4&#215;100 m. Il est actuellement le chef de mission d&rsquo;\u00c9quipe Canada pour les Jeux olympiques de Paris 2024. Il est philanthrope, conf\u00e9rencier motivateur et mod\u00e8le engag\u00e9 pour les jeunes athl\u00e8tes.&nbsp;<\/p>\n\n\n\n<p class=\"wp-block-paragraph\">Dufour-Lapointe a fait ses d\u00e9buts olympiques aux Jeux de Sotchi 2014 dans l&rsquo;\u00e9preuve f\u00e9minine des bosses. Avec ses s\u0153urs Justine et Chlo\u00e9, elle formait le troisi\u00e8me trio de s\u0153urs \u00e0 participer \u00e0 la m\u00eame \u00e9preuve individuelle aux Jeux d&rsquo;hiver. Walinga a fait ses d\u00e9buts olympiques \u00e0 S\u00e9oul 1988 en tant que membre du quatre de pointe avec barreuse f\u00e9minin qui a termin\u00e9 septi\u00e8me. Elle \u00e9tait aussi membre du quatre f\u00e9minin sans barreur et du huit f\u00e9minin qui a remport\u00e9 l\u2019or de ces deux \u00e9preuves aux Jeux de Barcelone en 1992, mais elle a \u00e9t\u00e9 forc\u00e9e \u00e0 l\u2019abandon en raison d\u2019une blessure tout juste avant la comp\u00e9tition.<\/p>\n\n\n\n<p class=\"wp-block-paragraph\">Conform\u00e9ment aux exigences en mati\u00e8re de gouvernance du CIO et de l&rsquo;Association mondiale des Olympiens, la commission OLY Canada du COC repr\u00e9sente les Olympiens actifs et retrait\u00e9s d&rsquo;\u00c9quipe Canada en soutenant les programmes d\u2019OLY Canada et en habilitant la communaut\u00e9 des Olympiens d&rsquo;\u00c9quipe Canada \u00e0 propager l&rsquo;esprit de l&rsquo;Olympisme d\u2019un bout \u00e0 l\u2019autre du Canada. De son c\u00f4t\u00e9, la commission des athl\u00e8tes du COC repr\u00e9sente les athl\u00e8tes au sein du conseil d&rsquo;administration du COC. Les membres pr\u00e9sentent et d\u00e9fendent aussi le point de vue des athl\u00e8tes olympiques canadiens au sein du COC.<\/p>\n\n\n\n<p class=\"wp-block-paragraph\">\u00c0 la suite de l&rsquo;\u00e9lection et \u00e0 la nomination des nouveaux membres, les membres de la commission OLY Canada pour le mandat en cours sont les suivants :<\/p>\n\n\n\n<p class=\"wp-block-paragraph\"><strong>Membres \u00e9lus<\/strong><\/p>\n\n\n\n<ul class=\"wp-block-list\">\n<li><a href=\"https:\/\/develop.olympic.ca\/olympique\/equipe-canada\/claire-carver-dias\/\">Claire Carver-Dias OLY<\/a> (Natation artistique &#8211; Sydney 2000) \u2013 pr\u00e9sidente \u00e9lue<\/li>\n\n\n\n<li><a href=\"https:\/\/develop.olympic.ca\/olympique\/equipe-canada\/david-calder\/\">David Calder OLY<\/a> (Aviron &#8211; Sydney 2000, Ath\u00e8nes 2004, Beijing 2008, Londres 2012) \u2013 vice-pr\u00e9sident \u00e9lu<\/li>\n\n\n\n<li><a href=\"https:\/\/develop.olympic.ca\/olympique\/equipe-canada\/christine-nesbitt\/\">Christine Nesbitt OLY<\/a> (Patinage de vitesse longue piste &#8211; Turin 2006, Vancouver 2010, Sotchi 2014)<\/li>\n\n\n\n<li><a href=\"https:\/\/develop.olympic.ca\/olympique\/equipe-canada\/maxime-dufour-lapointe\/\">Maxime Dufour-Lapointe OLY<\/a> (Ski acrobatique &#8211; Sotchi 2014)<\/li>\n\n\n\n<li><a href=\"https:\/\/develop.olympic.ca\/olympique\/equipe-canada\/jennifer-walinga\/\">Jennifer Walinga OLY<\/a> (Aviron &#8211; S\u00e9oul 1988)<\/li>\n<\/ul>\n\n\n\n<p class=\"wp-block-paragraph\"><strong>Membres nomm\u00e9s<\/strong><\/p>\n\n\n\n<ul class=\"wp-block-list\">\n<li><a href=\"https:\/\/develop.olympic.ca\/olympique\/equipe-canada\/mercedes-nicoll\/\">Mercedes Nicoll OLY<\/a> (Snowboard &#8211; Turin 2006, Vancouver 2010, Sotchi 2014, PyeongChang 2018) \u2013 Nomm\u00e9e par la commission des athl\u00e8tes du COC<\/li>\n\n\n\n<li><a href=\"https:\/\/develop.olympic.ca\/olympique\/equipe-canada\/bruny-surin\/\">Bruny Surin OLY<\/a> (Athl\u00e9tisme &#8211; S\u00e9oul 1988, Barcelone 1992, Atlanta 1996, Sydney 2000) \u2013 membre nomm\u00e9 par la commission OLY Canada<\/li>\n\n\n\n<li><a href=\"https:\/\/develop.olympic.ca\/olympique\/equipe-canada\/sandra-sassine\/\">Sandra Sassine OLY <\/a>(Escrime &#8211; Beijing 2008, Londres 2012) \u2013 Membre du personnel nomm\u00e9e<\/li>\n<\/ul>\n\n\n\n<p class=\"wp-block-paragraph\">Les membres sortants de la commission sont Charmaine Crooks OLY (Athl\u00e9tisme &#8211; Moscou 1980, Los Angeles 1984, S\u00e9oul 1988, Barcelone 1992, Atlanta 1996), Christian Farstad OLY (Bobsleigh &#8211; Albertville 1992, Lillehammer 1994) et Olya Ovtchinnikova (Fencing &#8211; Beijing 2008).<\/p>\n\n\n\n<p class=\"wp-block-paragraph\">D\u00c9CLARATIONS<\/p>\n\n\n\n<p class=\"wp-block-paragraph\">\u00ab Charmaine, Chris et Olya ont travaill\u00e9 sans rel\u00e2che \u00e0 la mise en place du r\u00e9seau des Olympiens canadiens. Ils ont consacr\u00e9 leurs id\u00e9es et leur temps \u00e0 ces efforts, depuis les toutes premi\u00e8res r\u00e9unions jusqu&rsquo;\u00e0 l&rsquo;officialisation de la commission en 2019. Nous sommes extr\u00eamement reconnaissants envers ces trois pionniers pour tout ce qu&rsquo;ils ont fait afin de jeter les bases d&rsquo;une commission OLY Canada couronn\u00e9e de succ\u00e8s. \u00bb<\/p>\n\n\n\n<p class=\"wp-block-paragraph\">&#8211; Claire Carver-Dias, m\u00e9daill\u00e9e de bronze olympique en natation artistique, pr\u00e9sidente de la commission OLY Canada<\/p>\n\n\n\n<p class=\"wp-block-paragraph\">\u00ab Je suis extr\u00eamement reconnaissante d\u2019avoir \u00e9t\u00e9 \u00e9lue \u00e0 la Commission OLY Canada. Les valeurs olympiques me sont tr\u00e8s ch\u00e8res et je les porte pr\u00e8s de mon c\u0153ur. C\u2019est donc un mandat tr\u00e8s honorable de pouvoir faire rayonner les valeurs du mouvement olympique gr\u00e2ce \u00e0 cette position, tout en mobilisant l\u2019implication de notre belle communaut\u00e9 d\u2019Olympiens, actifs ou retrait\u00e9s. \u00bb<\/p>\n\n\n\n<p class=\"wp-block-paragraph\">\u2013 Maxime Dufour-Lapointe, Olympienne en ski acrobatique<\/p>\n\n\n\n<p class=\"wp-block-paragraph\">\u00ab Je suis tr\u00e8s reconnaissante envers le r\u00e9seau OLY pour son soutien et je m&rsquo;engage \u00e0 faire progresser les principes olympiques en tant que chercheuse et d\u00e9fenseure des int\u00e9r\u00eats du sport. Je ferai profiter la commission OLY de mon exp\u00e9rience et de ma formation en mati\u00e8re de communication et de culture organisationnelle afin d&rsquo;aider \u00e0 relier et \u00e0 galvaniser le r\u00e9seau OLY des leaders du sport et je suis impatiente de travailler avec ce groupe de personnes inspirantes au sein de la commission. \u00bb<\/p>\n\n\n\n<p class=\"wp-block-paragraph\">&#8211; Jennifer Walinga, Olympienne en aviron<\/p>\n\n\n\n<p class=\"wp-block-paragraph\">\u00ab Je suis profond\u00e9ment reconnaissant d&rsquo;avoir \u00e9t\u00e9 nomm\u00e9 membre de la Commission OLY Canada. Je suis honor\u00e9 de pouvoir repr\u00e9senter les Olympiens d\u2019\u00c9quipe Canada et de contribuer \u00e0 \u00e9lever le statut d\u2019Olympien au-del\u00e0 de la comp\u00e9tition, tout en rapprochant le Mouvement olympique de la soci\u00e9t\u00e9 canadienne. \u00bb<\/p>\n\n\n\n<p class=\"wp-block-paragraph\">\u2013 Bruny Surin OLY, chef de mission d\u2019\u00c9quipe Canada pour les Jeux olympiques de Paris 2024<\/p>\n\n\n\n<p class=\"wp-block-paragraph\">\u00ab Le Canada compte de nombreux athl\u00e8tes olympiques incroyables qui repr\u00e9sentent les valeurs d&rsquo;excellence, de respect et d&rsquo;amiti\u00e9 du Mouvement olympique. La commission OLY Canada est un excellent moyen d\u2019habiliter ce groupe et de contribuer \u00e0 l&rsquo;unit\u00e9 et \u00e0 l&rsquo;engagement de la communaut\u00e9 des Olympiens d&rsquo;\u00c9quipe Canada. Je suis ravie de souhaiter la bienvenue \u00e0 Maxime, Jennifer et Bruny au sein de la commission OLY Canada et je suis impatiente de voir l&rsquo;influence de leur leadership. \u00bb<\/p>\n\n\n\n<p class=\"wp-block-paragraph\">&#8211; Tricia Smith, quadruple Olympienne et pr\u00e9sidente du COC&nbsp;<\/p>\n\n\n\n<p class=\"wp-block-paragraph\">-30-<\/p>\n\n\n\n<p class=\"wp-block-paragraph\">CONTACTS POUR LES M\u00c9DIAS<\/p>\n\n\n\n<p class=\"wp-block-paragraph\">Samantha Sokol<br>Sp\u00e9cialiste des communications<br>Cell. : 647-385-7107<br>Courriel : <a href=\"mailto:ssokol@olympique.ca\">ssokol@olympique.ca<\/a><\/p>\n\n\n\n<p class=\"wp-block-paragraph\">Koteki Inaba<br>Gestionnaire de programme, relations publiques<br>Cell. : 438-337-6010<br>Courriel : <a href=\"mailto:kinaba@olympique.ca\">kinaba@olympique.ca<\/a><\/p>\n","protected":false},"excerpt":{"rendered":"<p>TORONTO (4 juin 2024) \u2014 Mardi, le Comit\u00e9 olympique canadien (COC) a officiellement accueilli les nouveaux membres de la commission&#8230;<\/p>\n","protected":false},"featured_media":209306,"template":"","format":"standard","tags":[],"type-of-press":[496138],"press-topic":[415985198],"years":[682166484],"class_list":["post-246017","press","type-press","status-publish","format-standard","has-post-thumbnail","hentry","type-of-press-communiques","press-topic-general","years-682166484"],"acf":[],"yoast_head":"<!-- This site is optimized with the Yoast SEO plugin v27.3 - https:\/\/yoast.com\/product\/yoast-seo-wordpress\/ -->\n<title>Le COC accueille trois nouveaux membres au sein de la commission OLY Canada - \u00c9quipe Canada | Site officiel de l&#039;\u00e9quipe olympique<\/title>\n<meta name=\"robots\" content=\"index, follow, max-snippet:-1, max-image-preview:large, max-video-preview:-1\" \/>\n<link rel=\"canonical\" href=\"https:\/\/develop.olympic.ca\/olympique\/presse\/le-coc-accueille-trois-nouveaux-membres-au-sein-de-la-commission-oly-canada\/\" \/>\n<meta property=\"og:locale\" content=\"fr_FR\" \/>\n<meta property=\"og:type\" content=\"article\" \/>\n<meta property=\"og:title\" content=\"Le COC accueille trois nouveaux membres au sein de la commission OLY Canada - \u00c9quipe Canada | Site officiel de l&#039;\u00e9quipe olympique\" \/>\n<meta property=\"og:description\" content=\"TORONTO (4 juin 2024) \u2014 Mardi, le Comit\u00e9 olympique canadien (COC) a officiellement accueilli les nouveaux membres de la commission...\" \/>\n<meta property=\"og:url\" content=\"https:\/\/develop.olympic.ca\/olympique\/presse\/le-coc-accueille-trois-nouveaux-membres-au-sein-de-la-commission-oly-canada\/\" \/>\n<meta property=\"og:site_name\" content=\"\u00c9quipe Canada | Site officiel de l&#039;\u00e9quipe olympique\" \/>\n<meta property=\"article:modified_time\" content=\"2024-06-04T15:13:13+00:00\" \/>\n<meta property=\"og:image\" content=\"https:\/\/develop.olympic.ca\/olympique\/wp-content\/uploads\/sites\/2\/2022\/06\/WEB_COC_COMMUNIQUE.jpg?quality=100\" \/>\n\t<meta property=\"og:image:width\" content=\"5584\" \/>\n\t<meta property=\"og:image:height\" content=\"3143\" \/>\n\t<meta property=\"og:image:type\" content=\"image\/jpeg\" \/>\n<meta name=\"twitter:card\" content=\"summary_large_image\" \/>\n<meta name=\"twitter:label1\" content=\"Est. reading time\" \/>\n\t<meta name=\"twitter:data1\" content=\"5 minutes\" \/>\n\t<meta name=\"twitter:label2\" content=\"Written by\" \/>\n\t<meta name=\"twitter:data2\" content=\"zsinha\" \/>\n<script type=\"application\/ld+json\" class=\"yoast-schema-graph\">{\"@context\":\"https:\\\/\\\/schema.org\",\"@graph\":[{\"@type\":\"WebPage\",\"@id\":\"https:\\\/\\\/develop.olympic.ca\\\/olympique\\\/presse\\\/le-coc-accueille-trois-nouveaux-membres-au-sein-de-la-commission-oly-canada\\\/\",\"url\":\"https:\\\/\\\/develop.olympic.ca\\\/olympique\\\/presse\\\/le-coc-accueille-trois-nouveaux-membres-au-sein-de-la-commission-oly-canada\\\/\",\"name\":\"Le COC accueille trois nouveaux membres au sein de la commission OLY Canada - \u00c9quipe Canada | Site officiel de l&#039;\u00e9quipe olympique\",\"isPartOf\":{\"@id\":\"https:\\\/\\\/develop.olympic.ca\\\/olympique\\\/#website\"},\"primaryImageOfPage\":{\"@id\":\"https:\\\/\\\/develop.olympic.ca\\\/olympique\\\/presse\\\/le-coc-accueille-trois-nouveaux-membres-au-sein-de-la-commission-oly-canada\\\/#primaryimage\"},\"image\":{\"@id\":\"https:\\\/\\\/develop.olympic.ca\\\/olympique\\\/presse\\\/le-coc-accueille-trois-nouveaux-membres-au-sein-de-la-commission-oly-canada\\\/#primaryimage\"},\"thumbnailUrl\":\"https:\\\/\\\/develop.olympic.ca\\\/olympique\\\/wp-content\\\/uploads\\\/sites\\\/2\\\/2022\\\/06\\\/WEB_COC_COMMUNIQUE.jpg?quality=100\",\"datePublished\":\"2024-06-04T15:00:00+00:00\",\"dateModified\":\"2024-06-04T15:13:13+00:00\",\"inLanguage\":\"fr-FR\",\"potentialAction\":[{\"@type\":\"ReadAction\",\"target\":[\"https:\\\/\\\/develop.olympic.ca\\\/olympique\\\/presse\\\/le-coc-accueille-trois-nouveaux-membres-au-sein-de-la-commission-oly-canada\\\/\"]}]},{\"@type\":\"ImageObject\",\"inLanguage\":\"fr-FR\",\"@id\":\"https:\\\/\\\/develop.olympic.ca\\\/olympique\\\/presse\\\/le-coc-accueille-trois-nouveaux-membres-au-sein-de-la-commission-oly-canada\\\/#primaryimage\",\"url\":\"https:\\\/\\\/develop.olympic.ca\\\/olympique\\\/wp-content\\\/uploads\\\/sites\\\/2\\\/2022\\\/06\\\/WEB_COC_COMMUNIQUE.jpg?quality=100\",\"contentUrl\":\"https:\\\/\\\/develop.olympic.ca\\\/olympique\\\/wp-content\\\/uploads\\\/sites\\\/2\\\/2022\\\/06\\\/WEB_COC_COMMUNIQUE.jpg?quality=100\",\"width\":5584,\"height\":3143,\"caption\":\"coc logo communique\"},{\"@type\":\"WebSite\",\"@id\":\"https:\\\/\\\/develop.olympic.ca\\\/olympique\\\/#website\",\"url\":\"https:\\\/\\\/develop.olympic.ca\\\/olympique\\\/\",\"name\":\"\u00c9quipe Canada | Site officiel de l&#039;\u00e9quipe olympique\",\"description\":\"Votre source pour l\u2019\u00c9quipe olympique canadienne. Retrouvez les r\u00e9cits, vid\u00e9os et photos des athl\u00e8tes canadiens, sports olympiques, Jeux olympiques de 2020 et bien plus!\",\"potentialAction\":[{\"@type\":\"SearchAction\",\"target\":{\"@type\":\"EntryPoint\",\"urlTemplate\":\"https:\\\/\\\/develop.olympic.ca\\\/olympique\\\/?s={search_term_string}\"},\"query-input\":{\"@type\":\"PropertyValueSpecification\",\"valueRequired\":true,\"valueName\":\"search_term_string\"}}],\"inLanguage\":\"fr-FR\"}]}<\/script>\n<!-- \/ Yoast SEO plugin. -->","yoast_head_json":{"title":"Le COC accueille trois nouveaux membres au sein de la commission OLY Canada - \u00c9quipe Canada | Site officiel de l&#039;\u00e9quipe olympique","robots":{"index":"index","follow":"follow","max-snippet":"max-snippet:-1","max-image-preview":"max-image-preview:large","max-video-preview":"max-video-preview:-1"},"canonical":"https:\/\/develop.olympic.ca\/olympique\/presse\/le-coc-accueille-trois-nouveaux-membres-au-sein-de-la-commission-oly-canada\/","og_locale":"fr_FR","og_type":"article","og_title":"Le COC accueille trois nouveaux membres au sein de la commission OLY Canada - \u00c9quipe Canada | Site officiel de l&#039;\u00e9quipe olympique","og_description":"TORONTO (4 juin 2024) \u2014 Mardi, le Comit\u00e9 olympique canadien (COC) a officiellement accueilli les nouveaux membres de la commission...","og_url":"https:\/\/develop.olympic.ca\/olympique\/presse\/le-coc-accueille-trois-nouveaux-membres-au-sein-de-la-commission-oly-canada\/","og_site_name":"\u00c9quipe Canada | Site officiel de l&#039;\u00e9quipe olympique","article_modified_time":"2024-06-04T15:13:13+00:00","og_image":[{"width":5584,"height":3143,"url":"https:\/\/develop.olympic.ca\/olympique\/wp-content\/uploads\/sites\/2\/2022\/06\/WEB_COC_COMMUNIQUE.jpg?quality=100","type":"image\/jpeg"}],"twitter_card":"summary_large_image","twitter_misc":{"Est. reading time":"5 minutes","Written by":"zsinha"},"schema":{"@context":"https:\/\/schema.org","@graph":[{"@type":"WebPage","@id":"https:\/\/develop.olympic.ca\/olympique\/presse\/le-coc-accueille-trois-nouveaux-membres-au-sein-de-la-commission-oly-canada\/","url":"https:\/\/develop.olympic.ca\/olympique\/presse\/le-coc-accueille-trois-nouveaux-membres-au-sein-de-la-commission-oly-canada\/","name":"Le COC accueille trois nouveaux membres au sein de la commission OLY Canada - \u00c9quipe Canada | Site officiel de l&#039;\u00e9quipe olympique","isPartOf":{"@id":"https:\/\/develop.olympic.ca\/olympique\/#website"},"primaryImageOfPage":{"@id":"https:\/\/develop.olympic.ca\/olympique\/presse\/le-coc-accueille-trois-nouveaux-membres-au-sein-de-la-commission-oly-canada\/#primaryimage"},"image":{"@id":"https:\/\/develop.olympic.ca\/olympique\/presse\/le-coc-accueille-trois-nouveaux-membres-au-sein-de-la-commission-oly-canada\/#primaryimage"},"thumbnailUrl":"https:\/\/develop.olympic.ca\/olympique\/wp-content\/uploads\/sites\/2\/2022\/06\/WEB_COC_COMMUNIQUE.jpg?quality=100","datePublished":"2024-06-04T15:00:00+00:00","dateModified":"2024-06-04T15:13:13+00:00","inLanguage":"fr-FR","potentialAction":[{"@type":"ReadAction","target":["https:\/\/develop.olympic.ca\/olympique\/presse\/le-coc-accueille-trois-nouveaux-membres-au-sein-de-la-commission-oly-canada\/"]}]},{"@type":"ImageObject","inLanguage":"fr-FR","@id":"https:\/\/develop.olympic.ca\/olympique\/presse\/le-coc-accueille-trois-nouveaux-membres-au-sein-de-la-commission-oly-canada\/#primaryimage","url":"https:\/\/develop.olympic.ca\/olympique\/wp-content\/uploads\/sites\/2\/2022\/06\/WEB_COC_COMMUNIQUE.jpg?quality=100","contentUrl":"https:\/\/develop.olympic.ca\/olympique\/wp-content\/uploads\/sites\/2\/2022\/06\/WEB_COC_COMMUNIQUE.jpg?quality=100","width":5584,"height":3143,"caption":"coc logo communique"},{"@type":"WebSite","@id":"https:\/\/develop.olympic.ca\/olympique\/#website","url":"https:\/\/develop.olympic.ca\/olympique\/","name":"\u00c9quipe Canada | Site officiel de l&#039;\u00e9quipe olympique","description":"Votre source pour l\u2019\u00c9quipe olympique canadienne. Retrouvez les r\u00e9cits, vid\u00e9os et photos des athl\u00e8tes canadiens, sports olympiques, Jeux olympiques de 2020 et bien plus!","potentialAction":[{"@type":"SearchAction","target":{"@type":"EntryPoint","urlTemplate":"https:\/\/develop.olympic.ca\/olympique\/?s={search_term_string}"},"query-input":{"@type":"PropertyValueSpecification","valueRequired":true,"valueName":"search_term_string"}}],"inLanguage":"fr-FR"}]}},"jetpack_sharing_enabled":true,"_links":{"self":[{"href":"https:\/\/develop.olympic.ca\/olympique\/wp-json\/wp\/v2\/press\/246017","targetHints":{"allow":["GET"]}}],"collection":[{"href":"https:\/\/develop.olympic.ca\/olympique\/wp-json\/wp\/v2\/press"}],"about":[{"href":"https:\/\/develop.olympic.ca\/olympique\/wp-json\/wp\/v2\/types\/press"}],"version-history":[{"count":7,"href":"https:\/\/develop.olympic.ca\/olympique\/wp-json\/wp\/v2\/press\/246017\/revisions"}],"predecessor-version":[{"id":246027,"href":"https:\/\/develop.olympic.ca\/olympique\/wp-json\/wp\/v2\/press\/246017\/revisions\/246027"}],"wp:featuredmedia":[{"embeddable":true,"href":"https:\/\/develop.olympic.ca\/olympique\/wp-json\/wp\/v2\/media\/209306"}],"wp:attachment":[{"href":"https:\/\/develop.olympic.ca\/olympique\/wp-json\/wp\/v2\/media?parent=246017"}],"wp:term":[{"taxonomy":"post_tag","embeddable":true,"href":"https:\/\/develop.olympic.ca\/olympique\/wp-json\/wp\/v2\/tags?post=246017"},{"taxonomy":"type-of-press","embeddable":true,"href":"https:\/\/develop.olympic.ca\/olympique\/wp-json\/wp\/v2\/type-of-press?post=246017"},{"taxonomy":"press-topic","embeddable":true,"href":"https:\/\/develop.olympic.ca\/olympique\/wp-json\/wp\/v2\/press-topic?post=246017"},{"taxonomy":"years","embeddable":true,"href":"https:\/\/develop.olympic.ca\/olympique\/wp-json\/wp\/v2\/years?post=246017"}],"curies":[{"name":"wp","href":"https:\/\/api.w.org\/{rel}","templated":true}]}}