{"id":246074,"date":"2024-06-05T09:50:52","date_gmt":"2024-06-05T13:50:52","guid":{"rendered":"https:\/\/develop.olympic.ca\/olympique\/?post_type=press&#038;p=246074"},"modified":"2024-06-05T09:59:29","modified_gmt":"2024-06-05T13:59:29","slug":"disponibilite-media-pour-lequipe-de-natation-artistique-des-jeux-de-paris-2024-a-montreal","status":"publish","type":"press","link":"https:\/\/develop.olympic.ca\/olympique\/presse\/disponibilite-media-pour-lequipe-de-natation-artistique-des-jeux-de-paris-2024-a-montreal\/","title":{"rendered":"Disponibilit\u00e9 m\u00e9dia pour l\u2019\u00e9quipe de natation artistique des Jeux de Paris 2024 \u00e0 Montr\u00e9al"},"content":{"rendered":"\n<p class=\"wp-block-paragraph\">MONTR\u00c9AL (5 juin 2024) \u2013 Le lundi 10 juin, le Comit\u00e9 olympique canadien (COC) et Natation artistique Canada (NAC) d\u00e9voileront la composition de l\u2019\u00e9quipe de natation artistique d\u2019\u00c9quipe Canada qui sera nomm\u00e9e pour les Jeux olympiques de Paris 2024. Les repr\u00e9sentants des m\u00e9dias sont invit\u00e9s pour des entrevues, des photos et la saisie d\u2019images.<br><br>L\u2019\u00e9v\u00e9nement comprendra une courte pr\u00e9sentation avec de courtes allocutions de dirigeants du COC et de NAC ainsi que de Bruny Surin, chef de mission d\u2019\u00c9quipe Canada aux Jeux olympiques de Paris 2024. Il y aura aussi une c\u00e9r\u00e9monie de remise des vestes d\u2019\u00c9quipe Canada. Apr\u00e8s l\u2019annonce de l\u2019\u00e9quipe, les repr\u00e9sentants des m\u00e9dias auront l\u2019occasion de parler avec les athl\u00e8tes et les entra\u00eeneurs qui iront \u00e0 Paris.<\/p>\n\n\n\n<p class=\"wp-block-paragraph\">Les repr\u00e9sentants des m\u00e9dias sont pri\u00e9s de confirmer leur pr\u00e9sence aupr\u00e8s de Tara MacBournie (tmacbournie@olympique.ca).<br><br><strong>Quand<br><\/strong>Lundi 10 juin 2024<br>11h00<br><br><strong>O\u00f9<br><\/strong>Comit\u00e9 olympique canadien \u2013 Bureau de Montr\u00e9al<br>500, boul. Ren\u00e9-L\u00e9vesque Ouest, 1er \u00e9tage<br>Montr\u00e9al, Qu\u00e9bec<br><br><strong>Qui<br><\/strong>Athl\u00e8tes et entra\u00eeneurs de natation artistique de l\u2019\u00c9quipe olympique canadienne<br>Eric Myles, chef du Sport du COC<br>Bruny Surin, chef de mission d\u2019\u00c9quipe Canada aux Jeux de Paris 2024<br>Steve Wallace, chef de la direction de NAC<br>Sylvie Fr\u00e9chette, double m\u00e9daill\u00e9e olympique en natation artistique<\/p>\n\n\n\n<p class=\"has-text-align-center wp-block-paragraph\">&#8211; 30 &#8211;<\/p>\n\n\n\n<p class=\"wp-block-paragraph\">Tara MacBournie, gestionnaire de programme, communications sportives<br>Comit\u00e9 olympique canadien<br>Cell. : 647-522-8328<br>Courriel : <a href=\"mailto:tmacbournie@olympique.ca\">tmacbournie@olympique.ca<\/a><\/p>\n\n\n\n<p class=\"wp-block-paragraph\">St\u00e9phane C\u00f4t\u00e9, chef du d\u00e9veloppement commercial<br>Natation artistique Canada<br>Cell. : 418-420-2125<br>Courriel : <a href=\"mailto:stephane@artisticswimming.ca\">stephane@artisticswimming.ca<\/a><\/p>\n","protected":false},"excerpt":{"rendered":"<p>MONTR\u00c9AL (5 juin 2024) \u2013 Le lundi 10 juin, le Comit\u00e9 olympique canadien (COC) et Natation artistique Canada (NAC) d\u00e9voileront&#8230;<\/p>\n","protected":false},"featured_media":205579,"template":"","format":"standard","tags":[],"type-of-press":[87640050],"press-topic":[682165168],"years":[682166484],"class_list":["post-246074","press","type-press","status-publish","format-standard","has-post-thumbnail","hentry","type-of-press-avis-aux-medias","press-topic-paris-2024","years-682166484"],"acf":[],"yoast_head":"<!-- This site is optimized with the Yoast SEO plugin v27.3 - https:\/\/yoast.com\/product\/yoast-seo-wordpress\/ -->\n<title>Disponibilit\u00e9 m\u00e9dia pour l\u2019\u00e9quipe de natation artistique des Jeux de Paris 2024 \u00e0 Montr\u00e9al - \u00c9quipe Canada | Site officiel de l&#039;\u00e9quipe olympique<\/title>\n<meta name=\"description\" content=\"Le lundi 10 juin, le Comit\u00e9 olympique canadien (COC) et Natation artistique Canada (NAC) d\u00e9voileront la composition de l\u2019\u00e9quipe de natation artistique d\u2019\u00c9quipe Canada qui sera nomm\u00e9e pour les Jeux olympiques de Paris 2024. Les repr\u00e9sentants des m\u00e9dias sont invit\u00e9s pour des entrevues, des photos et la saisie d\u2019images.\" \/>\n<meta name=\"robots\" content=\"index, follow, max-snippet:-1, max-image-preview:large, max-video-preview:-1\" \/>\n<link rel=\"canonical\" href=\"https:\/\/develop.olympic.ca\/olympique\/presse\/disponibilite-media-pour-lequipe-de-natation-artistique-des-jeux-de-paris-2024-a-montreal\/\" \/>\n<meta property=\"og:locale\" content=\"fr_FR\" \/>\n<meta property=\"og:type\" content=\"article\" \/>\n<meta property=\"og:title\" content=\"Disponibilit\u00e9 m\u00e9dia pour l\u2019\u00e9quipe de natation artistique des Jeux de Paris 2024 \u00e0 Montr\u00e9al - \u00c9quipe Canada | Site officiel de l&#039;\u00e9quipe olympique\" \/>\n<meta property=\"og:description\" content=\"Le lundi 10 juin, le Comit\u00e9 olympique canadien (COC) et Natation artistique Canada (NAC) d\u00e9voileront la composition de l\u2019\u00e9quipe de natation artistique d\u2019\u00c9quipe Canada qui sera nomm\u00e9e pour les Jeux olympiques de Paris 2024. Les repr\u00e9sentants des m\u00e9dias sont invit\u00e9s pour des entrevues, des photos et la saisie d\u2019images.\" \/>\n<meta property=\"og:url\" content=\"https:\/\/develop.olympic.ca\/olympique\/presse\/disponibilite-media-pour-lequipe-de-natation-artistique-des-jeux-de-paris-2024-a-montreal\/\" \/>\n<meta property=\"og:site_name\" content=\"\u00c9quipe Canada | Site officiel de l&#039;\u00e9quipe olympique\" \/>\n<meta property=\"article:modified_time\" content=\"2024-06-05T13:59:29+00:00\" \/>\n<meta property=\"og:image\" content=\"https:\/\/develop.olympic.ca\/olympique\/wp-content\/uploads\/sites\/2\/2022\/02\/WEB_COC_AVIS-AUX-MEDIA-7.jpeg?quality=100\" \/>\n\t<meta property=\"og:image:width\" content=\"2048\" \/>\n\t<meta property=\"og:image:height\" content=\"1153\" \/>\n\t<meta property=\"og:image:type\" content=\"image\/jpeg\" \/>\n<meta name=\"twitter:card\" content=\"summary_large_image\" \/>\n<meta name=\"twitter:label1\" content=\"Est. reading time\" \/>\n\t<meta name=\"twitter:data1\" content=\"2 minutes\" \/>\n\t<meta name=\"twitter:label2\" content=\"Written by\" \/>\n\t<meta name=\"twitter:data2\" content=\"tmacbournieolympicca\" \/>\n<script type=\"application\/ld+json\" class=\"yoast-schema-graph\">{\"@context\":\"https:\\\/\\\/schema.org\",\"@graph\":[{\"@type\":\"WebPage\",\"@id\":\"https:\\\/\\\/develop.olympic.ca\\\/olympique\\\/presse\\\/disponibilite-media-pour-lequipe-de-natation-artistique-des-jeux-de-paris-2024-a-montreal\\\/\",\"url\":\"https:\\\/\\\/develop.olympic.ca\\\/olympique\\\/presse\\\/disponibilite-media-pour-lequipe-de-natation-artistique-des-jeux-de-paris-2024-a-montreal\\\/\",\"name\":\"Disponibilit\u00e9 m\u00e9dia pour l\u2019\u00e9quipe de natation artistique des Jeux de Paris 2024 \u00e0 Montr\u00e9al - \u00c9quipe Canada | Site officiel de l&#039;\u00e9quipe olympique\",\"isPartOf\":{\"@id\":\"https:\\\/\\\/develop.olympic.ca\\\/olympique\\\/#website\"},\"primaryImageOfPage\":{\"@id\":\"https:\\\/\\\/develop.olympic.ca\\\/olympique\\\/presse\\\/disponibilite-media-pour-lequipe-de-natation-artistique-des-jeux-de-paris-2024-a-montreal\\\/#primaryimage\"},\"image\":{\"@id\":\"https:\\\/\\\/develop.olympic.ca\\\/olympique\\\/presse\\\/disponibilite-media-pour-lequipe-de-natation-artistique-des-jeux-de-paris-2024-a-montreal\\\/#primaryimage\"},\"thumbnailUrl\":\"https:\\\/\\\/develop.olympic.ca\\\/olympique\\\/wp-content\\\/uploads\\\/sites\\\/2\\\/2022\\\/02\\\/WEB_COC_AVIS-AUX-MEDIA-7.jpeg?quality=100\",\"datePublished\":\"2024-06-05T13:50:52+00:00\",\"dateModified\":\"2024-06-05T13:59:29+00:00\",\"description\":\"Le lundi 10 juin, le Comit\u00e9 olympique canadien (COC) et Natation artistique Canada (NAC) d\u00e9voileront la composition de l\u2019\u00e9quipe de natation artistique d\u2019\u00c9quipe Canada qui sera nomm\u00e9e pour les Jeux olympiques de Paris 2024. Les repr\u00e9sentants des m\u00e9dias sont invit\u00e9s pour des entrevues, des photos et la saisie d\u2019images.\",\"inLanguage\":\"fr-FR\",\"potentialAction\":[{\"@type\":\"ReadAction\",\"target\":[\"https:\\\/\\\/develop.olympic.ca\\\/olympique\\\/presse\\\/disponibilite-media-pour-lequipe-de-natation-artistique-des-jeux-de-paris-2024-a-montreal\\\/\"]}]},{\"@type\":\"ImageObject\",\"inLanguage\":\"fr-FR\",\"@id\":\"https:\\\/\\\/develop.olympic.ca\\\/olympique\\\/presse\\\/disponibilite-media-pour-lequipe-de-natation-artistique-des-jeux-de-paris-2024-a-montreal\\\/#primaryimage\",\"url\":\"https:\\\/\\\/develop.olympic.ca\\\/olympique\\\/wp-content\\\/uploads\\\/sites\\\/2\\\/2022\\\/02\\\/WEB_COC_AVIS-AUX-MEDIA-7.jpeg?quality=100\",\"contentUrl\":\"https:\\\/\\\/develop.olympic.ca\\\/olympique\\\/wp-content\\\/uploads\\\/sites\\\/2\\\/2022\\\/02\\\/WEB_COC_AVIS-AUX-MEDIA-7.jpeg?quality=100\",\"width\":2048,\"height\":1153},{\"@type\":\"WebSite\",\"@id\":\"https:\\\/\\\/develop.olympic.ca\\\/olympique\\\/#website\",\"url\":\"https:\\\/\\\/develop.olympic.ca\\\/olympique\\\/\",\"name\":\"\u00c9quipe Canada | Site officiel de l&#039;\u00e9quipe olympique\",\"description\":\"Votre source pour l\u2019\u00c9quipe olympique canadienne. Retrouvez les r\u00e9cits, vid\u00e9os et photos des athl\u00e8tes canadiens, sports olympiques, Jeux olympiques de 2020 et bien plus!\",\"potentialAction\":[{\"@type\":\"SearchAction\",\"target\":{\"@type\":\"EntryPoint\",\"urlTemplate\":\"https:\\\/\\\/develop.olympic.ca\\\/olympique\\\/?s={search_term_string}\"},\"query-input\":{\"@type\":\"PropertyValueSpecification\",\"valueRequired\":true,\"valueName\":\"search_term_string\"}}],\"inLanguage\":\"fr-FR\"}]}<\/script>\n<!-- \/ Yoast SEO plugin. -->","yoast_head_json":{"title":"Disponibilit\u00e9 m\u00e9dia pour l\u2019\u00e9quipe de natation artistique des Jeux de Paris 2024 \u00e0 Montr\u00e9al - \u00c9quipe Canada | Site officiel de l&#039;\u00e9quipe olympique","description":"Le lundi 10 juin, le Comit\u00e9 olympique canadien (COC) et Natation artistique Canada (NAC) d\u00e9voileront la composition de l\u2019\u00e9quipe de natation artistique d\u2019\u00c9quipe Canada qui sera nomm\u00e9e pour les Jeux olympiques de Paris 2024. Les repr\u00e9sentants des m\u00e9dias sont invit\u00e9s pour des entrevues, des photos et la saisie d\u2019images.","robots":{"index":"index","follow":"follow","max-snippet":"max-snippet:-1","max-image-preview":"max-image-preview:large","max-video-preview":"max-video-preview:-1"},"canonical":"https:\/\/develop.olympic.ca\/olympique\/presse\/disponibilite-media-pour-lequipe-de-natation-artistique-des-jeux-de-paris-2024-a-montreal\/","og_locale":"fr_FR","og_type":"article","og_title":"Disponibilit\u00e9 m\u00e9dia pour l\u2019\u00e9quipe de natation artistique des Jeux de Paris 2024 \u00e0 Montr\u00e9al - \u00c9quipe Canada | Site officiel de l&#039;\u00e9quipe olympique","og_description":"Le lundi 10 juin, le Comit\u00e9 olympique canadien (COC) et Natation artistique Canada (NAC) d\u00e9voileront la composition de l\u2019\u00e9quipe de natation artistique d\u2019\u00c9quipe Canada qui sera nomm\u00e9e pour les Jeux olympiques de Paris 2024. Les repr\u00e9sentants des m\u00e9dias sont invit\u00e9s pour des entrevues, des photos et la saisie d\u2019images.","og_url":"https:\/\/develop.olympic.ca\/olympique\/presse\/disponibilite-media-pour-lequipe-de-natation-artistique-des-jeux-de-paris-2024-a-montreal\/","og_site_name":"\u00c9quipe Canada | Site officiel de l&#039;\u00e9quipe olympique","article_modified_time":"2024-06-05T13:59:29+00:00","og_image":[{"width":2048,"height":1153,"url":"https:\/\/develop.olympic.ca\/olympique\/wp-content\/uploads\/sites\/2\/2022\/02\/WEB_COC_AVIS-AUX-MEDIA-7.jpeg?quality=100","type":"image\/jpeg"}],"twitter_card":"summary_large_image","twitter_misc":{"Est. reading time":"2 minutes","Written by":"tmacbournieolympicca"},"schema":{"@context":"https:\/\/schema.org","@graph":[{"@type":"WebPage","@id":"https:\/\/develop.olympic.ca\/olympique\/presse\/disponibilite-media-pour-lequipe-de-natation-artistique-des-jeux-de-paris-2024-a-montreal\/","url":"https:\/\/develop.olympic.ca\/olympique\/presse\/disponibilite-media-pour-lequipe-de-natation-artistique-des-jeux-de-paris-2024-a-montreal\/","name":"Disponibilit\u00e9 m\u00e9dia pour l\u2019\u00e9quipe de natation artistique des Jeux de Paris 2024 \u00e0 Montr\u00e9al - \u00c9quipe Canada | Site officiel de l&#039;\u00e9quipe olympique","isPartOf":{"@id":"https:\/\/develop.olympic.ca\/olympique\/#website"},"primaryImageOfPage":{"@id":"https:\/\/develop.olympic.ca\/olympique\/presse\/disponibilite-media-pour-lequipe-de-natation-artistique-des-jeux-de-paris-2024-a-montreal\/#primaryimage"},"image":{"@id":"https:\/\/develop.olympic.ca\/olympique\/presse\/disponibilite-media-pour-lequipe-de-natation-artistique-des-jeux-de-paris-2024-a-montreal\/#primaryimage"},"thumbnailUrl":"https:\/\/develop.olympic.ca\/olympique\/wp-content\/uploads\/sites\/2\/2022\/02\/WEB_COC_AVIS-AUX-MEDIA-7.jpeg?quality=100","datePublished":"2024-06-05T13:50:52+00:00","dateModified":"2024-06-05T13:59:29+00:00","description":"Le lundi 10 juin, le Comit\u00e9 olympique canadien (COC) et Natation artistique Canada (NAC) d\u00e9voileront la composition de l\u2019\u00e9quipe de natation artistique d\u2019\u00c9quipe Canada qui sera nomm\u00e9e pour les Jeux olympiques de Paris 2024. Les repr\u00e9sentants des m\u00e9dias sont invit\u00e9s pour des entrevues, des photos et la saisie d\u2019images.","inLanguage":"fr-FR","potentialAction":[{"@type":"ReadAction","target":["https:\/\/develop.olympic.ca\/olympique\/presse\/disponibilite-media-pour-lequipe-de-natation-artistique-des-jeux-de-paris-2024-a-montreal\/"]}]},{"@type":"ImageObject","inLanguage":"fr-FR","@id":"https:\/\/develop.olympic.ca\/olympique\/presse\/disponibilite-media-pour-lequipe-de-natation-artistique-des-jeux-de-paris-2024-a-montreal\/#primaryimage","url":"https:\/\/develop.olympic.ca\/olympique\/wp-content\/uploads\/sites\/2\/2022\/02\/WEB_COC_AVIS-AUX-MEDIA-7.jpeg?quality=100","contentUrl":"https:\/\/develop.olympic.ca\/olympique\/wp-content\/uploads\/sites\/2\/2022\/02\/WEB_COC_AVIS-AUX-MEDIA-7.jpeg?quality=100","width":2048,"height":1153},{"@type":"WebSite","@id":"https:\/\/develop.olympic.ca\/olympique\/#website","url":"https:\/\/develop.olympic.ca\/olympique\/","name":"\u00c9quipe Canada | Site officiel de l&#039;\u00e9quipe olympique","description":"Votre source pour l\u2019\u00c9quipe olympique canadienne. Retrouvez les r\u00e9cits, vid\u00e9os et photos des athl\u00e8tes canadiens, sports olympiques, Jeux olympiques de 2020 et bien plus!","potentialAction":[{"@type":"SearchAction","target":{"@type":"EntryPoint","urlTemplate":"https:\/\/develop.olympic.ca\/olympique\/?s={search_term_string}"},"query-input":{"@type":"PropertyValueSpecification","valueRequired":true,"valueName":"search_term_string"}}],"inLanguage":"fr-FR"}]}},"jetpack_sharing_enabled":true,"_links":{"self":[{"href":"https:\/\/develop.olympic.ca\/olympique\/wp-json\/wp\/v2\/press\/246074","targetHints":{"allow":["GET"]}}],"collection":[{"href":"https:\/\/develop.olympic.ca\/olympique\/wp-json\/wp\/v2\/press"}],"about":[{"href":"https:\/\/develop.olympic.ca\/olympique\/wp-json\/wp\/v2\/types\/press"}],"version-history":[{"count":4,"href":"https:\/\/develop.olympic.ca\/olympique\/wp-json\/wp\/v2\/press\/246074\/revisions"}],"predecessor-version":[{"id":246079,"href":"https:\/\/develop.olympic.ca\/olympique\/wp-json\/wp\/v2\/press\/246074\/revisions\/246079"}],"wp:featuredmedia":[{"embeddable":true,"href":"https:\/\/develop.olympic.ca\/olympique\/wp-json\/wp\/v2\/media\/205579"}],"wp:attachment":[{"href":"https:\/\/develop.olympic.ca\/olympique\/wp-json\/wp\/v2\/media?parent=246074"}],"wp:term":[{"taxonomy":"post_tag","embeddable":true,"href":"https:\/\/develop.olympic.ca\/olympique\/wp-json\/wp\/v2\/tags?post=246074"},{"taxonomy":"type-of-press","embeddable":true,"href":"https:\/\/develop.olympic.ca\/olympique\/wp-json\/wp\/v2\/type-of-press?post=246074"},{"taxonomy":"press-topic","embeddable":true,"href":"https:\/\/develop.olympic.ca\/olympique\/wp-json\/wp\/v2\/press-topic?post=246074"},{"taxonomy":"years","embeddable":true,"href":"https:\/\/develop.olympic.ca\/olympique\/wp-json\/wp\/v2\/years?post=246074"}],"curies":[{"name":"wp","href":"https:\/\/api.w.org\/{rel}","templated":true}]}}