{"id":246087,"date":"2024-06-06T10:30:00","date_gmt":"2024-06-06T14:30:00","guid":{"rendered":"https:\/\/develop.olympic.ca\/olympique\/?post_type=press&#038;p=246087"},"modified":"2024-06-06T09:34:52","modified_gmt":"2024-06-06T13:34:52","slug":"le-coc-celebre-lequipe-derriere-lequipe-a-50-jours-des-jeux-de-paris-2024","status":"publish","type":"press","link":"https:\/\/develop.olympic.ca\/olympique\/presse\/le-coc-celebre-lequipe-derriere-lequipe-a-50-jours-des-jeux-de-paris-2024\/","title":{"rendered":"Le COC c\u00e9l\u00e8bre l\u2019\u00e9quipe derri\u00e8re l\u2019\u00e9quipe \u00e0 50 jours des Jeux de Paris 2024"},"content":{"rendered":"\n<p class=\"wp-block-paragraph\">MONTR\u00c9AL (6 juin 2024) \u2013 \u00c0 50 jours de la c\u00e9r\u00e9monie d\u2019ouverture des Jeux olympiques Paris 2024, le Comit\u00e9 olympique canadien (COC) a d\u00e9voil\u00e9 la liste des principaux membres de son \u00e9quipe de mission qui sera responsable du soutien d\u2019\u00c9quipe Canada.&nbsp;<\/p>\n\n\n\n<p class=\"wp-block-paragraph\">\u25cf  <a href=\"https:\/\/develop.olympic.ca\/olympique\/equipe-canada\/christine-girard\/\" target=\"_blank\" rel=\"noreferrer noopener\">&nbsp;Christine Girard<\/a>, OLY et<a href=\"https:\/\/develop.olympic.ca\/olympique\/equipe-canada\/rosie-maclennan\/\" target=\"_blank\" rel=\"noreferrer noopener\"> Rosie MacLennan<\/a>, OLY \u2013 Agentes de services aux athl\u00e8tes<br>\u25cf   D<sup>re<\/sup> Suzanne Leclerc \u2013 M\u00e9decin en chef<br>\u25cf   D<sup>re<\/sup> Karen MacNeill \u2013 Responsable de la sant\u00e9 mentale<br>\u25cf   D<sup>r<\/sup> Alexis Gagnon-Dolbec et Lisa Hoffart \u2013 Praticiens en sant\u00e9 mentale<br>\u25cf   Evelyne Telmosse \u2013 Nutritionniste de performance<\/p>\n\n\n\n<p class=\"wp-block-paragraph\">\u00ab Paris 2024 marque un retour aux Jeux dans toute leur ampleur, comme on n\u2019en pas connu depuis longtemps. Nous avons une \u00e9quipe de mission d\u00e9di\u00e9e et pr\u00eate \u00e0 relever le d\u00e9fi d\u2019appuyer les athl\u00e8tes incroyables qui repr\u00e9senteront le Canada cet \u00e9t\u00e9, affirme Eric Myles, chef du Sport du COC. Ce groupe sp\u00e9cial de personnes engag\u00e9es de partout au pays compte offrir le meilleur environnement de performance possible o\u00f9 la sant\u00e9 mentale et physique sont \u00e0 l\u2019avant-plan. Ensemble, nous sommes engag\u00e9s \u00e0 appuyer toute la d\u00e9l\u00e9gation d\u2019\u00c9quipe Canada \u00e0 travers ce qui s\u2019annonce comme des Jeux olympiques inoubliables. \u00bb<\/p>\n\n\n\n<p class=\"wp-block-paragraph\">\u00c0 leurs postes d\u2019agentes de services aux athl\u00e8tes, Girard et MacLennan seront aux premi\u00e8res lignes dans le b\u00e2timent d\u2019\u00c9quipe Canada au Village olympique afin de desservir tous les membres d\u2019\u00c9quipe Canada. Elles seront les principales personnes qui offriront de l\u2019information, elles assureront le lien entre les membres de l\u2019\u00e9quipe et agiront comme ressource amicale de soutien pour les athl\u00e8tes qui doivent relever le d\u00e9fi de performer aux Jeux olympiques, tout en travaillant pour s\u2019assurer que la d\u00e9l\u00e9gation canadienne dans son ensemble puisse vivre une exp\u00e9rience positive et accueillante.<\/p>\n\n\n\n<p class=\"wp-block-paragraph\">Girard est la premi\u00e8re championne olympique du Canada en halt\u00e9rophilie, elle qui a remport\u00e9 la m\u00e9daille d\u2019or dans la cat\u00e9gorie de poids des 63 kg chez les femmes \u00e0 Londres 2012. \u00c0 ses premiers Jeux olympiques \u00e0 Beijing 2008, elle a rafl\u00e9 le bronze et est ainsi devenue la premi\u00e8re femme canadienne \u00e0 remporter une m\u00e9daille en halt\u00e9rophilie. Ces m\u00e9dailles lui ont toutefois \u00e9t\u00e9 attribu\u00e9es plusieurs ann\u00e9es plus tard, quand des athl\u00e8tes qui s\u2019\u00e9taient initialement class\u00e9es devant elle ont \u00e9t\u00e9 disqualifi\u00e9es pour des infractions en mati\u00e8re de dopage. L\u2019exp\u00e9rience que Girard a v\u00e9cue \u00e0 cet \u00e9gard l\u2019a incit\u00e9e \u00e0 devenir une ambassadrice et une porte-parole engag\u00e9e pour le sport s\u00e9curitaire, \u00e9thique et \u00e9quitable. Elle est ambassadrice de l\u2019\u00e9ducation pour l\u2019International Testing Agency et membre de la commission antidopage de la F\u00e9d\u00e9ration internationale d\u2019halt\u00e9rophilie. Elle a par ailleurs \u00e9t\u00e9 chef de mission d\u2019\u00c9quipe Canada aux Jeux panam\u00e9ricains de Santiago 2023 et elle se servira de l\u2019exp\u00e9rience qu\u2019elle a v\u00e9cue dans ce r\u00f4le pour bien soutenir l\u2019\u00c9quipe olympique canadienne \u00e0 Paris cet \u00e9t\u00e9.<br><br>\u00ab Je suis tout \u00e0 fait emball\u00e9e de pouvoir soutenir \u00c9quipe Canada et d\u2019avoir la chance d\u2019\u00eatre entour\u00e9e de personnes aussi extraordinaires et inspirantes aux Jeux olympiques de Paris 2024, a d\u00e9clar\u00e9 Girard. Cette occasion est d\u2019autant plus significative en raison de ce que j\u2019ai v\u00e9cu comme chef de mission aux Jeux panam\u00e9ricains, o\u00f9 j\u2019ai assist\u00e9 \u00e0 tellement de performances historiques d\u2019\u00c9quipe Canada! J\u2019ai h\u00e2te d\u2019\u00eatre sur place, avec et pour notre \u00e9quipe canadienne, et de voir nos athl\u00e8tes afficher toutes les qualit\u00e9s qui nous rendent si fiers d\u2019arborer la feuille d\u2019\u00e9rable. Ce sera une exp\u00e9rience formidable pour nous tous et nous toutes ! \u00bb<\/p>\n\n\n\n<p class=\"wp-block-paragraph\">MacLennan a particip\u00e9 \u00e0 quatre \u00e9ditions des Jeux olympiques et elle a \u00e9t\u00e9 couronn\u00e9e championne olympique \u00e0 deux reprises (Londres 2012 et Rio 2016) au trampoline. Elle est la premi\u00e8re trampoliniste de l\u2019histoire \u00e0 avoir remport\u00e9 deux m\u00e9dailles d\u2019or olympique d\u2019affil\u00e9e, le premier athl\u00e8te canadien \u00e0 d\u00e9fendre avec succ\u00e8s un titre olympique aux Jeux d\u2019\u00e9t\u00e9 et la premi\u00e8re femme canadienne \u00e0 remporter deux m\u00e9dailles d\u2019or dans une \u00e9preuve individuelle aux Jeux d\u2019\u00e9t\u00e9. Au moment d\u2019entreprendre les Jeux de Rio 2016 \u00e0 titre de championne olympique en titre, MacLennan a \u00e9t\u00e9 nomm\u00e9e porte-drapeau d\u2019\u00c9quipe Canada en vue de la c\u00e9r\u00e9monie d\u2019ouverture de ces Jeux. MacLennan a particip\u00e9 \u00e0 ses derniers Jeux olympiques \u00e0 Tokyo 2020. Elle a fini quatri\u00e8me apr\u00e8s avoir d\u00fb composer avec une grave blessure \u00e0 la cheville dans les derni\u00e8res semaines pr\u00e9c\u00e9dant les Jeux olympiques. Elle d\u00e9tient une ma\u00eetrise \u00e8s sciences en kin\u00e9siologie et en science de l\u2019exercice de l\u2019Universit\u00e9 de Toronto. Apr\u00e8s les Jeux de Tokyo, elle a compl\u00e9t\u00e9 une ma\u00eetrise en administration des affaires \u00e0 l\u2019Universit\u00e9 Stanford en 2023. MacLennan continue de redonner au sport et elle est actuellement la pr\u00e9sidente de la commission des athl\u00e8tes du Comit\u00e9 olympique canadien.<br><br>\u00ab C\u2019est un honneur pour moi d\u2019avoir l\u2019occasion de faire partie d\u2019\u00c9quipe Canada dans un autre r\u00f4le \u00e0 Paris 2024, en tant qu\u2019agente de services aux athl\u00e8tes, a d\u00e9clar\u00e9 MacLennan. Je suis enchant\u00e9e de faire partie de \u2018l\u2019\u00e9quipe derri\u00e8re l\u2019\u00e9quipe\u2019 et de pouvoir tirer profit de mon exp\u00e9rience pour soutenir les athl\u00e8tes canadiens \u00e0 l\u2019occasion de ce qui seront assur\u00e9ment des Jeux olympiques extraordinaires. Chaque parcours olympique est tellement sp\u00e9cial, ce qui fait que je suis tout \u00e0 fait emball\u00e9e de pouvoir aider \u00e0 faire en sorte que l\u2019exp\u00e9rience que vivra \u00c9quipe Canada \u00e0 Paris en sera une de classe mondiale. \u00bb<\/p>\n\n\n\n<p class=\"wp-block-paragraph\">Girard et MacLennan travailleront aux c\u00f4t\u00e9s de Bruny Surin, chef de mission d\u2019\u00c9quipe Canada \u00e0 Paris 2024.<\/p>\n\n\n\n<p class=\"wp-block-paragraph\">\u00ab Diriger l\u2019\u00e9quipe derri\u00e8re l\u2019\u00e9quipe et travailler avec les Olympiennes Christine et Rosie, qui partagent le m\u00eame objectif commun de soutenir \u00c9quipe Canada, est indescriptible. Notre \u00e9quipe de soutien est compos\u00e9e de professionnels d\u00e9vou\u00e9s et exp\u00e9riment\u00e9s pour que les athl\u00e8tes canadiens soient au sommet de leur forme \u00e0 Paris. L\u2019excellence de notre \u00e9quipe de mission t\u00e9moigne de notre engagement collectif \u00e0 cr\u00e9er un h\u00e9ritage positif et durable, uni par un objectif commun : faire briller le Canada \u00e0 Paris, \u00bb a d\u00e9clar\u00e9 Bruny Surin, chef de mission d\u2019\u00c9quipe Canada pour les Jeux olympiques de 2024 \u00e0 Paris.<\/p>\n\n\n\n<p class=\"wp-block-paragraph\">La D<sup>re<\/sup> Karen MacNeill occupera le poste de responsable de la sant\u00e9 mentale d\u2019\u00c9quipe Canada aux Jeux de Paris 2024. MacNeill, qui est psychologue agr\u00e9\u00e9e et consultante certifi\u00e9e en performance mentale, a travaill\u00e9 avec des athl\u00e8tes dans le domaine de la performance mentale et de la sant\u00e9 mentale \u00e0 cinq \u00e9ditions pr\u00e9c\u00e9dentes des Jeux olympiques. Elle a notamment agi comme responsable de la performance mentale et consultante en sant\u00e9 mentale pour \u00c9quipe Canada \u00e0 PyeongChang 2018, Tokyo 2020 et Beijing 2022. MacNeill compte plus de 20 ans d\u2019exp\u00e9rience en soutien \u00e0 la sant\u00e9 et forme mentale des athl\u00e8tes et elle a aussi repr\u00e9sent\u00e9 le Canada \u00e0 l\u2019\u00e9chelle internationale en tant que joueuse de hockey sur gazon avant d\u2019entreprendre sa carri\u00e8re en performance mentale et sant\u00e9 mentale.<\/p>\n\n\n\n<p class=\"wp-block-paragraph\">En collaboration avec la D<sup>re<\/sup> MacNeill, le D<sup>r<\/sup> Alexis Gagnon-Dolbec et Lisa Hoffart agiront comme praticiens en sant\u00e9 mentale pour \u00c9quipe Canada. Le D<sup>r<\/sup> Gagnon-Dolbec, un psychologue clinicien et un consultant en performance mentale, travaille \u00e9troitement avec plusieurs organismes nationaux de sport, ainsi qu\u2019\u00e0 titre de psychologue du sport avec l\u2019Institut national du sport du Qu\u00e9bec (INS Qu\u00e9bec). Hoffart est une psychologue agr\u00e9\u00e9e et une consultante certifi\u00e9e en performance mentale en plus d\u2019agir comme conseill\u00e8re avec <a href=\"https:\/\/www.mygameplan.ca\/fr\" target=\"_blank\" rel=\"noreferrer noopener\">Plan de match<\/a>, le programme canadien de mieux-\u00eatre des athl\u00e8tes des \u00e9quipes nationales. Sa vaste exp\u00e9rience dans ce domaine, elle qui a notamment occup\u00e9 le poste de responsable de la sant\u00e9 mentale avec \u00c9quipe Canada \u00e0 Santiago 2023, sera d\u2019une valeur inestimable pour offrir les services de sant\u00e9 mentale que l\u2019\u00e9quipe de sant\u00e9 mentale mettra \u00e0 la disposition de toute la d\u00e9l\u00e9gation d\u2019\u00c9quipe Canada \u00e0 Paris 2024.<\/p>\n\n\n\n<p class=\"wp-block-paragraph\">La D<sup>re<\/sup> Suzanne Leclerc a \u00e9t\u00e9 choisie \u00e0 titre de m\u00e9decin en chef d\u2019\u00c9quipe Canada en vue de Paris 2024, sous la direction du D<sup>r<\/sup> Mike Wilkinson, chef des services m\u00e9dicaux du COC. Une experte en m\u00e9decine sportive qui a particip\u00e9 \u00e0 plus de 10 grands jeux depuis Salt Lake City 2002, elle occupe actuellement le poste de directrice m\u00e9dicale \u00e0 l\u2019INS Qu\u00e9bec. La D<sup>re<\/sup> Leclerc s\u2019appuiera sur l\u2019exp\u00e9rience qu\u2019elle a acquise \u00e0 titre de m\u00e9decin en chef d\u2019\u00c9quipe Canada \u00e0 Santiago 2023. Aux c\u00f4t\u00e9s de Brigitte Gauthier, qui a \u00e9t\u00e9 s\u00e9lectionn\u00e9e pour \u00eatre th\u00e9rapeute en chef d\u2019\u00c9quipe Canada, le Dr Wilkinson et la Dre Leclerc dirigeront une \u00e9quipe des services de sant\u00e9 dont le noyau sera compos\u00e9 de 14 m\u00e9decins et th\u00e9rapeutes, en plus de nombreux professionnels de la sant\u00e9 sp\u00e9cialis\u00e9s dans leurs sports respectifs.<\/p>\n\n\n\n<p class=\"wp-block-paragraph\">Le poste de nutritionniste de performance d\u2019\u00c9quipe Canada \u00e0 Paris 2024 sera occup\u00e9 par Evelyne Telmosse, qui a jou\u00e9 le m\u00eame r\u00f4le \u00e0 Santiago 2023. Telmosse est nutritionniste \u00e0 l\u2019INS Qu\u00e9bec, o\u00f9 elle soutient les athl\u00e8tes en mati\u00e8re de nutrition de performance sur une base quotidienne, en plus de travailler avec plusieurs organismes nationaux de sport et des artistes du Cirque du Soleil.<\/p>\n\n\n\n<p class=\"wp-block-paragraph\">Le Comit\u00e9 olympique canadien est en voie de nommer environ 345 athl\u00e8tes d\u2019\u00c9quipe Canada qui prendront part aux Jeux olympiques de Paris 2024, et ceux-ci seront soutenus par une \u00e9quipe d\u2019environ 520 entra\u00eeneurs, membres du personnel de soutien et membres de l\u2019\u00e9quipe de mission. Il y aura un total de 22 Olympiens canadiens et de trois athl\u00e8tes des Jeux panam\u00e9ricains pour soutenir \u00c9quipe Canada avec l\u2019\u00e9quipe de mission dans diff\u00e9rents r\u00f4les et secteurs fonctionnels, notamment dans le cadre des activit\u00e9s de la Maison olympique du Canada, ainsi que dans les domaines des services juridiques, de l\u2019habillement, de l\u2019int\u00e9gration de la performance, de la photographie et des activit\u00e9s du Village olympique, entre autres.<\/p>\n\n\n\n<p class=\"wp-block-paragraph\">Le Comit\u00e9 olympique canadien d\u00e9sire exprimer sa reconnaissance \u00e0 l\u2019endroit des 120 b\u00e9n\u00e9voles qui feront aussi partie de l\u2019\u00e9quipe derri\u00e8re l\u2019\u00e9quipe. Le programme de b\u00e9n\u00e9voles d\u2019\u00c9quipe Canada regroupe des Canadiens qui se rendront \u00e0 Paris en provenance de partout au Canada, dont un b\u00e9n\u00e9vole du Nunavut, de m\u00eame que des b\u00e9n\u00e9voles fran\u00e7ais locaux, qui travailleront en soutien aux activit\u00e9s de la Maison olympique du Canada, ainsi qu\u2019\u00e0 l\u2019habillement et aux activit\u00e9s num\u00e9riques. Plusieurs b\u00e9n\u00e9voles de longue date ont commenc\u00e9 \u00e0 soutenir \u00c9quipe Canada aux Jeux olympiques d\u2019hiver de Vancouver 2010.<\/p>\n\n\n\n<p class=\"wp-block-paragraph\">Les Jeux olympiques de Paris 2024 se d\u00e9rouleront du 26 juillet au 11 ao\u00fbt 2024 et ils regrouperont environ 10 500 athl\u00e8tes repr\u00e9sentant 206 comit\u00e9s nationaux olympiques et inscrits dans 32 sports. Neuf sports ont d\u00e9voil\u00e9 jusqu\u2019ici la liste de leurs athl\u00e8tes qui ont \u00e9t\u00e9 nomm\u00e9s pour faire partie de l\u2019\u00e9quipe olympique canadienne, tandis qu\u2019au-del\u00e0 de 25 autres annonces d\u2019\u00e9quipe suivront au cours du prochain mois.<\/p>\n\n\n\n<p class=\"wp-block-paragraph\">Pour rester \u00e0 jour sur les derni\u00e8res nouvelles et les informations sur les Jeux de Paris 2024, visitez notre page de<a href=\"https:\/\/develop.olympic.ca\/olympique\/presse-ressources\/\" target=\"_blank\" rel=\"noreferrer noopener\"> ressources pour la presse<\/a>.<\/p>\n\n\n\n<p class=\"has-text-align-center wp-block-paragraph\">-30-<\/p>\n\n\n\n<p class=\"wp-block-paragraph\">CONTACTS POUR LES M\u00c9DIAS<\/p>\n\n\n\n<p class=\"wp-block-paragraph\">Tara MacBournie<br>Gestionnaire de programme, communications sportives<br>Cell. : 647-522-8328<br>Courriel : <a href=\"mailto:tmacbournie@olympique.ca\">tmacbournie@olympique.ca<\/a>&nbsp;<\/p>\n\n\n\n<p class=\"wp-block-paragraph\">Thomas Hall<br>Directeur des communications et des relations avec les m\u00e9dias<br>Cell. : 514-709-1054<br>Courriel : <a href=\"mailto:thall@olympique.ca\" target=\"_blank\" rel=\"noreferrer noopener\">thall@olympique.ca<\/a><\/p>\n","protected":false},"excerpt":{"rendered":"<p>MONTR\u00c9AL (6 juin 2024) \u2013 \u00c0 50 jours de la c\u00e9r\u00e9monie d\u2019ouverture des Jeux olympiques Paris 2024, le Comit\u00e9 olympique&#8230;<\/p>\n","protected":false},"featured_media":246088,"template":"","format":"standard","tags":[],"type-of-press":[496138],"press-topic":[682165168],"years":[682166484],"class_list":["post-246087","press","type-press","status-publish","format-standard","has-post-thumbnail","hentry","type-of-press-communiques","press-topic-paris-2024","years-682166484"],"acf":[],"yoast_head":"<!-- This site is optimized with the Yoast SEO plugin v27.3 - https:\/\/yoast.com\/product\/yoast-seo-wordpress\/ -->\n<title>Le COC c\u00e9l\u00e8bre l\u2019\u00e9quipe derri\u00e8re l\u2019\u00e9quipe \u00e0 50 jours des Jeux de Paris 2024 - \u00c9quipe Canada | Site officiel de l&#039;\u00e9quipe olympique<\/title>\n<meta name=\"description\" content=\"\u00c0 50 jours de la c\u00e9r\u00e9monie d\u2019ouverture des Jeux olympiques Paris 2024, le Comit\u00e9 olympique canadien (COC) a d\u00e9voil\u00e9 la liste des principaux membres de son \u00e9quipe de mission qui sera responsable du soutien d\u2019\u00c9quipe Canada.\" \/>\n<meta name=\"robots\" content=\"index, follow, max-snippet:-1, max-image-preview:large, max-video-preview:-1\" \/>\n<link rel=\"canonical\" href=\"https:\/\/develop.olympic.ca\/olympique\/presse\/le-coc-celebre-lequipe-derriere-lequipe-a-50-jours-des-jeux-de-paris-2024\/\" \/>\n<meta property=\"og:locale\" content=\"fr_FR\" \/>\n<meta property=\"og:type\" content=\"article\" \/>\n<meta property=\"og:title\" content=\"Le COC c\u00e9l\u00e8bre l\u2019\u00e9quipe derri\u00e8re l\u2019\u00e9quipe \u00e0 50 jours des Jeux de Paris 2024 - \u00c9quipe Canada | Site officiel de l&#039;\u00e9quipe olympique\" \/>\n<meta property=\"og:description\" content=\"\u00c0 50 jours de la c\u00e9r\u00e9monie d\u2019ouverture des Jeux olympiques Paris 2024, le Comit\u00e9 olympique canadien (COC) a d\u00e9voil\u00e9 la liste des principaux membres de son \u00e9quipe de mission qui sera responsable du soutien d\u2019\u00c9quipe Canada.\" \/>\n<meta property=\"og:url\" content=\"https:\/\/develop.olympic.ca\/olympique\/presse\/le-coc-celebre-lequipe-derriere-lequipe-a-50-jours-des-jeux-de-paris-2024\/\" \/>\n<meta property=\"og:site_name\" content=\"\u00c9quipe Canada | Site officiel de l&#039;\u00e9quipe olympique\" \/>\n<meta name=\"twitter:card\" content=\"summary_large_image\" \/>\n<meta name=\"twitter:image\" content=\"https:\/\/develop.olympic.ca\/olympique\/wp-content\/uploads\/sites\/2\/2024\/06\/FEATURE-IMAGE.png\" \/>\n<meta name=\"twitter:label1\" content=\"Est. reading time\" \/>\n\t<meta name=\"twitter:data1\" content=\"10 minutes\" \/>\n\t<meta name=\"twitter:label2\" content=\"Written by\" \/>\n\t<meta name=\"twitter:data2\" content=\"tmacbournieolympicca\" \/>\n<script type=\"application\/ld+json\" class=\"yoast-schema-graph\">{\"@context\":\"https:\\\/\\\/schema.org\",\"@graph\":[{\"@type\":\"WebPage\",\"@id\":\"https:\\\/\\\/develop.olympic.ca\\\/olympique\\\/presse\\\/le-coc-celebre-lequipe-derriere-lequipe-a-50-jours-des-jeux-de-paris-2024\\\/\",\"url\":\"https:\\\/\\\/develop.olympic.ca\\\/olympique\\\/presse\\\/le-coc-celebre-lequipe-derriere-lequipe-a-50-jours-des-jeux-de-paris-2024\\\/\",\"name\":\"Le COC c\u00e9l\u00e8bre l\u2019\u00e9quipe derri\u00e8re l\u2019\u00e9quipe \u00e0 50 jours des Jeux de Paris 2024 - \u00c9quipe Canada | Site officiel de l&#039;\u00e9quipe olympique\",\"isPartOf\":{\"@id\":\"https:\\\/\\\/develop.olympic.ca\\\/olympique\\\/#website\"},\"primaryImageOfPage\":{\"@id\":\"https:\\\/\\\/develop.olympic.ca\\\/olympique\\\/presse\\\/le-coc-celebre-lequipe-derriere-lequipe-a-50-jours-des-jeux-de-paris-2024\\\/#primaryimage\"},\"image\":{\"@id\":\"https:\\\/\\\/develop.olympic.ca\\\/olympique\\\/presse\\\/le-coc-celebre-lequipe-derriere-lequipe-a-50-jours-des-jeux-de-paris-2024\\\/#primaryimage\"},\"thumbnailUrl\":\"https:\\\/\\\/develop.olympic.ca\\\/olympique\\\/wp-content\\\/uploads\\\/sites\\\/2\\\/2024\\\/06\\\/FEATURE-IMAGE.png\",\"datePublished\":\"2024-06-06T14:30:00+00:00\",\"description\":\"\u00c0 50 jours de la c\u00e9r\u00e9monie d\u2019ouverture des Jeux olympiques Paris 2024, le Comit\u00e9 olympique canadien (COC) a d\u00e9voil\u00e9 la liste des principaux membres de son \u00e9quipe de mission qui sera responsable du soutien d\u2019\u00c9quipe Canada.\",\"inLanguage\":\"fr-FR\",\"potentialAction\":[{\"@type\":\"ReadAction\",\"target\":[\"https:\\\/\\\/develop.olympic.ca\\\/olympique\\\/presse\\\/le-coc-celebre-lequipe-derriere-lequipe-a-50-jours-des-jeux-de-paris-2024\\\/\"]}]},{\"@type\":\"ImageObject\",\"inLanguage\":\"fr-FR\",\"@id\":\"https:\\\/\\\/develop.olympic.ca\\\/olympique\\\/presse\\\/le-coc-celebre-lequipe-derriere-lequipe-a-50-jours-des-jeux-de-paris-2024\\\/#primaryimage\",\"url\":\"https:\\\/\\\/develop.olympic.ca\\\/olympique\\\/wp-content\\\/uploads\\\/sites\\\/2\\\/2024\\\/06\\\/FEATURE-IMAGE.png\",\"contentUrl\":\"https:\\\/\\\/develop.olympic.ca\\\/olympique\\\/wp-content\\\/uploads\\\/sites\\\/2\\\/2024\\\/06\\\/FEATURE-IMAGE.png\",\"width\":2160,\"height\":1220},{\"@type\":\"WebSite\",\"@id\":\"https:\\\/\\\/develop.olympic.ca\\\/olympique\\\/#website\",\"url\":\"https:\\\/\\\/develop.olympic.ca\\\/olympique\\\/\",\"name\":\"\u00c9quipe Canada | Site officiel de l&#039;\u00e9quipe olympique\",\"description\":\"Votre source pour l\u2019\u00c9quipe olympique canadienne. Retrouvez les r\u00e9cits, vid\u00e9os et photos des athl\u00e8tes canadiens, sports olympiques, Jeux olympiques de 2020 et bien plus!\",\"potentialAction\":[{\"@type\":\"SearchAction\",\"target\":{\"@type\":\"EntryPoint\",\"urlTemplate\":\"https:\\\/\\\/develop.olympic.ca\\\/olympique\\\/?s={search_term_string}\"},\"query-input\":{\"@type\":\"PropertyValueSpecification\",\"valueRequired\":true,\"valueName\":\"search_term_string\"}}],\"inLanguage\":\"fr-FR\"}]}<\/script>\n<!-- \/ Yoast SEO plugin. -->","yoast_head_json":{"title":"Le COC c\u00e9l\u00e8bre l\u2019\u00e9quipe derri\u00e8re l\u2019\u00e9quipe \u00e0 50 jours des Jeux de Paris 2024 - \u00c9quipe Canada | Site officiel de l&#039;\u00e9quipe olympique","description":"\u00c0 50 jours de la c\u00e9r\u00e9monie d\u2019ouverture des Jeux olympiques Paris 2024, le Comit\u00e9 olympique canadien (COC) a d\u00e9voil\u00e9 la liste des principaux membres de son \u00e9quipe de mission qui sera responsable du soutien d\u2019\u00c9quipe Canada.","robots":{"index":"index","follow":"follow","max-snippet":"max-snippet:-1","max-image-preview":"max-image-preview:large","max-video-preview":"max-video-preview:-1"},"canonical":"https:\/\/develop.olympic.ca\/olympique\/presse\/le-coc-celebre-lequipe-derriere-lequipe-a-50-jours-des-jeux-de-paris-2024\/","og_locale":"fr_FR","og_type":"article","og_title":"Le COC c\u00e9l\u00e8bre l\u2019\u00e9quipe derri\u00e8re l\u2019\u00e9quipe \u00e0 50 jours des Jeux de Paris 2024 - \u00c9quipe Canada | Site officiel de l&#039;\u00e9quipe olympique","og_description":"\u00c0 50 jours de la c\u00e9r\u00e9monie d\u2019ouverture des Jeux olympiques Paris 2024, le Comit\u00e9 olympique canadien (COC) a d\u00e9voil\u00e9 la liste des principaux membres de son \u00e9quipe de mission qui sera responsable du soutien d\u2019\u00c9quipe Canada.","og_url":"https:\/\/develop.olympic.ca\/olympique\/presse\/le-coc-celebre-lequipe-derriere-lequipe-a-50-jours-des-jeux-de-paris-2024\/","og_site_name":"\u00c9quipe Canada | Site officiel de l&#039;\u00e9quipe olympique","twitter_card":"summary_large_image","twitter_image":"https:\/\/develop.olympic.ca\/olympique\/wp-content\/uploads\/sites\/2\/2024\/06\/FEATURE-IMAGE.png","twitter_misc":{"Est. reading time":"10 minutes","Written by":"tmacbournieolympicca"},"schema":{"@context":"https:\/\/schema.org","@graph":[{"@type":"WebPage","@id":"https:\/\/develop.olympic.ca\/olympique\/presse\/le-coc-celebre-lequipe-derriere-lequipe-a-50-jours-des-jeux-de-paris-2024\/","url":"https:\/\/develop.olympic.ca\/olympique\/presse\/le-coc-celebre-lequipe-derriere-lequipe-a-50-jours-des-jeux-de-paris-2024\/","name":"Le COC c\u00e9l\u00e8bre l\u2019\u00e9quipe derri\u00e8re l\u2019\u00e9quipe \u00e0 50 jours des Jeux de Paris 2024 - \u00c9quipe Canada | Site officiel de l&#039;\u00e9quipe olympique","isPartOf":{"@id":"https:\/\/develop.olympic.ca\/olympique\/#website"},"primaryImageOfPage":{"@id":"https:\/\/develop.olympic.ca\/olympique\/presse\/le-coc-celebre-lequipe-derriere-lequipe-a-50-jours-des-jeux-de-paris-2024\/#primaryimage"},"image":{"@id":"https:\/\/develop.olympic.ca\/olympique\/presse\/le-coc-celebre-lequipe-derriere-lequipe-a-50-jours-des-jeux-de-paris-2024\/#primaryimage"},"thumbnailUrl":"https:\/\/develop.olympic.ca\/olympique\/wp-content\/uploads\/sites\/2\/2024\/06\/FEATURE-IMAGE.png","datePublished":"2024-06-06T14:30:00+00:00","description":"\u00c0 50 jours de la c\u00e9r\u00e9monie d\u2019ouverture des Jeux olympiques Paris 2024, le Comit\u00e9 olympique canadien (COC) a d\u00e9voil\u00e9 la liste des principaux membres de son \u00e9quipe de mission qui sera responsable du soutien d\u2019\u00c9quipe Canada.","inLanguage":"fr-FR","potentialAction":[{"@type":"ReadAction","target":["https:\/\/develop.olympic.ca\/olympique\/presse\/le-coc-celebre-lequipe-derriere-lequipe-a-50-jours-des-jeux-de-paris-2024\/"]}]},{"@type":"ImageObject","inLanguage":"fr-FR","@id":"https:\/\/develop.olympic.ca\/olympique\/presse\/le-coc-celebre-lequipe-derriere-lequipe-a-50-jours-des-jeux-de-paris-2024\/#primaryimage","url":"https:\/\/develop.olympic.ca\/olympique\/wp-content\/uploads\/sites\/2\/2024\/06\/FEATURE-IMAGE.png","contentUrl":"https:\/\/develop.olympic.ca\/olympique\/wp-content\/uploads\/sites\/2\/2024\/06\/FEATURE-IMAGE.png","width":2160,"height":1220},{"@type":"WebSite","@id":"https:\/\/develop.olympic.ca\/olympique\/#website","url":"https:\/\/develop.olympic.ca\/olympique\/","name":"\u00c9quipe Canada | Site officiel de l&#039;\u00e9quipe olympique","description":"Votre source pour l\u2019\u00c9quipe olympique canadienne. Retrouvez les r\u00e9cits, vid\u00e9os et photos des athl\u00e8tes canadiens, sports olympiques, Jeux olympiques de 2020 et bien plus!","potentialAction":[{"@type":"SearchAction","target":{"@type":"EntryPoint","urlTemplate":"https:\/\/develop.olympic.ca\/olympique\/?s={search_term_string}"},"query-input":{"@type":"PropertyValueSpecification","valueRequired":true,"valueName":"search_term_string"}}],"inLanguage":"fr-FR"}]}},"jetpack_sharing_enabled":true,"_links":{"self":[{"href":"https:\/\/develop.olympic.ca\/olympique\/wp-json\/wp\/v2\/press\/246087","targetHints":{"allow":["GET"]}}],"collection":[{"href":"https:\/\/develop.olympic.ca\/olympique\/wp-json\/wp\/v2\/press"}],"about":[{"href":"https:\/\/develop.olympic.ca\/olympique\/wp-json\/wp\/v2\/types\/press"}],"version-history":[{"count":9,"href":"https:\/\/develop.olympic.ca\/olympique\/wp-json\/wp\/v2\/press\/246087\/revisions"}],"predecessor-version":[{"id":246097,"href":"https:\/\/develop.olympic.ca\/olympique\/wp-json\/wp\/v2\/press\/246087\/revisions\/246097"}],"wp:featuredmedia":[{"embeddable":true,"href":"https:\/\/develop.olympic.ca\/olympique\/wp-json\/wp\/v2\/media\/246088"}],"wp:attachment":[{"href":"https:\/\/develop.olympic.ca\/olympique\/wp-json\/wp\/v2\/media?parent=246087"}],"wp:term":[{"taxonomy":"post_tag","embeddable":true,"href":"https:\/\/develop.olympic.ca\/olympique\/wp-json\/wp\/v2\/tags?post=246087"},{"taxonomy":"type-of-press","embeddable":true,"href":"https:\/\/develop.olympic.ca\/olympique\/wp-json\/wp\/v2\/type-of-press?post=246087"},{"taxonomy":"press-topic","embeddable":true,"href":"https:\/\/develop.olympic.ca\/olympique\/wp-json\/wp\/v2\/press-topic?post=246087"},{"taxonomy":"years","embeddable":true,"href":"https:\/\/develop.olympic.ca\/olympique\/wp-json\/wp\/v2\/years?post=246087"}],"curies":[{"name":"wp","href":"https:\/\/api.w.org\/{rel}","templated":true}]}}