{"id":246168,"date":"2024-06-07T10:00:00","date_gmt":"2024-06-07T14:00:00","guid":{"rendered":"https:\/\/develop.olympic.ca\/olympique\/?post_type=press&#038;p=246168"},"modified":"2024-06-07T08:46:24","modified_gmt":"2024-06-07T12:46:24","slug":"six-athletes-de-voile-nommes-au-sein-de-lequipe-olympique-canadienne-des-jeux-de-paris-2024","status":"publish","type":"press","link":"https:\/\/develop.olympic.ca\/olympique\/presse\/six-athletes-de-voile-nommes-au-sein-de-lequipe-olympique-canadienne-des-jeux-de-paris-2024\/","title":{"rendered":"Six athl\u00e8tes de voile nomm\u00e9s au sein de l\u2019\u00c9quipe olympique canadienne des Jeux de Paris 2024"},"content":{"rendered":"\n<p class=\"wp-block-paragraph\">TORONTO (7 juin 2024) \u2013 Voile Canada et le Comit\u00e9 olympique canadien ont d\u00e9voil\u00e9 la formation des athl\u00e8tes de voile d\u2019\u00c9quipe Canada en nomination pour participer aux Jeux olympiques de Paris 2024. Les six athl\u00e8tes sont :<\/p>\n\n\n\n<p class=\"wp-block-paragraph\"><strong>ILCA 6<\/strong><br><a href=\"https:\/\/develop.olympic.ca\/olympique\/team-canada\/sarah-douglas\/\" target=\"_blank\" rel=\"noreferrer noopener\">Sarah Douglas<\/a> (Toronto, ON)<\/p>\n\n\n\n<p class=\"wp-block-paragraph\"><strong>49er<\/strong><br><a href=\"https:\/\/develop.olympic.ca\/olympique\/team-canada\/justin-barnes\/\" target=\"_blank\" rel=\"noreferrer noopener\">Justin Barnes<\/a> (Pickering, ON)<br><a href=\"https:\/\/develop.olympic.ca\/olympique\/team-canada\/william-jones-2\/\" target=\"_blank\" rel=\"noreferrer noopener\">Will Jones<\/a> (Aldershot, ON)<\/p>\n\n\n\n<p class=\"wp-block-paragraph\"><strong>49erFX<\/strong><br><a href=\"https:\/\/develop.olympic.ca\/olympique\/team-canada\/antonia-lewin-lafrance\/\" target=\"_blank\" rel=\"noreferrer noopener\">Antonia Lewin-LaFrance<\/a> (Chester, N.-\u00c9.)<br><a href=\"https:\/\/develop.olympic.ca\/olympique\/team-canada\/georgia-lewin-lafrance\/\" target=\"_blank\" rel=\"noreferrer noopener\">Georgia Lewin-LaFrance<\/a> (Chester, N.-\u00c9.)<\/p>\n\n\n\n<p class=\"wp-block-paragraph\"><strong>Kite f\u00e9minin<\/strong><br><a href=\"https:\/\/develop.olympic.ca\/olympique\/team-canada\/emily-bugeja\/\" target=\"_blank\" rel=\"noreferrer noopener\">Emily Bugeja<\/a> (North Vancouver, C.-B.)<\/p>\n\n\n\n<p class=\"wp-block-paragraph\">Sarah Douglas en sera \u00e0 sa deuxi\u00e8me pr\u00e9sence de suite aux Jeux olympiques cet \u00e9t\u00e9 \u00e0 Paris. Elle a pris la sixi\u00e8me place aux Jeux de Tokyo 2020, enregistrant ainsi le meilleur r\u00e9sultat olympique par une femme canadienne dans une \u00e9preuve individuelle de voile. Douglas s\u2019est appuy\u00e9e sur le succ\u00e8s qu\u2019elle a connu \u00e0 sa premi\u00e8re exp\u00e9rience d\u2019Olympienne en d\u00e9crochant un premier podium dans une r\u00e9gate de World Sailing quand elle a remport\u00e9 la m\u00e9daille d\u2019or en ILCA 6 au Troph\u00e9e Princesse Sofia en avril 2022. En 2023, elle a rafl\u00e9 l\u2019or \u00e0 l\u2019occasion de la Semaine olympique fran\u00e7aise \u00e0 Hy\u00e8res, terminant tout juste devant la m\u00e9daill\u00e9e d\u2019or de Tokyo 2020 et des Championnats du monde de ILCA 6 2022. Douglas a ensuite remport\u00e9 la m\u00e9daille d\u2019argent en ILCA 6 aux Jeux panam\u00e9ricains de Santiago 2023.<\/p>\n\n\n\n<p class=\"wp-block-paragraph\">\u00ab Ce n\u2019est un secret pour personne que mon but en vue de Paris, c\u2019est de tout faire pour acc\u00e9der au podium, a d\u00e9clar\u00e9 Douglas. Il peut y avoir toute une panoplie de conditions \u00e0 Marseille, mais une chose est certaine, il fera chaud. Nous allons revenir avec les strat\u00e9gies de refroidissement que nous avions utilis\u00e9es aux Jeux olympiques pr\u00e9c\u00e9dents. Je m\u2019attends \u00e0 ce que mes deuxi\u00e8mes Jeux m\u2019am\u00e8nent \u00e0 vivre un type d\u2019exp\u00e9rience compl\u00e8tement diff\u00e9rent de ce que j\u2019ai v\u00e9cu \u00e0 Tokyo, alors qu\u2019il n\u2019y aura pas de mesures sanitaires, que nous pourrons quitter le village et que les amis et la famille seront sur place. Je compte profiter de tout ce que Paris a \u00e0 offrir et je pr\u00e9vois assister \u00e0 la c\u00e9r\u00e9monie de cl\u00f4ture. \u00bb<\/p>\n\n\n\n<p class=\"wp-block-paragraph\">Les s\u0153urs Antonia et Georgia Lewin-LaFrance feront leurs d\u00e9buts \u00e0 titre d\u2019athl\u00e8tes olympiques, alors qu\u2019elles feront \u00e9quipe en 49er FX. Apr\u00e8s avoir termin\u00e9 en 13e place aux Championnats du monde de World Sailing 2023 \u00e0 La Haye, aux Pays-Bas, les s\u0153urs Lewin-LaFrance, chacune \u00e0 leurs quatre derni\u00e8res comp\u00e9titions internationales d\u2019importance auxquelles elles ont particip\u00e9, se sont qualifi\u00e9s pour les courses des m\u00e9dailles, r\u00e9serv\u00e9es aux 10 embarcations les mieux class\u00e9es \u00e0 la suite des courses pr\u00e9liminaires. Les s\u0153urs n\u00e9o-\u00e9cossaises ont pris la quatri\u00e8me place \u00e0 la r\u00e9gate du Troph\u00e9e Princesse Sofia au mois d\u2019avril dernier.&nbsp;<\/p>\n\n\n\n<p class=\"wp-block-paragraph\">\u00ab Nous sommes tout \u00e0 fait emball\u00e9es d\u2019avoir r\u00e9ussi \u00e0 nous qualifier pour nos premiers Jeux olympiques, ont d\u00e9clar\u00e9 les s\u0153urs Lewin-LaFrance. C\u2019est fou de penser qu\u2019il reste un peu plus d\u2019un mois \u00e0 faire avant Paris 2024. C\u2019est difficile de vraiment bien d\u00e9crire ce que nous ressentons, mais nous sommes \u00e0 la fois affam\u00e9es, nerveuses et f\u00e9briles. Malgr\u00e9 tout l\u2019engouement qu\u2019il y a, nous parvenons \u00e0 bien nous concentrer sur la voile quand nous nous entra\u00eenons \u00e0 Marseille. Nous essayons de consid\u00e9rer cette comp\u00e9tition comme n\u2019importe quelle autre r\u00e9gate de haute performance. Merci \u00e0 tout le monde qui a contribu\u00e9 \u00e0 notre campagne depuis le d\u00e9but. Allez Canada! \u00bb<br><br>Justin Barnes et Will Jones disputeront l\u2019\u00e9preuve de 49er. Tandis que Barnes en sera \u00e0 ses premiers Jeux olympiques \u00e0 Paris, Jones a particip\u00e9 \u00e0 ceux de Tokyo 2020 avec Evan DePaul, terminant alors au 19e rang. En 2022, \u00e0 la suite de la retraite de De Paul, Barnes et Jones ont fait \u00e9quipe \u00e0 l\u2019occasion de l\u2019\u00e9preuve test des Championnats du monde de World Sailing \u00e0 La Haye, aux Pays-Bas. Aux Jeux panam\u00e9ricains Santiago 2023, ils ont rafl\u00e9 la m\u00e9daille de bronze et une place de quota pour Paris 2024 au profit du Canada en 49er. Ils ont \u00e9t\u00e9 s\u00e9lectionn\u00e9s pour faire partie de l\u2019\u00c9quipe olympique canadienne quand ils ont termin\u00e9 en t\u00eate du classement canadien dans leur classe \u00e0 la suite des deux r\u00e9gates de s\u00e9lection.<br><br>Emily Bugeja en sera \u00e0 ses premiers Jeux olympiques \u00e0 Paris en kite f\u00e9minin, une nouvelle \u00e9preuve olympique. Bugeja a d\u00e9croch\u00e9 la place de quota du Canada aux Jeux panam\u00e9ricains de Santiago 2023, o\u00f9 elle a \u00e9t\u00e9 la meilleure athl\u00e8te f\u00e9minine en kite provenant de l\u2019Am\u00e9rique du Nord et des Cara\u00efbes qui ne s\u2019\u00e9tait pas encore qualifi\u00e9e pour Paris. Elle a ensuite d\u00e9croch\u00e9 sa nomination au sein d\u2019\u00c9quipe Canada quand elle a fini au premier rang du classement de s\u00e9lection canadien, qui tenait compte des r\u00e9sultats des Championnats du monde de Formule kite 2024 et de la r\u00e9gate du Troph\u00e9e Princesse Sofia.<br><br>Les athl\u00e8tes en voile d\u2019\u00c9quipe Canada ont remport\u00e9 neuf m\u00e9dailles olympiques, la plus r\u00e9cente \u00e9tant celle d\u2019argent d\u00e9croch\u00e9e dans la classe Star par Ross MacDonald et Mike Wolfs \u00e0 Ath\u00e8nes en 2004. La voile a \u00e9t\u00e9 int\u00e9gr\u00e9e au programme olympique pour la premi\u00e8re fois aux Jeux de Paris 1900. \u00c0 la suite d\u2019une courte absence, ce sport est revenu \u00e0 Londres en 1908 et a \u00e9t\u00e9 disput\u00e9 \u00e0 chacune des \u00e9ditions des Jeux olympiques depuis ce temps. Le programme des \u00e9preuves a \u00e9t\u00e9 modifi\u00e9 au fil des ans, \u00e0 mesure que changeait le niveau de popularit\u00e9 de certains types et mod\u00e8les d\u2019embarcations.<\/p>\n\n\n\n<p class=\"wp-block-paragraph\">\u00ab Voile Canada est heureux de d\u00e9voiler la composition de son \u00e9quipe en vue des Jeux olympiques de Paris 2024, a d\u00e9clar\u00e9 Mike Milner, directeur de la haute performance pour Voile Canada. Au cours du dernier cycle de comp\u00e9tition, notre \u00e9quipe a montr\u00e9 sa capacit\u00e9 \u00e0 se qualifier pour les courses des m\u00e9dailles, ainsi qu\u2019\u00e0 aspirer \u00e0 une place sur le podium. Nous esp\u00e9rons voir le Canada de retour sur un podium olympique pour la premi\u00e8re fois depuis 2004. F\u00e9licitations \u00e0 tous les athl\u00e8tes, ainsi qu\u2019aux entra\u00eeneurs et aux membres du personnel de soutien qui ont tout donn\u00e9 pour se retrouver aux Jeux olympiques Paris 2024 cet \u00e9t\u00e9. \u00bb<\/p>\n\n\n\n<p class=\"wp-block-paragraph\">La comp\u00e9tition de voile aura lieu du 28 juillet au 8 ao\u00fbt (jour 2 \u00e0 13) \u00e0 la Marina de Marseille.<\/p>\n\n\n\n<p class=\"wp-block-paragraph\">\u00ab F\u00e9licitations aux athl\u00e8tes de l\u2019\u00e9quipe canadienne de voile qui prendront le large en direction des Jeux olympiques de 2024 \u00e0 Paris! Ancr\u00e9s par la passion et anim\u00e9s par la d\u00e9termination, \u00c9quipe Canada est pr\u00eate \u00e0 affronter les vagues pour naviguer vers la victoire, d\u00e9clare Bruny Surin, chef de mission d\u2019\u00c9quipe Canada pour les Jeux olympiques de 2024 \u00e0 Paris. Que chaque courant, et chaque rafale de vent, ainsi que chaque encouragement, les propulsent vers le succ\u00e8s olympique. \u00bb<\/p>\n\n\n\n<p class=\"wp-block-paragraph\">L\u2019\u00e9quipe de voile d\u2019\u00c9quipe Canada pour les Jeux olympiques de Paris 2024 comprend aussi les membres suivants&nbsp; :<\/p>\n\n\n\n<p class=\"wp-block-paragraph\"><strong>Entra\u00eeneurs<\/strong><br>Ken Dool (London, ON) \u2013 Entra\u00eeneur-chef<br>Vaughn Harrison (Aurora, ON) \u2013 Entra\u00eeneur ILCA 6<br>Krzysztof Kierkowski (Sopot, Pologne) \u2013 Entra\u00eeneur 49erFX<\/p>\n\n\n\n<p class=\"wp-block-paragraph\"><strong>Personnel de soutien<\/strong><br>Eric Holden (Vancouver, C.-B.) &#8211; M\u00e9t\u00e9orologue<br>Patrick Godbout (Trois-Pistoles, QC) \u2013 Attach\u00e9 de presse<br>Mike Milner (Peterborough, ON) \u2013 Chef d\u2019\u00e9quipe<br>Alice Sobiesiak (Toronto, ON) \u2013 Th\u00e9rapeute du sport<br>Katie Sweeting (Chelsea, QC) \u2013 Gestionnaire d\u2019\u00e9quipe et de la logistique<br>Erik van der Pol (Victoria, C.-B.) \u2013 Analyste de donn\u00e9es d\u2019\u00e9quipe (ne fait pas le voyage)<\/p>\n\n\n\n<p class=\"wp-block-paragraph\">Avant d\u2019\u00eatre confirm\u00e9s comme membres d\u2019\u00c9quipe Canada, tous les athl\u00e8tes nomm\u00e9s sont soumis \u00e0 l\u2019approbation du comit\u00e9 de s\u00e9lection de l\u2019\u00e9quipe du Comit\u00e9 olympique canadien, une fois que toutes les nominations ont \u00e9t\u00e9 re\u00e7ues des organismes nationaux de sport.<br><br>Vous pouvez consulter la liste mise \u00e0 jour de la formation d\u2019\u00c9quipe Canada pour Paris 2024 en cliquant<a href=\"https:\/\/develop.olympic.ca\/olympique\/composition-dequipe-canada\/\" target=\"_blank\" rel=\"noreferrer noopener\"> ici<\/a>.<\/p>\n\n\n\n<p class=\"has-text-align-center wp-block-paragraph\">-30-<\/p>\n\n\n\n<p class=\"wp-block-paragraph\">CONTACTS POUR LES M\u00c9DIAS<\/p>\n\n\n\n<p class=\"wp-block-paragraph\">Patrick Godbout, Gestionnaire des communications<br>Voile Canada<br>Cell. : 514-213-9897<br>Courriel : <a href=\"mailto:patrick@sailing.ca\">patrick@sailing.ca<\/a><\/p>\n\n\n\n<p class=\"wp-block-paragraph\">Tara MacBournie, gestionnaire de programme, communications sports<br>Comit\u00e9 olympique canadien<br>Cell. : 647-522-8328<br>Courriel : <a href=\"mailto:tmacbournie@olympique.ca\">tmacbournie@olympique.ca<\/a><\/p>\n","protected":false},"excerpt":{"rendered":"<p>TORONTO (7 juin 2024) \u2013 Voile Canada et le Comit\u00e9 olympique canadien ont d\u00e9voil\u00e9 la formation des athl\u00e8tes de voile&#8230;<\/p>\n","protected":false},"featured_media":246169,"template":"","format":"standard","tags":[],"type-of-press":[496138],"press-topic":[682165168],"years":[682166484],"class_list":["post-246168","press","type-press","status-publish","format-standard","has-post-thumbnail","hentry","type-of-press-communiques","press-topic-paris-2024","years-682166484"],"acf":[],"yoast_head":"<!-- This site is optimized with the Yoast SEO plugin v27.3 - https:\/\/yoast.com\/product\/yoast-seo-wordpress\/ -->\n<title>Six athl\u00e8tes de voile nomm\u00e9s au sein de l\u2019\u00c9quipe olympique canadienne des Jeux de Paris 2024 - \u00c9quipe Canada | Site officiel de l&#039;\u00e9quipe olympique<\/title>\n<meta name=\"description\" content=\"Voile Canada et le Comit\u00e9 olympique canadien ont d\u00e9voil\u00e9 la formation des athl\u00e8tes de voile d\u2019\u00c9quipe Canada en nomination pour participer aux Jeux olympiques de Paris 2024. Les six athl\u00e8tes sont :\" \/>\n<meta name=\"robots\" content=\"index, follow, max-snippet:-1, max-image-preview:large, max-video-preview:-1\" \/>\n<link rel=\"canonical\" href=\"https:\/\/develop.olympic.ca\/olympique\/presse\/six-athletes-de-voile-nommes-au-sein-de-lequipe-olympique-canadienne-des-jeux-de-paris-2024\/\" \/>\n<meta property=\"og:locale\" content=\"fr_FR\" \/>\n<meta property=\"og:type\" content=\"article\" \/>\n<meta property=\"og:title\" content=\"Six athl\u00e8tes de voile nomm\u00e9s au sein de l\u2019\u00c9quipe olympique canadienne des Jeux de Paris 2024 - \u00c9quipe Canada | Site officiel de l&#039;\u00e9quipe olympique\" \/>\n<meta property=\"og:description\" content=\"Voile Canada et le Comit\u00e9 olympique canadien ont d\u00e9voil\u00e9 la formation des athl\u00e8tes de voile d\u2019\u00c9quipe Canada en nomination pour participer aux Jeux olympiques de Paris 2024. Les six athl\u00e8tes sont :\" \/>\n<meta property=\"og:url\" content=\"https:\/\/develop.olympic.ca\/olympique\/presse\/six-athletes-de-voile-nommes-au-sein-de-lequipe-olympique-canadienne-des-jeux-de-paris-2024\/\" \/>\n<meta property=\"og:site_name\" content=\"\u00c9quipe Canada | Site officiel de l&#039;\u00e9quipe olympique\" \/>\n<meta name=\"twitter:card\" content=\"summary_large_image\" \/>\n<meta name=\"twitter:image\" content=\"https:\/\/develop.olympic.ca\/olympique\/wp-content\/uploads\/sites\/2\/2024\/06\/FEATURE-IMAGE-2.png\" \/>\n<meta name=\"twitter:label1\" content=\"Est. reading time\" \/>\n\t<meta name=\"twitter:data1\" content=\"7 minutes\" \/>\n\t<meta name=\"twitter:label2\" content=\"Written by\" \/>\n\t<meta name=\"twitter:data2\" content=\"tmacbournieolympicca\" \/>\n<script type=\"application\/ld+json\" class=\"yoast-schema-graph\">{\"@context\":\"https:\\\/\\\/schema.org\",\"@graph\":[{\"@type\":\"WebPage\",\"@id\":\"https:\\\/\\\/develop.olympic.ca\\\/olympique\\\/presse\\\/six-athletes-de-voile-nommes-au-sein-de-lequipe-olympique-canadienne-des-jeux-de-paris-2024\\\/\",\"url\":\"https:\\\/\\\/develop.olympic.ca\\\/olympique\\\/presse\\\/six-athletes-de-voile-nommes-au-sein-de-lequipe-olympique-canadienne-des-jeux-de-paris-2024\\\/\",\"name\":\"Six athl\u00e8tes de voile nomm\u00e9s au sein de l\u2019\u00c9quipe olympique canadienne des Jeux de Paris 2024 - \u00c9quipe Canada | Site officiel de l&#039;\u00e9quipe olympique\",\"isPartOf\":{\"@id\":\"https:\\\/\\\/develop.olympic.ca\\\/olympique\\\/#website\"},\"primaryImageOfPage\":{\"@id\":\"https:\\\/\\\/develop.olympic.ca\\\/olympique\\\/presse\\\/six-athletes-de-voile-nommes-au-sein-de-lequipe-olympique-canadienne-des-jeux-de-paris-2024\\\/#primaryimage\"},\"image\":{\"@id\":\"https:\\\/\\\/develop.olympic.ca\\\/olympique\\\/presse\\\/six-athletes-de-voile-nommes-au-sein-de-lequipe-olympique-canadienne-des-jeux-de-paris-2024\\\/#primaryimage\"},\"thumbnailUrl\":\"https:\\\/\\\/develop.olympic.ca\\\/olympique\\\/wp-content\\\/uploads\\\/sites\\\/2\\\/2024\\\/06\\\/FEATURE-IMAGE-2.png\",\"datePublished\":\"2024-06-07T14:00:00+00:00\",\"description\":\"Voile Canada et le Comit\u00e9 olympique canadien ont d\u00e9voil\u00e9 la formation des athl\u00e8tes de voile d\u2019\u00c9quipe Canada en nomination pour participer aux Jeux olympiques de Paris 2024. Les six athl\u00e8tes sont :\",\"inLanguage\":\"fr-FR\",\"potentialAction\":[{\"@type\":\"ReadAction\",\"target\":[\"https:\\\/\\\/develop.olympic.ca\\\/olympique\\\/presse\\\/six-athletes-de-voile-nommes-au-sein-de-lequipe-olympique-canadienne-des-jeux-de-paris-2024\\\/\"]}]},{\"@type\":\"ImageObject\",\"inLanguage\":\"fr-FR\",\"@id\":\"https:\\\/\\\/develop.olympic.ca\\\/olympique\\\/presse\\\/six-athletes-de-voile-nommes-au-sein-de-lequipe-olympique-canadienne-des-jeux-de-paris-2024\\\/#primaryimage\",\"url\":\"https:\\\/\\\/develop.olympic.ca\\\/olympique\\\/wp-content\\\/uploads\\\/sites\\\/2\\\/2024\\\/06\\\/FEATURE-IMAGE-2.png\",\"contentUrl\":\"https:\\\/\\\/develop.olympic.ca\\\/olympique\\\/wp-content\\\/uploads\\\/sites\\\/2\\\/2024\\\/06\\\/FEATURE-IMAGE-2.png\",\"width\":2160,\"height\":1220},{\"@type\":\"WebSite\",\"@id\":\"https:\\\/\\\/develop.olympic.ca\\\/olympique\\\/#website\",\"url\":\"https:\\\/\\\/develop.olympic.ca\\\/olympique\\\/\",\"name\":\"\u00c9quipe Canada | Site officiel de l&#039;\u00e9quipe olympique\",\"description\":\"Votre source pour l\u2019\u00c9quipe olympique canadienne. Retrouvez les r\u00e9cits, vid\u00e9os et photos des athl\u00e8tes canadiens, sports olympiques, Jeux olympiques de 2020 et bien plus!\",\"potentialAction\":[{\"@type\":\"SearchAction\",\"target\":{\"@type\":\"EntryPoint\",\"urlTemplate\":\"https:\\\/\\\/develop.olympic.ca\\\/olympique\\\/?s={search_term_string}\"},\"query-input\":{\"@type\":\"PropertyValueSpecification\",\"valueRequired\":true,\"valueName\":\"search_term_string\"}}],\"inLanguage\":\"fr-FR\"}]}<\/script>\n<!-- \/ Yoast SEO plugin. -->","yoast_head_json":{"title":"Six athl\u00e8tes de voile nomm\u00e9s au sein de l\u2019\u00c9quipe olympique canadienne des Jeux de Paris 2024 - \u00c9quipe Canada | Site officiel de l&#039;\u00e9quipe olympique","description":"Voile Canada et le Comit\u00e9 olympique canadien ont d\u00e9voil\u00e9 la formation des athl\u00e8tes de voile d\u2019\u00c9quipe Canada en nomination pour participer aux Jeux olympiques de Paris 2024. Les six athl\u00e8tes sont :","robots":{"index":"index","follow":"follow","max-snippet":"max-snippet:-1","max-image-preview":"max-image-preview:large","max-video-preview":"max-video-preview:-1"},"canonical":"https:\/\/develop.olympic.ca\/olympique\/presse\/six-athletes-de-voile-nommes-au-sein-de-lequipe-olympique-canadienne-des-jeux-de-paris-2024\/","og_locale":"fr_FR","og_type":"article","og_title":"Six athl\u00e8tes de voile nomm\u00e9s au sein de l\u2019\u00c9quipe olympique canadienne des Jeux de Paris 2024 - \u00c9quipe Canada | Site officiel de l&#039;\u00e9quipe olympique","og_description":"Voile Canada et le Comit\u00e9 olympique canadien ont d\u00e9voil\u00e9 la formation des athl\u00e8tes de voile d\u2019\u00c9quipe Canada en nomination pour participer aux Jeux olympiques de Paris 2024. Les six athl\u00e8tes sont :","og_url":"https:\/\/develop.olympic.ca\/olympique\/presse\/six-athletes-de-voile-nommes-au-sein-de-lequipe-olympique-canadienne-des-jeux-de-paris-2024\/","og_site_name":"\u00c9quipe Canada | Site officiel de l&#039;\u00e9quipe olympique","twitter_card":"summary_large_image","twitter_image":"https:\/\/develop.olympic.ca\/olympique\/wp-content\/uploads\/sites\/2\/2024\/06\/FEATURE-IMAGE-2.png","twitter_misc":{"Est. reading time":"7 minutes","Written by":"tmacbournieolympicca"},"schema":{"@context":"https:\/\/schema.org","@graph":[{"@type":"WebPage","@id":"https:\/\/develop.olympic.ca\/olympique\/presse\/six-athletes-de-voile-nommes-au-sein-de-lequipe-olympique-canadienne-des-jeux-de-paris-2024\/","url":"https:\/\/develop.olympic.ca\/olympique\/presse\/six-athletes-de-voile-nommes-au-sein-de-lequipe-olympique-canadienne-des-jeux-de-paris-2024\/","name":"Six athl\u00e8tes de voile nomm\u00e9s au sein de l\u2019\u00c9quipe olympique canadienne des Jeux de Paris 2024 - \u00c9quipe Canada | Site officiel de l&#039;\u00e9quipe olympique","isPartOf":{"@id":"https:\/\/develop.olympic.ca\/olympique\/#website"},"primaryImageOfPage":{"@id":"https:\/\/develop.olympic.ca\/olympique\/presse\/six-athletes-de-voile-nommes-au-sein-de-lequipe-olympique-canadienne-des-jeux-de-paris-2024\/#primaryimage"},"image":{"@id":"https:\/\/develop.olympic.ca\/olympique\/presse\/six-athletes-de-voile-nommes-au-sein-de-lequipe-olympique-canadienne-des-jeux-de-paris-2024\/#primaryimage"},"thumbnailUrl":"https:\/\/develop.olympic.ca\/olympique\/wp-content\/uploads\/sites\/2\/2024\/06\/FEATURE-IMAGE-2.png","datePublished":"2024-06-07T14:00:00+00:00","description":"Voile Canada et le Comit\u00e9 olympique canadien ont d\u00e9voil\u00e9 la formation des athl\u00e8tes de voile d\u2019\u00c9quipe Canada en nomination pour participer aux Jeux olympiques de Paris 2024. Les six athl\u00e8tes sont :","inLanguage":"fr-FR","potentialAction":[{"@type":"ReadAction","target":["https:\/\/develop.olympic.ca\/olympique\/presse\/six-athletes-de-voile-nommes-au-sein-de-lequipe-olympique-canadienne-des-jeux-de-paris-2024\/"]}]},{"@type":"ImageObject","inLanguage":"fr-FR","@id":"https:\/\/develop.olympic.ca\/olympique\/presse\/six-athletes-de-voile-nommes-au-sein-de-lequipe-olympique-canadienne-des-jeux-de-paris-2024\/#primaryimage","url":"https:\/\/develop.olympic.ca\/olympique\/wp-content\/uploads\/sites\/2\/2024\/06\/FEATURE-IMAGE-2.png","contentUrl":"https:\/\/develop.olympic.ca\/olympique\/wp-content\/uploads\/sites\/2\/2024\/06\/FEATURE-IMAGE-2.png","width":2160,"height":1220},{"@type":"WebSite","@id":"https:\/\/develop.olympic.ca\/olympique\/#website","url":"https:\/\/develop.olympic.ca\/olympique\/","name":"\u00c9quipe Canada | Site officiel de l&#039;\u00e9quipe olympique","description":"Votre source pour l\u2019\u00c9quipe olympique canadienne. Retrouvez les r\u00e9cits, vid\u00e9os et photos des athl\u00e8tes canadiens, sports olympiques, Jeux olympiques de 2020 et bien plus!","potentialAction":[{"@type":"SearchAction","target":{"@type":"EntryPoint","urlTemplate":"https:\/\/develop.olympic.ca\/olympique\/?s={search_term_string}"},"query-input":{"@type":"PropertyValueSpecification","valueRequired":true,"valueName":"search_term_string"}}],"inLanguage":"fr-FR"}]}},"jetpack_sharing_enabled":true,"_links":{"self":[{"href":"https:\/\/develop.olympic.ca\/olympique\/wp-json\/wp\/v2\/press\/246168","targetHints":{"allow":["GET"]}}],"collection":[{"href":"https:\/\/develop.olympic.ca\/olympique\/wp-json\/wp\/v2\/press"}],"about":[{"href":"https:\/\/develop.olympic.ca\/olympique\/wp-json\/wp\/v2\/types\/press"}],"version-history":[{"count":6,"href":"https:\/\/develop.olympic.ca\/olympique\/wp-json\/wp\/v2\/press\/246168\/revisions"}],"predecessor-version":[{"id":246175,"href":"https:\/\/develop.olympic.ca\/olympique\/wp-json\/wp\/v2\/press\/246168\/revisions\/246175"}],"wp:featuredmedia":[{"embeddable":true,"href":"https:\/\/develop.olympic.ca\/olympique\/wp-json\/wp\/v2\/media\/246169"}],"wp:attachment":[{"href":"https:\/\/develop.olympic.ca\/olympique\/wp-json\/wp\/v2\/media?parent=246168"}],"wp:term":[{"taxonomy":"post_tag","embeddable":true,"href":"https:\/\/develop.olympic.ca\/olympique\/wp-json\/wp\/v2\/tags?post=246168"},{"taxonomy":"type-of-press","embeddable":true,"href":"https:\/\/develop.olympic.ca\/olympique\/wp-json\/wp\/v2\/type-of-press?post=246168"},{"taxonomy":"press-topic","embeddable":true,"href":"https:\/\/develop.olympic.ca\/olympique\/wp-json\/wp\/v2\/press-topic?post=246168"},{"taxonomy":"years","embeddable":true,"href":"https:\/\/develop.olympic.ca\/olympique\/wp-json\/wp\/v2\/years?post=246168"}],"curies":[{"name":"wp","href":"https:\/\/api.w.org\/{rel}","templated":true}]}}