{"id":246887,"date":"2024-06-20T14:00:00","date_gmt":"2024-06-20T18:00:00","guid":{"rendered":"https:\/\/develop.olympic.ca\/olympique\/?post_type=press&#038;p=246887"},"modified":"2024-06-19T22:35:25","modified_gmt":"2024-06-20T02:35:25","slug":"disponibilite-media-de-lequipe-canadienne-de-judo-pour-paris-2024-a-montreal","status":"publish","type":"press","link":"https:\/\/develop.olympic.ca\/olympique\/presse\/disponibilite-media-de-lequipe-canadienne-de-judo-pour-paris-2024-a-montreal\/","title":{"rendered":"Disponibilit\u00e9 m\u00e9dia de l\u2019\u00e9quipe canadienne de judo pour Paris 2024 \u00e0 Montr\u00e9al"},"content":{"rendered":"\n<p class=\"wp-block-paragraph\">MONTR\u00c9AL (20 juin 2024) \u2013 Le jeudi 27 juin, le Comit\u00e9 olympique canadien (COC) et Judo Canada d\u00e9voileront l\u2019identit\u00e9 des athl\u00e8tes de judo d\u2019\u00c9quipe Canada qui repr\u00e9senteront le pays aux Jeux olympiques de 2024 \u00e0 Paris. Les repr\u00e9sentants des m\u00e9dias sont invit\u00e9s afin de mener des entrevues, prendre des photos et enregistrer du contenu.<br><br>L\u2019\u00e9v\u00e9nement comprendra une courte pr\u00e9sentation avec des allocutions du COC et de la direction de Judo Canada en plus d\u2019une pr\u00e9sentation de la remise des vestes d\u2019\u00c9quipe Canada. Apr\u00e8s la pr\u00e9sentation, les repr\u00e9sentants des m\u00e9dias auront l\u2019occasion de parler avec les athl\u00e8tes et les entra\u00eeneurs qui s\u2019envoleront vers Paris.<\/p>\n\n\n\n<p class=\"wp-block-paragraph\">Les repr\u00e9sentants des m\u00e9dias sont pri\u00e9s de contacter Arianne Cloux (<a href=\"mailto:acloux@olympic.ca\">acloux@olympique.ca<\/a>) ou Patrick Esparbes (<a href=\"mailto:p.esparbes@judocanada.org\">p.esparbes@judocanada.org<\/a>) pour confirmer leur pr\u00e9sence \u00e0 l\u2019\u00e9v\u00e9nement.<br><br><strong>Quand :<\/strong><br>Jeudi 27 juin 2024<br>10 h 00 \u00e0 11 h 30 (HNE)<br><br><strong>O\u00f9 :<\/strong><br><a href=\"https:\/\/www.google.ca\/maps\/place\/Sport+Centre+Ippon+%7C+Judo+-+Crossfit+-+Gym+-+Basketball\/@45.5072113,-73.621067,227m\/data=!3m1!1e3!4m14!1m7!3m6!1s0x4cc91946113b9c9b:0xa5163434b16bf94d!2sSport+Centre+Ippon+%7C+Judo+-+Crossfit+-+Gym+-+Basketball!8m2!3d45.5070891!4d-73.6204072!16s%2Fg%2F11grv474gl!3m5!1s0x4cc91946113b9c9b:0xa5163434b16bf94d!8m2!3d45.5070891!4d-73.6204072!16s%2Fg%2F11grv474gl?entry=ttu\">Dojo Sport Centre Ippon<\/a><br>2715 Chem. de la C\u00f4te-Sainte-Catherine<br>Outremont, Qu\u00e9bec, H4P 2N5<\/p>\n\n\n\n<p class=\"wp-block-paragraph\"><br><strong>Qui :<\/strong><br>Athl\u00e8tes et entra\u00eeneurs de l\u2019\u00c9quipe olympique canadienne de judo<br>Nicolas Gill \u2013 Directeur de la haute performance et chef d\u2019\u00e9quipe, Judo Canada<br>Eric Myles \u2013&nbsp; Chef du sport, COC<\/p>\n\n\n\n<p class=\"has-text-align-center wp-block-paragraph\">&#8211; 30 &#8211;<\/p>\n\n\n\n<p class=\"wp-block-paragraph\">Patrick Esparbes, directeur g\u00e9n\u00e9ral adjoint<br>Judo Canada<br>Cell: 514-668-6279<br>Courriel : <a href=\"mailto:p.esparbes@judocanada.org\">p.esparbes@judocanada.org<\/a><\/p>\n\n\n\n<p class=\"wp-block-paragraph\"><br>Arianne Cloux, coordonnatrice, communications\u00a0<br>Comit\u00e9 olympique canadien<br>Cell : 514-606-2441<br>Courriel : <a href=\"mailto:acloux@olympique.ca\">acloux@olympique.ca<\/a><\/p>\n","protected":false},"excerpt":{"rendered":"<p>MONTR\u00c9AL (20 juin 2024) \u2013 Le jeudi 27 juin, le Comit\u00e9 olympique canadien (COC) et Judo Canada d\u00e9voileront l\u2019identit\u00e9 des&#8230;<\/p>\n","protected":false},"featured_media":216560,"template":"","format":"standard","tags":[],"type-of-press":[87640050],"press-topic":[682165168],"years":[682166484],"class_list":["post-246887","press","type-press","status-publish","format-standard","has-post-thumbnail","hentry","type-of-press-avis-aux-medias","press-topic-paris-2024","years-682166484"],"acf":[],"yoast_head":"<!-- This site is optimized with the Yoast SEO plugin v27.3 - https:\/\/yoast.com\/product\/yoast-seo-wordpress\/ -->\n<title>Disponibilit\u00e9 m\u00e9dia de l\u2019\u00e9quipe canadienne de judo pour Paris 2024 \u00e0 Montr\u00e9al - \u00c9quipe Canada | Site officiel de l&#039;\u00e9quipe olympique<\/title>\n<meta name=\"description\" content=\"Le jeudi 27 juin, le Comit\u00e9 olympique canadien (COC) et Judo Canada d\u00e9voileront l\u2019identit\u00e9 des athl\u00e8tes de judo d\u2019\u00c9quipe Canada qui repr\u00e9senteront le pays aux Jeux olympiques de 2024 \u00e0 Paris. Les repr\u00e9sentants des m\u00e9dias sont invit\u00e9s afin de mener des entrevues, prendre des photos et enregistrer du contenu.\" \/>\n<meta name=\"robots\" content=\"index, follow, max-snippet:-1, max-image-preview:large, max-video-preview:-1\" \/>\n<link rel=\"canonical\" href=\"https:\/\/develop.olympic.ca\/olympique\/presse\/disponibilite-media-de-lequipe-canadienne-de-judo-pour-paris-2024-a-montreal\/\" \/>\n<meta property=\"og:locale\" content=\"fr_FR\" \/>\n<meta property=\"og:type\" content=\"article\" \/>\n<meta property=\"og:title\" content=\"Disponibilit\u00e9 m\u00e9dia de l\u2019\u00e9quipe canadienne de judo pour Paris 2024 \u00e0 Montr\u00e9al - \u00c9quipe Canada | Site officiel de l&#039;\u00e9quipe olympique\" \/>\n<meta property=\"og:description\" content=\"Le jeudi 27 juin, le Comit\u00e9 olympique canadien (COC) et Judo Canada d\u00e9voileront l\u2019identit\u00e9 des athl\u00e8tes de judo d\u2019\u00c9quipe Canada qui repr\u00e9senteront le pays aux Jeux olympiques de 2024 \u00e0 Paris. Les repr\u00e9sentants des m\u00e9dias sont invit\u00e9s afin de mener des entrevues, prendre des photos et enregistrer du contenu.\" \/>\n<meta property=\"og:url\" content=\"https:\/\/develop.olympic.ca\/olympique\/presse\/disponibilite-media-de-lequipe-canadienne-de-judo-pour-paris-2024-a-montreal\/\" \/>\n<meta property=\"og:site_name\" content=\"\u00c9quipe Canada | Site officiel de l&#039;\u00e9quipe olympique\" \/>\n<meta property=\"og:image\" content=\"https:\/\/develop.olympic.ca\/olympique\/wp-content\/uploads\/sites\/2\/2023\/01\/WEB_COC_AVIS-AUX-MEDIA.jpg?quality=100\" \/>\n\t<meta property=\"og:image:width\" content=\"5584\" \/>\n\t<meta property=\"og:image:height\" content=\"3143\" \/>\n\t<meta property=\"og:image:type\" content=\"image\/jpeg\" \/>\n<meta name=\"twitter:card\" content=\"summary_large_image\" \/>\n<meta name=\"twitter:label1\" content=\"Est. reading time\" \/>\n\t<meta name=\"twitter:data1\" content=\"2 minutes\" \/>\n\t<meta name=\"twitter:label2\" content=\"Written by\" \/>\n\t<meta name=\"twitter:data2\" content=\"acloux\" \/>\n<script type=\"application\/ld+json\" class=\"yoast-schema-graph\">{\"@context\":\"https:\\\/\\\/schema.org\",\"@graph\":[{\"@type\":\"WebPage\",\"@id\":\"https:\\\/\\\/develop.olympic.ca\\\/olympique\\\/presse\\\/disponibilite-media-de-lequipe-canadienne-de-judo-pour-paris-2024-a-montreal\\\/\",\"url\":\"https:\\\/\\\/develop.olympic.ca\\\/olympique\\\/presse\\\/disponibilite-media-de-lequipe-canadienne-de-judo-pour-paris-2024-a-montreal\\\/\",\"name\":\"Disponibilit\u00e9 m\u00e9dia de l\u2019\u00e9quipe canadienne de judo pour Paris 2024 \u00e0 Montr\u00e9al - \u00c9quipe Canada | Site officiel de l&#039;\u00e9quipe olympique\",\"isPartOf\":{\"@id\":\"https:\\\/\\\/develop.olympic.ca\\\/olympique\\\/#website\"},\"primaryImageOfPage\":{\"@id\":\"https:\\\/\\\/develop.olympic.ca\\\/olympique\\\/presse\\\/disponibilite-media-de-lequipe-canadienne-de-judo-pour-paris-2024-a-montreal\\\/#primaryimage\"},\"image\":{\"@id\":\"https:\\\/\\\/develop.olympic.ca\\\/olympique\\\/presse\\\/disponibilite-media-de-lequipe-canadienne-de-judo-pour-paris-2024-a-montreal\\\/#primaryimage\"},\"thumbnailUrl\":\"https:\\\/\\\/develop.olympic.ca\\\/olympique\\\/wp-content\\\/uploads\\\/sites\\\/2\\\/2023\\\/01\\\/WEB_COC_AVIS-AUX-MEDIA.jpg?quality=100\",\"datePublished\":\"2024-06-20T18:00:00+00:00\",\"description\":\"Le jeudi 27 juin, le Comit\u00e9 olympique canadien (COC) et Judo Canada d\u00e9voileront l\u2019identit\u00e9 des athl\u00e8tes de judo d\u2019\u00c9quipe Canada qui repr\u00e9senteront le pays aux Jeux olympiques de 2024 \u00e0 Paris. Les repr\u00e9sentants des m\u00e9dias sont invit\u00e9s afin de mener des entrevues, prendre des photos et enregistrer du contenu.\",\"inLanguage\":\"fr-FR\",\"potentialAction\":[{\"@type\":\"ReadAction\",\"target\":[\"https:\\\/\\\/develop.olympic.ca\\\/olympique\\\/presse\\\/disponibilite-media-de-lequipe-canadienne-de-judo-pour-paris-2024-a-montreal\\\/\"]}]},{\"@type\":\"ImageObject\",\"inLanguage\":\"fr-FR\",\"@id\":\"https:\\\/\\\/develop.olympic.ca\\\/olympique\\\/presse\\\/disponibilite-media-de-lequipe-canadienne-de-judo-pour-paris-2024-a-montreal\\\/#primaryimage\",\"url\":\"https:\\\/\\\/develop.olympic.ca\\\/olympique\\\/wp-content\\\/uploads\\\/sites\\\/2\\\/2023\\\/01\\\/WEB_COC_AVIS-AUX-MEDIA.jpg?quality=100\",\"contentUrl\":\"https:\\\/\\\/develop.olympic.ca\\\/olympique\\\/wp-content\\\/uploads\\\/sites\\\/2\\\/2023\\\/01\\\/WEB_COC_AVIS-AUX-MEDIA.jpg?quality=100\",\"width\":5584,\"height\":3143,\"caption\":\"Logo du COC - avis aux m\u00e9dias\"},{\"@type\":\"WebSite\",\"@id\":\"https:\\\/\\\/develop.olympic.ca\\\/olympique\\\/#website\",\"url\":\"https:\\\/\\\/develop.olympic.ca\\\/olympique\\\/\",\"name\":\"\u00c9quipe Canada | Site officiel de l&#039;\u00e9quipe olympique\",\"description\":\"Votre source pour l\u2019\u00c9quipe olympique canadienne. Retrouvez les r\u00e9cits, vid\u00e9os et photos des athl\u00e8tes canadiens, sports olympiques, Jeux olympiques de 2020 et bien plus!\",\"potentialAction\":[{\"@type\":\"SearchAction\",\"target\":{\"@type\":\"EntryPoint\",\"urlTemplate\":\"https:\\\/\\\/develop.olympic.ca\\\/olympique\\\/?s={search_term_string}\"},\"query-input\":{\"@type\":\"PropertyValueSpecification\",\"valueRequired\":true,\"valueName\":\"search_term_string\"}}],\"inLanguage\":\"fr-FR\"}]}<\/script>\n<!-- \/ Yoast SEO plugin. -->","yoast_head_json":{"title":"Disponibilit\u00e9 m\u00e9dia de l\u2019\u00e9quipe canadienne de judo pour Paris 2024 \u00e0 Montr\u00e9al - \u00c9quipe Canada | Site officiel de l&#039;\u00e9quipe olympique","description":"Le jeudi 27 juin, le Comit\u00e9 olympique canadien (COC) et Judo Canada d\u00e9voileront l\u2019identit\u00e9 des athl\u00e8tes de judo d\u2019\u00c9quipe Canada qui repr\u00e9senteront le pays aux Jeux olympiques de 2024 \u00e0 Paris. Les repr\u00e9sentants des m\u00e9dias sont invit\u00e9s afin de mener des entrevues, prendre des photos et enregistrer du contenu.","robots":{"index":"index","follow":"follow","max-snippet":"max-snippet:-1","max-image-preview":"max-image-preview:large","max-video-preview":"max-video-preview:-1"},"canonical":"https:\/\/develop.olympic.ca\/olympique\/presse\/disponibilite-media-de-lequipe-canadienne-de-judo-pour-paris-2024-a-montreal\/","og_locale":"fr_FR","og_type":"article","og_title":"Disponibilit\u00e9 m\u00e9dia de l\u2019\u00e9quipe canadienne de judo pour Paris 2024 \u00e0 Montr\u00e9al - \u00c9quipe Canada | Site officiel de l&#039;\u00e9quipe olympique","og_description":"Le jeudi 27 juin, le Comit\u00e9 olympique canadien (COC) et Judo Canada d\u00e9voileront l\u2019identit\u00e9 des athl\u00e8tes de judo d\u2019\u00c9quipe Canada qui repr\u00e9senteront le pays aux Jeux olympiques de 2024 \u00e0 Paris. Les repr\u00e9sentants des m\u00e9dias sont invit\u00e9s afin de mener des entrevues, prendre des photos et enregistrer du contenu.","og_url":"https:\/\/develop.olympic.ca\/olympique\/presse\/disponibilite-media-de-lequipe-canadienne-de-judo-pour-paris-2024-a-montreal\/","og_site_name":"\u00c9quipe Canada | Site officiel de l&#039;\u00e9quipe olympique","og_image":[{"width":5584,"height":3143,"url":"https:\/\/develop.olympic.ca\/olympique\/wp-content\/uploads\/sites\/2\/2023\/01\/WEB_COC_AVIS-AUX-MEDIA.jpg?quality=100","type":"image\/jpeg"}],"twitter_card":"summary_large_image","twitter_misc":{"Est. reading time":"2 minutes","Written by":"acloux"},"schema":{"@context":"https:\/\/schema.org","@graph":[{"@type":"WebPage","@id":"https:\/\/develop.olympic.ca\/olympique\/presse\/disponibilite-media-de-lequipe-canadienne-de-judo-pour-paris-2024-a-montreal\/","url":"https:\/\/develop.olympic.ca\/olympique\/presse\/disponibilite-media-de-lequipe-canadienne-de-judo-pour-paris-2024-a-montreal\/","name":"Disponibilit\u00e9 m\u00e9dia de l\u2019\u00e9quipe canadienne de judo pour Paris 2024 \u00e0 Montr\u00e9al - \u00c9quipe Canada | Site officiel de l&#039;\u00e9quipe olympique","isPartOf":{"@id":"https:\/\/develop.olympic.ca\/olympique\/#website"},"primaryImageOfPage":{"@id":"https:\/\/develop.olympic.ca\/olympique\/presse\/disponibilite-media-de-lequipe-canadienne-de-judo-pour-paris-2024-a-montreal\/#primaryimage"},"image":{"@id":"https:\/\/develop.olympic.ca\/olympique\/presse\/disponibilite-media-de-lequipe-canadienne-de-judo-pour-paris-2024-a-montreal\/#primaryimage"},"thumbnailUrl":"https:\/\/develop.olympic.ca\/olympique\/wp-content\/uploads\/sites\/2\/2023\/01\/WEB_COC_AVIS-AUX-MEDIA.jpg?quality=100","datePublished":"2024-06-20T18:00:00+00:00","description":"Le jeudi 27 juin, le Comit\u00e9 olympique canadien (COC) et Judo Canada d\u00e9voileront l\u2019identit\u00e9 des athl\u00e8tes de judo d\u2019\u00c9quipe Canada qui repr\u00e9senteront le pays aux Jeux olympiques de 2024 \u00e0 Paris. Les repr\u00e9sentants des m\u00e9dias sont invit\u00e9s afin de mener des entrevues, prendre des photos et enregistrer du contenu.","inLanguage":"fr-FR","potentialAction":[{"@type":"ReadAction","target":["https:\/\/develop.olympic.ca\/olympique\/presse\/disponibilite-media-de-lequipe-canadienne-de-judo-pour-paris-2024-a-montreal\/"]}]},{"@type":"ImageObject","inLanguage":"fr-FR","@id":"https:\/\/develop.olympic.ca\/olympique\/presse\/disponibilite-media-de-lequipe-canadienne-de-judo-pour-paris-2024-a-montreal\/#primaryimage","url":"https:\/\/develop.olympic.ca\/olympique\/wp-content\/uploads\/sites\/2\/2023\/01\/WEB_COC_AVIS-AUX-MEDIA.jpg?quality=100","contentUrl":"https:\/\/develop.olympic.ca\/olympique\/wp-content\/uploads\/sites\/2\/2023\/01\/WEB_COC_AVIS-AUX-MEDIA.jpg?quality=100","width":5584,"height":3143,"caption":"Logo du COC - avis aux m\u00e9dias"},{"@type":"WebSite","@id":"https:\/\/develop.olympic.ca\/olympique\/#website","url":"https:\/\/develop.olympic.ca\/olympique\/","name":"\u00c9quipe Canada | Site officiel de l&#039;\u00e9quipe olympique","description":"Votre source pour l\u2019\u00c9quipe olympique canadienne. Retrouvez les r\u00e9cits, vid\u00e9os et photos des athl\u00e8tes canadiens, sports olympiques, Jeux olympiques de 2020 et bien plus!","potentialAction":[{"@type":"SearchAction","target":{"@type":"EntryPoint","urlTemplate":"https:\/\/develop.olympic.ca\/olympique\/?s={search_term_string}"},"query-input":{"@type":"PropertyValueSpecification","valueRequired":true,"valueName":"search_term_string"}}],"inLanguage":"fr-FR"}]}},"jetpack_sharing_enabled":true,"_links":{"self":[{"href":"https:\/\/develop.olympic.ca\/olympique\/wp-json\/wp\/v2\/press\/246887","targetHints":{"allow":["GET"]}}],"collection":[{"href":"https:\/\/develop.olympic.ca\/olympique\/wp-json\/wp\/v2\/press"}],"about":[{"href":"https:\/\/develop.olympic.ca\/olympique\/wp-json\/wp\/v2\/types\/press"}],"version-history":[{"count":9,"href":"https:\/\/develop.olympic.ca\/olympique\/wp-json\/wp\/v2\/press\/246887\/revisions"}],"predecessor-version":[{"id":246897,"href":"https:\/\/develop.olympic.ca\/olympique\/wp-json\/wp\/v2\/press\/246887\/revisions\/246897"}],"wp:featuredmedia":[{"embeddable":true,"href":"https:\/\/develop.olympic.ca\/olympique\/wp-json\/wp\/v2\/media\/216560"}],"wp:attachment":[{"href":"https:\/\/develop.olympic.ca\/olympique\/wp-json\/wp\/v2\/media?parent=246887"}],"wp:term":[{"taxonomy":"post_tag","embeddable":true,"href":"https:\/\/develop.olympic.ca\/olympique\/wp-json\/wp\/v2\/tags?post=246887"},{"taxonomy":"type-of-press","embeddable":true,"href":"https:\/\/develop.olympic.ca\/olympique\/wp-json\/wp\/v2\/type-of-press?post=246887"},{"taxonomy":"press-topic","embeddable":true,"href":"https:\/\/develop.olympic.ca\/olympique\/wp-json\/wp\/v2\/press-topic?post=246887"},{"taxonomy":"years","embeddable":true,"href":"https:\/\/develop.olympic.ca\/olympique\/wp-json\/wp\/v2\/years?post=246887"}],"curies":[{"name":"wp","href":"https:\/\/api.w.org\/{rel}","templated":true}]}}