{"id":246898,"date":"2024-06-20T12:00:00","date_gmt":"2024-06-20T16:00:00","guid":{"rendered":"https:\/\/develop.olympic.ca\/olympique\/?post_type=press&#038;p=246898"},"modified":"2024-06-20T09:28:06","modified_gmt":"2024-06-20T13:28:06","slug":"devoilement-de-lequipe-daviron-dequipe-canada-pour-paris-2024","status":"publish","type":"press","link":"https:\/\/develop.olympic.ca\/olympique\/presse\/devoilement-de-lequipe-daviron-dequipe-canada-pour-paris-2024\/","title":{"rendered":"D\u00e9voilement de l&rsquo;\u00e9quipe d\u2019aviron d\u2019\u00c9quipe Canada pour Paris 2024"},"content":{"rendered":"\n<p class=\"wp-block-paragraph\">DUNCAN, C.-B. (20 juin) &#8211; Rowing Canada Aviron et le Comit\u00e9 olympique canadien ont d\u00e9voil\u00e9 la formation d\u2019aviron d\u2019\u00c9quipe Canada qui participera aux Jeux olympiques de 2024 \u00e0 Paris. Les athl\u00e8tes sont :<\/p>\n\n\n\n<p class=\"wp-block-paragraph\"><strong>Huit de pointe, femmes<br><\/strong><a href=\"https:\/\/develop.olympic.ca\/olympique\/equipe-canada\/abby-dent\/\" target=\"_blank\" rel=\"noreferrer noopener\">Abby Dent<\/a> (Kenora, ON)<br><a href=\"https:\/\/develop.olympic.ca\/olympique\/equipe-canada\/caileigh-filmer\/\" target=\"_blank\" rel=\"noreferrer noopener\">Caileigh Filmer<\/a> (Victoria, C.-B.)<br><a href=\"https:\/\/develop.olympic.ca\/olympique\/equipe-canada\/kasia-gruchalla-wesierski\/\" target=\"_blank\" rel=\"noreferrer noopener\">Kasia Gruchalla-Wesierski<\/a> (Calgary, AB)<br><a href=\"https:\/\/develop.olympic.ca\/olympique\/equipe-canada\/kristen-kit\/\" target=\"_blank\" rel=\"noreferrer noopener\">Kristen Kit<\/a> (St. Catharines, ON)<br><a href=\"https:\/\/develop.olympic.ca\/olympique\/team-canada\/maya-meschkuleit\/\" target=\"_blank\" rel=\"noreferrer noopener\">Maya Meschkuleit<\/a> (Mississauga, ON)<br><a href=\"https:\/\/develop.olympic.ca\/olympique\/equipe-canada\/sydney-payne\/\" target=\"_blank\" rel=\"noreferrer noopener\">Sydney Payne<\/a> (Toronto, ON)<br><a href=\"https:\/\/develop.olympic.ca\/olympique\/equipe-canada\/jessica-sevick\/\" target=\"_blank\" rel=\"noreferrer noopener\">Jessica Sevick<\/a> (Strathmore, AB)<br><a href=\"https:\/\/develop.olympic.ca\/olympique\/equipe-canada\/kristina-walker\/\" target=\"_blank\" rel=\"noreferrer noopener\">Kristina Walker<\/a> (Wolfe Island, ON)<br><a href=\"https:\/\/develop.olympic.ca\/olympique\/equipe-canada\/avalon-wasteneys\/\" target=\"_blank\" rel=\"noreferrer noopener\">Avalon Wasteneys<\/a> (Campbell River, C.-B.)<br><br><strong>Deux de couple poids l\u00e9ger, femmes<br><\/strong><a href=\"https:\/\/develop.olympic.ca\/olympique\/equipe-canada\/jennifer-casson\/\" target=\"_blank\" rel=\"noreferrer noopener\">Jenny Casson<\/a> (Kingston, ON)<br><a href=\"https:\/\/develop.olympic.ca\/olympique\/equipe-canada\/jill-moffatt\/\" target=\"_blank\" rel=\"noreferrer noopener\">Jill Moffatt<\/a> (Bethany, ON)<\/p>\n\n\n\n<p class=\"wp-block-paragraph\">Les championnes olympiques des Tokyo 2020 dans l\u2019\u00e9preuve du huit de pointe f\u00e9minin chercheront \u00e0 d\u00e9fendre leur m\u00e9daille d\u2019or \u00e0 Paris. L\u2019embarcation canadienne compte des rameuses aguerries, alors que quatre des championnes olympiques de Tokyo seront de retour, soit Kasia Gruchalla-Wesierski, Kristen Kit, Sydney Payne et Avalon Wasteneys.&nbsp;<\/p>\n\n\n\n<p class=\"wp-block-paragraph\">\u00ab Cette s\u00e9lection pour mes deuxi\u00e8mes Jeux olympiques me rend incroyablement reconnaissante pour le soutien remarquable et le travail acharn\u00e9 qui nous ont permis de nous rendre jusqu\u2019ici, d\u00e9clare Wasteneys. \u00c0 l\u2019approche de Paris, j\u2019ai vraiment h\u00e2te de vivre l\u2019exp\u00e9rience olympique compl\u00e8te, surtout apr\u00e8s celle plus limit\u00e9e des Jeux olympiques de Tokyo en raison de la pand\u00e9mie mondiale. Ce qui m\u2019emballe le plus, c\u2019est de pouvoir aller sur l\u2019eau et comp\u00e9titionner avec mes co\u00e9quipi\u00e8res. Cet \u00e9quipage excelle tr\u00e8s bien sous pression, alors je suis impatiente de voir comment nous allons relever le d\u00e9fi de performer au plus haut niveau \u00e0 Paris ! \u00bb<\/p>\n\n\n\n<p class=\"wp-block-paragraph\">Caileigh Filmer, qui a remport\u00e9 la m\u00e9daille de bronze olympique en deux de pointe f\u00e9minin \u00e0 Tokyo 2020 avec Hillary Janssens, participera \u00e0 ses troisi\u00e8mes Jeux olympiques. Filmer est revenue \u00e0 l\u2019aviron en 2023 apr\u00e8s avoir pass\u00e9 deux ann\u00e9es \u00e0 disputer des comp\u00e9titions de cyclisme sur route et sur piste. Filmer a fait ses d\u00e9buts \u00e0 titre d\u2019athl\u00e8te olympique au sein du huit de pointe f\u00e9minin \u00e0 Rio 2016 et elle dit avoir h\u00e2te d\u2019\u00eatre de retour dans la plus grande embarcation \u00e0 Paris.<\/p>\n\n\n\n<p class=\"wp-block-paragraph\">\u00ab D\u2019avoir \u00e9t\u00e9 s\u00e9lectionn\u00e9e pour participer \u00e0 mes troisi\u00e8mes Jeux olympiques est un r\u00eave devenu r\u00e9alit\u00e9, que je n\u2019aurais pourtant jamais cru possible il y a un an. J\u2019ai recommenc\u00e9 \u00e0 ramer en juillet dernier quand je suis revenue \u00e0 l\u2019aviron, anim\u00e9e du d\u00e9sir d\u2019aider le Canada \u00e0 d\u00e9crocher deux titres olympiques de suite au huit de pointe f\u00e9minin. Je suis tellement fi\u00e8re de toute l\u2019\u00e9quipe pour la progression, l\u2019int\u00e9grit\u00e9 et le courage qu\u2019elle a affich\u00e9es tous les jours. Je suis absolument enchant\u00e9e de pouvoir disputer des courses avec ces femmes et avoir du plaisir \u00e0 faire ce que nous aimons faire ensemble, repr\u00e9senter le Canada aux Jeux olympiques. \u00bb<\/p>\n\n\n\n<p class=\"wp-block-paragraph\">Kristina Walker et Jessica Sevick en seront aussi \u00e0 leur deuxi\u00e8me pr\u00e9sence aux Jeux olympiques. Walker a pris la 10e place \u00e0 Tokyo en quatre de pointe f\u00e9minin, tandis que Sevick est maintenant pass\u00e9e au huit de pointe f\u00e9minin apr\u00e8s avoir d\u00e9croch\u00e9 la sixi\u00e8me place en deux de couple f\u00e9minin \u00e0 Tokyo 2020. Le huit de pointe f\u00e9minin canadien a fait forte impression \u00e0 la Coupe du monde de World Rowing 2024 II \u00e0 Lucerne, en Suisse, en gagnant la m\u00e9daille d\u2019or \u00e0 l\u2019aide d\u2019une performance dominante face aux \u00c9tats-Unis et \u00e0 la Grande-Bretagne.&nbsp;<\/p>\n\n\n\n<p class=\"wp-block-paragraph\">Les membres de l\u2019\u00e9quipage canadien en deux de couple poids l\u00e9ger f\u00e9minin, Jenny Casson et Jill Moffatt, ont mis la main sur leurs billets pour Paris aux Championnats du monde de World Rowing 2023 \u00e0 Belgrade, en Serbie, en terminant en quatri\u00e8me place. Casson et Moffat ont r\u00e9cemment conclu leur saison de Coupe du monde avec une quatri\u00e8me place \u00e0 Lucerne, en Suisse, ce qui rend le duo encore plus avide d\u2019acc\u00e9der au podium \u00e0 Paris.&nbsp;<\/p>\n\n\n\n<p class=\"wp-block-paragraph\">\u00ab C\u2019est une sensation vraiment sp\u00e9ciale d\u2019\u00eatre officiellement nomm\u00e9e pour mes deuxi\u00e8mes Jeux olympiques avec Jenny, d\u00e9clare Moffatt. Jenny et moi sommes tellement des athl\u00e8tes diff\u00e9rentes de celles que nous \u00e9tions \u00e0 Tokyo, alors j\u2019ai h\u00e2te de vivre cette r\u00e9gate en tant que meilleures versions de nous-m\u00eames. Notre entra\u00eeneur, Jeremy Ivey, a jou\u00e9 un \u00e9l\u00e9ment essentiel pour nous amener au niveau que nous avons en ce moment, et j\u2019ai h\u00e2te de nous voir, tous les trois, conqu\u00e9rir le monde \u00e0 Paris. \u00bb<\/p>\n\n\n\n<p class=\"wp-block-paragraph\">Avec 43 m\u00e9dailles, l\u2019aviron est un des sports olympiques d\u2019\u00e9t\u00e9 avec le plus de succ\u00e8s au Canada, avec une tradition de gagner qui remonte \u00e0 plus d\u2019un si\u00e8cle, soit jusqu\u2019\u00e0 St. Louis 1904.<\/p>\n\n\n\n<p class=\"wp-block-paragraph\">\u00ab Je suis tr\u00e8s fier de tous les athl\u00e8tes et de l\u2019\u00e9quipe de soutien qui ont r\u00e9ussi \u00e0 les mettre dans une position favorable pour r\u00e9ussir \u00e0 Paris, souligne Adam Parfitt, directeur de la haute performance de RCA. Chaque athl\u00e8te a suivi un parcours unique pour se rendre jusqu\u2019ici, et cela t\u00e9moigne de leur engagement et de leur d\u00e9vouement \u00e0 r\u00e9ussir \u00e0 Paris. Toute la communaut\u00e9 d\u2019aviron et la nation enti\u00e8re sont derri\u00e8re eux ! \u00bb<\/p>\n\n\n\n<p class=\"wp-block-paragraph\">Les \u00e9preuves d\u2019aviron seront disput\u00e9es du 27 juillet au 3 ao\u00fbt (Jour 1 \u00e0 8) au Stade nautique de Vaires-sur-Marne.<\/p>\n\n\n\n<p class=\"wp-block-paragraph\">\u00ab Les rameuses d\u2019\u00c9quipe Canada incarnent l&rsquo;excellence, l&rsquo;esprit d&rsquo;\u00e9quipe et la fiert\u00e9 canadienne en enrichissant non seulement notre h\u00e9ritage olympique, mais en captivant \u00e9galement le c\u0153ur de tous les Canadiens par leur puissance et parfaite synchronisation. Je n\u2019ai aucun doute que ces athl\u00e8tes porteront les couleurs de notre nation avec une d\u00e9termination inspirante \u00e0 Paris \u00bb, souligne Bruny Surin, chef de mission d\u2019\u00c9quipe Canada pour les Jeux olympiques de 2024 \u00e0 Paris.<\/p>\n\n\n\n<p class=\"wp-block-paragraph\">La d\u00e9l\u00e9gation d\u2019aviron d\u2019\u00c9quipe Canada pour les Jeux olympiques de 2024 \u00e0 Paris comprend aussi les athl\u00e8tes rempla\u00e7ants, les entra\u00eeneurs et le personnel de soutien suivant.<\/p>\n\n\n\n<p class=\"wp-block-paragraph\"><strong>Athl\u00e8tes rempla\u00e7antes<\/strong><strong><br><\/strong>Kristen Siermachesky (New Liskeard, ON) \u2013 Athl\u00e8te rempla\u00e7ante<br>Cassidy Deane (Whistler, C.-B.) \u2013 Athl\u00e8te rempla\u00e7ante<\/p>\n\n\n\n<p class=\"wp-block-paragraph\"><strong>Entra\u00eeneurs<\/strong><strong><br><\/strong>Tom Morris (Subiaco, Australie) \u2013 Entra\u00eeneur de l\u2019\u00e9quipe nationale<br>Jeremy Ivey (St. John&rsquo;s, T.-N.) &#8211; Entra\u00eeneur de l\u2019\u00e9quipe nationale<\/p>\n\n\n\n<p class=\"wp-block-paragraph\"><strong>Personnel de soutien<\/strong><strong><br><\/strong>Lindsey Brown (London, ON) \u2013 Coordonnatrice de l\u2019\u00e9quipe nationale<br>Laurence C\u00f4te (Baie-Comeau, QC) &#8211; Coordonnatrice de l\u2019\u00e9quipe nationale<br>Jordan Clarke (London, ON) &#8211; Physiologue<br>Christie Gialloreto (Victoria, C.-B.) \u2013 Consultante en performance mentale<br>Jenn Massingham (Cobble Hill, B.C) &#8211; Physioth\u00e9rapeute<br>Adam Parfitt (Victoria, C.-B.) \u2013 Chef d\u2019\u00e9quipe<br>Kaity Szabo (Sarnia, ON) \u2013 Th\u00e9rapeute du sport<br>Steven Joseph (Lethbridge, AB)&nbsp; &#8211; M\u00e9decin<br>Jon Rose (Nanaimo, BC) \u2013 Gestionnaire de l\u2019\u00e9quipement<\/p>\n\n\n\n<p class=\"wp-block-paragraph\">Avant d\u2019\u00eatre confirm\u00e9s comme membres d\u2019\u00c9quipe Canada, tous les athl\u00e8tes nomm\u00e9s sont soumis \u00e0 l\u2019approbation du comit\u00e9 de s\u00e9lection de l\u2019\u00e9quipe du Comit\u00e9 olympique canadien, une fois que toutes les nominations ont \u00e9t\u00e9 re\u00e7ues des organismes nationaux de sport.<br><br>Vous pouvez consulter la liste mise \u00e0 jour de la formation d\u2019\u00c9quipe Canada pour Paris 2024 en cliquant<a href=\"https:\/\/develop.olympic.ca\/olympique\/composition-dequipe-canada\/\"> ici<\/a>.<\/p>\n\n\n\n<p class=\"has-text-align-center wp-block-paragraph\">-30-<\/p>\n\n\n\n<p class=\"wp-block-paragraph\">CONTACTS POUR LES M\u00c9DIAS<\/p>\n\n\n\n<p class=\"wp-block-paragraph\">Colleen Coderre, responsable des communications<br>Rowing Canada Aviron<br>Cell. : 613-530-6217<br>Courriel : <a href=\"mailto:coderre@rowingcanada.org\">coderre@rowingcanada.org<\/a><\/p>\n\n\n\n<p class=\"wp-block-paragraph\">Tara MacBournie, gestionnaire de programme, communications sports<br>Comit\u00e9 olympique canadien<br>Cell. : 647-522-8328<br>Courriel : <a href=\"mailto:tmacbournie@olympique.ca\">tmacbournie@olympique.ca<\/a><\/p>\n","protected":false},"excerpt":{"rendered":"<p>DUNCAN, C.-B. (20 juin) &#8211; Rowing Canada Aviron et le Comit\u00e9 olympique canadien ont d\u00e9voil\u00e9 la formation d\u2019aviron d\u2019\u00c9quipe Canada&#8230;<\/p>\n","protected":false},"featured_media":246899,"template":"","format":"standard","tags":[],"type-of-press":[496138],"press-topic":[682165168],"years":[682166484],"class_list":["post-246898","press","type-press","status-publish","format-standard","has-post-thumbnail","hentry","type-of-press-communiques","press-topic-paris-2024","years-682166484"],"acf":[],"yoast_head":"<!-- This site is optimized with the Yoast SEO plugin v27.3 - https:\/\/yoast.com\/product\/yoast-seo-wordpress\/ -->\n<title>D\u00e9voilement de l&#039;\u00e9quipe d\u2019aviron d\u2019\u00c9quipe Canada pour Paris 2024 - \u00c9quipe Canada | Site officiel de l&#039;\u00e9quipe olympique<\/title>\n<meta name=\"description\" content=\"Rowing Canada Aviron et le Comit\u00e9 olympique canadien ont d\u00e9voil\u00e9 la formation d\u2019aviron d\u2019\u00c9quipe Canada qui participera aux Jeux olympiques de 2024 \u00e0 Paris. Les athl\u00e8tes sont :\" \/>\n<meta name=\"robots\" content=\"index, follow, max-snippet:-1, max-image-preview:large, max-video-preview:-1\" \/>\n<link rel=\"canonical\" href=\"https:\/\/develop.olympic.ca\/olympique\/presse\/devoilement-de-lequipe-daviron-dequipe-canada-pour-paris-2024\/\" \/>\n<meta property=\"og:locale\" content=\"fr_FR\" \/>\n<meta property=\"og:type\" content=\"article\" \/>\n<meta property=\"og:title\" content=\"D\u00e9voilement de l&#039;\u00e9quipe d\u2019aviron d\u2019\u00c9quipe Canada pour Paris 2024 - \u00c9quipe Canada | Site officiel de l&#039;\u00e9quipe olympique\" \/>\n<meta property=\"og:description\" content=\"Rowing Canada Aviron et le Comit\u00e9 olympique canadien ont d\u00e9voil\u00e9 la formation d\u2019aviron d\u2019\u00c9quipe Canada qui participera aux Jeux olympiques de 2024 \u00e0 Paris. Les athl\u00e8tes sont :\" \/>\n<meta property=\"og:url\" content=\"https:\/\/develop.olympic.ca\/olympique\/presse\/devoilement-de-lequipe-daviron-dequipe-canada-pour-paris-2024\/\" \/>\n<meta property=\"og:site_name\" content=\"\u00c9quipe Canada | Site officiel de l&#039;\u00e9quipe olympique\" \/>\n<meta property=\"og:image\" content=\"https:\/\/develop.olympic.ca\/olympique\/wp-content\/uploads\/sites\/2\/2024\/06\/ROW-FEATURE-IMAGE-1.jpg?quality=100\" \/>\n\t<meta property=\"og:image:width\" content=\"2160\" \/>\n\t<meta property=\"og:image:height\" content=\"1220\" \/>\n\t<meta property=\"og:image:type\" content=\"image\/jpeg\" \/>\n<meta name=\"twitter:card\" content=\"summary_large_image\" \/>\n<meta name=\"twitter:label1\" content=\"Est. reading time\" \/>\n\t<meta name=\"twitter:data1\" content=\"6 minutes\" \/>\n\t<meta name=\"twitter:label2\" content=\"Written by\" \/>\n\t<meta name=\"twitter:data2\" content=\"tmacbournieolympicca\" \/>\n<script type=\"application\/ld+json\" class=\"yoast-schema-graph\">{\"@context\":\"https:\\\/\\\/schema.org\",\"@graph\":[{\"@type\":\"WebPage\",\"@id\":\"https:\\\/\\\/develop.olympic.ca\\\/olympique\\\/presse\\\/devoilement-de-lequipe-daviron-dequipe-canada-pour-paris-2024\\\/\",\"url\":\"https:\\\/\\\/develop.olympic.ca\\\/olympique\\\/presse\\\/devoilement-de-lequipe-daviron-dequipe-canada-pour-paris-2024\\\/\",\"name\":\"D\u00e9voilement de l'\u00e9quipe d\u2019aviron d\u2019\u00c9quipe Canada pour Paris 2024 - \u00c9quipe Canada | Site officiel de l&#039;\u00e9quipe olympique\",\"isPartOf\":{\"@id\":\"https:\\\/\\\/develop.olympic.ca\\\/olympique\\\/#website\"},\"primaryImageOfPage\":{\"@id\":\"https:\\\/\\\/develop.olympic.ca\\\/olympique\\\/presse\\\/devoilement-de-lequipe-daviron-dequipe-canada-pour-paris-2024\\\/#primaryimage\"},\"image\":{\"@id\":\"https:\\\/\\\/develop.olympic.ca\\\/olympique\\\/presse\\\/devoilement-de-lequipe-daviron-dequipe-canada-pour-paris-2024\\\/#primaryimage\"},\"thumbnailUrl\":\"https:\\\/\\\/develop.olympic.ca\\\/olympique\\\/wp-content\\\/uploads\\\/sites\\\/2\\\/2024\\\/06\\\/ROW-FEATURE-IMAGE-1.jpg?quality=100\",\"datePublished\":\"2024-06-20T16:00:00+00:00\",\"description\":\"Rowing Canada Aviron et le Comit\u00e9 olympique canadien ont d\u00e9voil\u00e9 la formation d\u2019aviron d\u2019\u00c9quipe Canada qui participera aux Jeux olympiques de 2024 \u00e0 Paris. Les athl\u00e8tes sont :\",\"inLanguage\":\"fr-FR\",\"potentialAction\":[{\"@type\":\"ReadAction\",\"target\":[\"https:\\\/\\\/develop.olympic.ca\\\/olympique\\\/presse\\\/devoilement-de-lequipe-daviron-dequipe-canada-pour-paris-2024\\\/\"]}]},{\"@type\":\"ImageObject\",\"inLanguage\":\"fr-FR\",\"@id\":\"https:\\\/\\\/develop.olympic.ca\\\/olympique\\\/presse\\\/devoilement-de-lequipe-daviron-dequipe-canada-pour-paris-2024\\\/#primaryimage\",\"url\":\"https:\\\/\\\/develop.olympic.ca\\\/olympique\\\/wp-content\\\/uploads\\\/sites\\\/2\\\/2024\\\/06\\\/ROW-FEATURE-IMAGE-1.jpg?quality=100\",\"contentUrl\":\"https:\\\/\\\/develop.olympic.ca\\\/olympique\\\/wp-content\\\/uploads\\\/sites\\\/2\\\/2024\\\/06\\\/ROW-FEATURE-IMAGE-1.jpg?quality=100\",\"width\":2160,\"height\":1220},{\"@type\":\"WebSite\",\"@id\":\"https:\\\/\\\/develop.olympic.ca\\\/olympique\\\/#website\",\"url\":\"https:\\\/\\\/develop.olympic.ca\\\/olympique\\\/\",\"name\":\"\u00c9quipe Canada | Site officiel de l&#039;\u00e9quipe olympique\",\"description\":\"Votre source pour l\u2019\u00c9quipe olympique canadienne. Retrouvez les r\u00e9cits, vid\u00e9os et photos des athl\u00e8tes canadiens, sports olympiques, Jeux olympiques de 2020 et bien plus!\",\"potentialAction\":[{\"@type\":\"SearchAction\",\"target\":{\"@type\":\"EntryPoint\",\"urlTemplate\":\"https:\\\/\\\/develop.olympic.ca\\\/olympique\\\/?s={search_term_string}\"},\"query-input\":{\"@type\":\"PropertyValueSpecification\",\"valueRequired\":true,\"valueName\":\"search_term_string\"}}],\"inLanguage\":\"fr-FR\"}]}<\/script>\n<!-- \/ Yoast SEO plugin. -->","yoast_head_json":{"title":"D\u00e9voilement de l'\u00e9quipe d\u2019aviron d\u2019\u00c9quipe Canada pour Paris 2024 - \u00c9quipe Canada | Site officiel de l&#039;\u00e9quipe olympique","description":"Rowing Canada Aviron et le Comit\u00e9 olympique canadien ont d\u00e9voil\u00e9 la formation d\u2019aviron d\u2019\u00c9quipe Canada qui participera aux Jeux olympiques de 2024 \u00e0 Paris. Les athl\u00e8tes sont :","robots":{"index":"index","follow":"follow","max-snippet":"max-snippet:-1","max-image-preview":"max-image-preview:large","max-video-preview":"max-video-preview:-1"},"canonical":"https:\/\/develop.olympic.ca\/olympique\/presse\/devoilement-de-lequipe-daviron-dequipe-canada-pour-paris-2024\/","og_locale":"fr_FR","og_type":"article","og_title":"D\u00e9voilement de l'\u00e9quipe d\u2019aviron d\u2019\u00c9quipe Canada pour Paris 2024 - \u00c9quipe Canada | Site officiel de l&#039;\u00e9quipe olympique","og_description":"Rowing Canada Aviron et le Comit\u00e9 olympique canadien ont d\u00e9voil\u00e9 la formation d\u2019aviron d\u2019\u00c9quipe Canada qui participera aux Jeux olympiques de 2024 \u00e0 Paris. Les athl\u00e8tes sont :","og_url":"https:\/\/develop.olympic.ca\/olympique\/presse\/devoilement-de-lequipe-daviron-dequipe-canada-pour-paris-2024\/","og_site_name":"\u00c9quipe Canada | Site officiel de l&#039;\u00e9quipe olympique","og_image":[{"width":2160,"height":1220,"url":"https:\/\/develop.olympic.ca\/olympique\/wp-content\/uploads\/sites\/2\/2024\/06\/ROW-FEATURE-IMAGE-1.jpg?quality=100","type":"image\/jpeg"}],"twitter_card":"summary_large_image","twitter_misc":{"Est. reading time":"6 minutes","Written by":"tmacbournieolympicca"},"schema":{"@context":"https:\/\/schema.org","@graph":[{"@type":"WebPage","@id":"https:\/\/develop.olympic.ca\/olympique\/presse\/devoilement-de-lequipe-daviron-dequipe-canada-pour-paris-2024\/","url":"https:\/\/develop.olympic.ca\/olympique\/presse\/devoilement-de-lequipe-daviron-dequipe-canada-pour-paris-2024\/","name":"D\u00e9voilement de l'\u00e9quipe d\u2019aviron d\u2019\u00c9quipe Canada pour Paris 2024 - \u00c9quipe Canada | Site officiel de l&#039;\u00e9quipe olympique","isPartOf":{"@id":"https:\/\/develop.olympic.ca\/olympique\/#website"},"primaryImageOfPage":{"@id":"https:\/\/develop.olympic.ca\/olympique\/presse\/devoilement-de-lequipe-daviron-dequipe-canada-pour-paris-2024\/#primaryimage"},"image":{"@id":"https:\/\/develop.olympic.ca\/olympique\/presse\/devoilement-de-lequipe-daviron-dequipe-canada-pour-paris-2024\/#primaryimage"},"thumbnailUrl":"https:\/\/develop.olympic.ca\/olympique\/wp-content\/uploads\/sites\/2\/2024\/06\/ROW-FEATURE-IMAGE-1.jpg?quality=100","datePublished":"2024-06-20T16:00:00+00:00","description":"Rowing Canada Aviron et le Comit\u00e9 olympique canadien ont d\u00e9voil\u00e9 la formation d\u2019aviron d\u2019\u00c9quipe Canada qui participera aux Jeux olympiques de 2024 \u00e0 Paris. Les athl\u00e8tes sont :","inLanguage":"fr-FR","potentialAction":[{"@type":"ReadAction","target":["https:\/\/develop.olympic.ca\/olympique\/presse\/devoilement-de-lequipe-daviron-dequipe-canada-pour-paris-2024\/"]}]},{"@type":"ImageObject","inLanguage":"fr-FR","@id":"https:\/\/develop.olympic.ca\/olympique\/presse\/devoilement-de-lequipe-daviron-dequipe-canada-pour-paris-2024\/#primaryimage","url":"https:\/\/develop.olympic.ca\/olympique\/wp-content\/uploads\/sites\/2\/2024\/06\/ROW-FEATURE-IMAGE-1.jpg?quality=100","contentUrl":"https:\/\/develop.olympic.ca\/olympique\/wp-content\/uploads\/sites\/2\/2024\/06\/ROW-FEATURE-IMAGE-1.jpg?quality=100","width":2160,"height":1220},{"@type":"WebSite","@id":"https:\/\/develop.olympic.ca\/olympique\/#website","url":"https:\/\/develop.olympic.ca\/olympique\/","name":"\u00c9quipe Canada | Site officiel de l&#039;\u00e9quipe olympique","description":"Votre source pour l\u2019\u00c9quipe olympique canadienne. Retrouvez les r\u00e9cits, vid\u00e9os et photos des athl\u00e8tes canadiens, sports olympiques, Jeux olympiques de 2020 et bien plus!","potentialAction":[{"@type":"SearchAction","target":{"@type":"EntryPoint","urlTemplate":"https:\/\/develop.olympic.ca\/olympique\/?s={search_term_string}"},"query-input":{"@type":"PropertyValueSpecification","valueRequired":true,"valueName":"search_term_string"}}],"inLanguage":"fr-FR"}]}},"jetpack_sharing_enabled":true,"_links":{"self":[{"href":"https:\/\/develop.olympic.ca\/olympique\/wp-json\/wp\/v2\/press\/246898","targetHints":{"allow":["GET"]}}],"collection":[{"href":"https:\/\/develop.olympic.ca\/olympique\/wp-json\/wp\/v2\/press"}],"about":[{"href":"https:\/\/develop.olympic.ca\/olympique\/wp-json\/wp\/v2\/types\/press"}],"version-history":[{"count":6,"href":"https:\/\/develop.olympic.ca\/olympique\/wp-json\/wp\/v2\/press\/246898\/revisions"}],"predecessor-version":[{"id":246918,"href":"https:\/\/develop.olympic.ca\/olympique\/wp-json\/wp\/v2\/press\/246898\/revisions\/246918"}],"wp:featuredmedia":[{"embeddable":true,"href":"https:\/\/develop.olympic.ca\/olympique\/wp-json\/wp\/v2\/media\/246899"}],"wp:attachment":[{"href":"https:\/\/develop.olympic.ca\/olympique\/wp-json\/wp\/v2\/media?parent=246898"}],"wp:term":[{"taxonomy":"post_tag","embeddable":true,"href":"https:\/\/develop.olympic.ca\/olympique\/wp-json\/wp\/v2\/tags?post=246898"},{"taxonomy":"type-of-press","embeddable":true,"href":"https:\/\/develop.olympic.ca\/olympique\/wp-json\/wp\/v2\/type-of-press?post=246898"},{"taxonomy":"press-topic","embeddable":true,"href":"https:\/\/develop.olympic.ca\/olympique\/wp-json\/wp\/v2\/press-topic?post=246898"},{"taxonomy":"years","embeddable":true,"href":"https:\/\/develop.olympic.ca\/olympique\/wp-json\/wp\/v2\/years?post=246898"}],"curies":[{"name":"wp","href":"https:\/\/api.w.org\/{rel}","templated":true}]}}