{"id":247522,"date":"2024-06-25T14:00:00","date_gmt":"2024-06-25T18:00:00","guid":{"rendered":"https:\/\/develop.olympic.ca\/olympique\/?post_type=press&#038;p=247522"},"modified":"2024-06-25T11:27:33","modified_gmt":"2024-06-25T15:27:33","slug":"le-coc-et-fasken-annonce-le-renouvellement-de-leur-partenariat-pour-huit-ans","status":"publish","type":"press","link":"https:\/\/develop.olympic.ca\/olympique\/presse\/le-coc-et-fasken-annonce-le-renouvellement-de-leur-partenariat-pour-huit-ans\/","title":{"rendered":"Le COC et Fasken annonce le renouvellement de leur partenariat pour huit ans"},"content":{"rendered":"\n<p class=\"wp-block-paragraph\">TORONTO (25 juin 2024) \u2013 Le Comit\u00e9 olympique canadien (COC) et Fasken sont heureux d\u2019annoncer le renouvellement de leur partenariat strat\u00e9gique pour huit autres ann\u00e9es, jusqu\u2019en 2032.<\/p>\n\n\n\n<p class=\"wp-block-paragraph\">Fasken a \u00e9t\u00e9 le cabinet d\u2019avocats officiel d\u2019\u00c9quipe Canada depuis 2020. Ce renouvellement permettra \u00e0 Fasken de continuer \u00e0 appuyer le syst\u00e8me sportif canadien en offrant des services juridiques sans frais, comme un soutien juridique direct au COC\/organismes nationaux de sport (ONS), des appels coop\u00e9ratifs et des consultations accessibles pour les ONS et les athl\u00e8tes canadiens.<\/p>\n\n\n\n<p class=\"wp-block-paragraph\">\u00ab Fasken est engag\u00e9 \u00e0 appuyer le syst\u00e8me sportif canadien et notre partenariat renouvel\u00e9 avec le Comit\u00e9 olympique canadien souligne notre d\u00e9vouement \u00e0 aider les ONS et les athl\u00e8tes \u00e0 briller, affirme Martin Denyes, associ\u00e9 directeur de cabinet chez Fasken. Alors que nous avons h\u00e2te \u00e0 la tenue des Jeux de Paris et au-del\u00e0, nous sommes ravis de poursuivre notre collaboration avec le COC et contribuer aux succ\u00e8s d\u2019\u00c9quipe Canada. \u00bb<br><br>\u00ab Nous sommes reconnaissants de travailler avec un partenaire comme Fasken qui partage nos valeurs olympiques et qui est aussi engag\u00e9 \u00e0 appuyer le syst\u00e8me sportif canadien, indique Jacqueline Ryan, chef de la marque et des affaires commerciales du Comit\u00e9 olympique canadien et chef de la direction de la Fondation olympique canadienne. Offrir cet acc\u00e8s au soutien juridique pour les athl\u00e8tes et les ONS est tr\u00e8s pr\u00e9cieux. Nous sommes tr\u00e8s heureux de travailler avec eux en route vers Paris et pour les nombreux Jeux qui suivront. \u00bb<\/p>\n\n\n\n<p class=\"wp-block-paragraph\">Respectueusement reconnu comme cabinet d\u2019avocats par la communaut\u00e9 d\u2019affaires internationale, Fasken compte plus de 950 avocats et 10 bureaux sur trois continents, notamment \u00e0 Toronto, Calgary, Vancouver et Montr\u00e9al.<\/p>\n\n\n\n<p class=\"wp-block-paragraph\"><strong>\u00c0 propos de Fasken<\/strong><\/p>\n\n\n\n<p class=\"wp-block-paragraph\">Situ\u00e9 \u00e0 l\u2019intersection de l\u2019excellence et de l\u2019expertise, Fasken est un cabinet d\u2019avocats de premier plan comptant plus de 950 avocats et avocates \u00e0 l\u2019\u00e9chelle mondiale. Nous nous engageons aupr\u00e8s de nos clients \u00e0 fa\u00e7onner l\u2019avenir qu\u2019ils imaginent, pr\u00e9cis\u00e9ment au moment o\u00f9 cela compte le plus. Pour plus de renseignements, visitez <a href=\"https:\/\/www.fasken.com\/fr\/firm\">fasken.com<\/a>.<\/p>\n\n\n\n<p class=\"has-text-align-center wp-block-paragraph\">-30-&nbsp;<\/p>\n\n\n\n<p class=\"wp-block-paragraph\"><strong>Contacts pour les m\u00e9dias<br><br><\/strong>Peter Saltsman<br>Gestionnaire principal, relations publiques<br>Comit\u00e9 olympique canadien<br>Cell. : 647-382-6986<br>Courriel : <a href=\"mailto:psaltsman@olympique.ca\">psaltsman@olympique.ca<\/a><\/p>\n\n\n\n<p class=\"wp-block-paragraph\">Fran\u00e7ois Richard<br>Gestionnaire des relations publiques<br>Fasken<br>Cell. : 514-871-5987<br>Courriel : <a href=\"mailto:frichard@fasken.com\">frichard@fasken.com<\/a><\/p>\n","protected":false},"excerpt":{"rendered":"<p>TORONTO (25 juin 2024) \u2013 Le Comit\u00e9 olympique canadien (COC) et Fasken sont heureux d\u2019annoncer le renouvellement de leur partenariat&#8230;<\/p>\n","protected":false},"featured_media":161096,"template":"","format":"standard","tags":[],"type-of-press":[496138],"press-topic":[415985198],"years":[682166484],"class_list":["post-247522","press","type-press","status-publish","format-standard","has-post-thumbnail","hentry","type-of-press-communiques","press-topic-general","years-682166484"],"acf":[],"yoast_head":"<!-- This site is optimized with the Yoast SEO plugin v27.3 - https:\/\/yoast.com\/product\/yoast-seo-wordpress\/ -->\n<title>Le COC et Fasken annonce le renouvellement de leur partenariat pour huit ans - \u00c9quipe Canada | Site officiel de l&#039;\u00e9quipe olympique<\/title>\n<meta name=\"robots\" content=\"index, follow, max-snippet:-1, max-image-preview:large, max-video-preview:-1\" \/>\n<link rel=\"canonical\" href=\"https:\/\/develop.olympic.ca\/olympique\/presse\/le-coc-et-fasken-annonce-le-renouvellement-de-leur-partenariat-pour-huit-ans\/\" \/>\n<meta property=\"og:locale\" content=\"fr_FR\" \/>\n<meta property=\"og:type\" content=\"article\" \/>\n<meta property=\"og:title\" content=\"Le COC et Fasken annonce le renouvellement de leur partenariat pour huit ans - \u00c9quipe Canada | Site officiel de l&#039;\u00e9quipe olympique\" \/>\n<meta property=\"og:description\" content=\"TORONTO (25 juin 2024) \u2013 Le Comit\u00e9 olympique canadien (COC) et Fasken sont heureux d\u2019annoncer le renouvellement de leur partenariat...\" \/>\n<meta property=\"og:url\" content=\"https:\/\/develop.olympic.ca\/olympique\/presse\/le-coc-et-fasken-annonce-le-renouvellement-de-leur-partenariat-pour-huit-ans\/\" \/>\n<meta property=\"og:site_name\" content=\"\u00c9quipe Canada | Site officiel de l&#039;\u00e9quipe olympique\" \/>\n<meta property=\"og:image\" content=\"https:\/\/develop.olympic.ca\/olympique\/wp-content\/uploads\/sites\/2\/2020\/05\/FASKEN_FR.jpg?quality=100\" \/>\n\t<meta property=\"og:image:width\" content=\"1340\" \/>\n\t<meta property=\"og:image:height\" content=\"754\" \/>\n\t<meta property=\"og:image:type\" content=\"image\/jpeg\" \/>\n<meta name=\"twitter:card\" content=\"summary_large_image\" \/>\n<meta name=\"twitter:label1\" content=\"Est. reading time\" \/>\n\t<meta name=\"twitter:data1\" content=\"2 minutes\" \/>\n\t<meta name=\"twitter:label2\" content=\"Written by\" \/>\n\t<meta name=\"twitter:data2\" content=\"zsinha\" \/>\n<script type=\"application\/ld+json\" class=\"yoast-schema-graph\">{\"@context\":\"https:\\\/\\\/schema.org\",\"@graph\":[{\"@type\":\"WebPage\",\"@id\":\"https:\\\/\\\/develop.olympic.ca\\\/olympique\\\/presse\\\/le-coc-et-fasken-annonce-le-renouvellement-de-leur-partenariat-pour-huit-ans\\\/\",\"url\":\"https:\\\/\\\/develop.olympic.ca\\\/olympique\\\/presse\\\/le-coc-et-fasken-annonce-le-renouvellement-de-leur-partenariat-pour-huit-ans\\\/\",\"name\":\"Le COC et Fasken annonce le renouvellement de leur partenariat pour huit ans - \u00c9quipe Canada | Site officiel de l&#039;\u00e9quipe olympique\",\"isPartOf\":{\"@id\":\"https:\\\/\\\/develop.olympic.ca\\\/olympique\\\/#website\"},\"primaryImageOfPage\":{\"@id\":\"https:\\\/\\\/develop.olympic.ca\\\/olympique\\\/presse\\\/le-coc-et-fasken-annonce-le-renouvellement-de-leur-partenariat-pour-huit-ans\\\/#primaryimage\"},\"image\":{\"@id\":\"https:\\\/\\\/develop.olympic.ca\\\/olympique\\\/presse\\\/le-coc-et-fasken-annonce-le-renouvellement-de-leur-partenariat-pour-huit-ans\\\/#primaryimage\"},\"thumbnailUrl\":\"https:\\\/\\\/develop.olympic.ca\\\/olympique\\\/wp-content\\\/uploads\\\/sites\\\/2\\\/2020\\\/05\\\/FASKEN_FR.jpg?quality=100\",\"datePublished\":\"2024-06-25T18:00:00+00:00\",\"inLanguage\":\"fr-FR\",\"potentialAction\":[{\"@type\":\"ReadAction\",\"target\":[\"https:\\\/\\\/develop.olympic.ca\\\/olympique\\\/presse\\\/le-coc-et-fasken-annonce-le-renouvellement-de-leur-partenariat-pour-huit-ans\\\/\"]}]},{\"@type\":\"ImageObject\",\"inLanguage\":\"fr-FR\",\"@id\":\"https:\\\/\\\/develop.olympic.ca\\\/olympique\\\/presse\\\/le-coc-et-fasken-annonce-le-renouvellement-de-leur-partenariat-pour-huit-ans\\\/#primaryimage\",\"url\":\"https:\\\/\\\/develop.olympic.ca\\\/olympique\\\/wp-content\\\/uploads\\\/sites\\\/2\\\/2020\\\/05\\\/FASKEN_FR.jpg?quality=100\",\"contentUrl\":\"https:\\\/\\\/develop.olympic.ca\\\/olympique\\\/wp-content\\\/uploads\\\/sites\\\/2\\\/2020\\\/05\\\/FASKEN_FR.jpg?quality=100\",\"width\":1340,\"height\":754},{\"@type\":\"WebSite\",\"@id\":\"https:\\\/\\\/develop.olympic.ca\\\/olympique\\\/#website\",\"url\":\"https:\\\/\\\/develop.olympic.ca\\\/olympique\\\/\",\"name\":\"\u00c9quipe Canada | Site officiel de l&#039;\u00e9quipe olympique\",\"description\":\"Votre source pour l\u2019\u00c9quipe olympique canadienne. Retrouvez les r\u00e9cits, vid\u00e9os et photos des athl\u00e8tes canadiens, sports olympiques, Jeux olympiques de 2020 et bien plus!\",\"potentialAction\":[{\"@type\":\"SearchAction\",\"target\":{\"@type\":\"EntryPoint\",\"urlTemplate\":\"https:\\\/\\\/develop.olympic.ca\\\/olympique\\\/?s={search_term_string}\"},\"query-input\":{\"@type\":\"PropertyValueSpecification\",\"valueRequired\":true,\"valueName\":\"search_term_string\"}}],\"inLanguage\":\"fr-FR\"}]}<\/script>\n<!-- \/ Yoast SEO plugin. -->","yoast_head_json":{"title":"Le COC et Fasken annonce le renouvellement de leur partenariat pour huit ans - \u00c9quipe Canada | Site officiel de l&#039;\u00e9quipe olympique","robots":{"index":"index","follow":"follow","max-snippet":"max-snippet:-1","max-image-preview":"max-image-preview:large","max-video-preview":"max-video-preview:-1"},"canonical":"https:\/\/develop.olympic.ca\/olympique\/presse\/le-coc-et-fasken-annonce-le-renouvellement-de-leur-partenariat-pour-huit-ans\/","og_locale":"fr_FR","og_type":"article","og_title":"Le COC et Fasken annonce le renouvellement de leur partenariat pour huit ans - \u00c9quipe Canada | Site officiel de l&#039;\u00e9quipe olympique","og_description":"TORONTO (25 juin 2024) \u2013 Le Comit\u00e9 olympique canadien (COC) et Fasken sont heureux d\u2019annoncer le renouvellement de leur partenariat...","og_url":"https:\/\/develop.olympic.ca\/olympique\/presse\/le-coc-et-fasken-annonce-le-renouvellement-de-leur-partenariat-pour-huit-ans\/","og_site_name":"\u00c9quipe Canada | Site officiel de l&#039;\u00e9quipe olympique","og_image":[{"width":1340,"height":754,"url":"https:\/\/develop.olympic.ca\/olympique\/wp-content\/uploads\/sites\/2\/2020\/05\/FASKEN_FR.jpg?quality=100","type":"image\/jpeg"}],"twitter_card":"summary_large_image","twitter_misc":{"Est. reading time":"2 minutes","Written by":"zsinha"},"schema":{"@context":"https:\/\/schema.org","@graph":[{"@type":"WebPage","@id":"https:\/\/develop.olympic.ca\/olympique\/presse\/le-coc-et-fasken-annonce-le-renouvellement-de-leur-partenariat-pour-huit-ans\/","url":"https:\/\/develop.olympic.ca\/olympique\/presse\/le-coc-et-fasken-annonce-le-renouvellement-de-leur-partenariat-pour-huit-ans\/","name":"Le COC et Fasken annonce le renouvellement de leur partenariat pour huit ans - \u00c9quipe Canada | Site officiel de l&#039;\u00e9quipe olympique","isPartOf":{"@id":"https:\/\/develop.olympic.ca\/olympique\/#website"},"primaryImageOfPage":{"@id":"https:\/\/develop.olympic.ca\/olympique\/presse\/le-coc-et-fasken-annonce-le-renouvellement-de-leur-partenariat-pour-huit-ans\/#primaryimage"},"image":{"@id":"https:\/\/develop.olympic.ca\/olympique\/presse\/le-coc-et-fasken-annonce-le-renouvellement-de-leur-partenariat-pour-huit-ans\/#primaryimage"},"thumbnailUrl":"https:\/\/develop.olympic.ca\/olympique\/wp-content\/uploads\/sites\/2\/2020\/05\/FASKEN_FR.jpg?quality=100","datePublished":"2024-06-25T18:00:00+00:00","inLanguage":"fr-FR","potentialAction":[{"@type":"ReadAction","target":["https:\/\/develop.olympic.ca\/olympique\/presse\/le-coc-et-fasken-annonce-le-renouvellement-de-leur-partenariat-pour-huit-ans\/"]}]},{"@type":"ImageObject","inLanguage":"fr-FR","@id":"https:\/\/develop.olympic.ca\/olympique\/presse\/le-coc-et-fasken-annonce-le-renouvellement-de-leur-partenariat-pour-huit-ans\/#primaryimage","url":"https:\/\/develop.olympic.ca\/olympique\/wp-content\/uploads\/sites\/2\/2020\/05\/FASKEN_FR.jpg?quality=100","contentUrl":"https:\/\/develop.olympic.ca\/olympique\/wp-content\/uploads\/sites\/2\/2020\/05\/FASKEN_FR.jpg?quality=100","width":1340,"height":754},{"@type":"WebSite","@id":"https:\/\/develop.olympic.ca\/olympique\/#website","url":"https:\/\/develop.olympic.ca\/olympique\/","name":"\u00c9quipe Canada | Site officiel de l&#039;\u00e9quipe olympique","description":"Votre source pour l\u2019\u00c9quipe olympique canadienne. Retrouvez les r\u00e9cits, vid\u00e9os et photos des athl\u00e8tes canadiens, sports olympiques, Jeux olympiques de 2020 et bien plus!","potentialAction":[{"@type":"SearchAction","target":{"@type":"EntryPoint","urlTemplate":"https:\/\/develop.olympic.ca\/olympique\/?s={search_term_string}"},"query-input":{"@type":"PropertyValueSpecification","valueRequired":true,"valueName":"search_term_string"}}],"inLanguage":"fr-FR"}]}},"jetpack_sharing_enabled":true,"_links":{"self":[{"href":"https:\/\/develop.olympic.ca\/olympique\/wp-json\/wp\/v2\/press\/247522","targetHints":{"allow":["GET"]}}],"collection":[{"href":"https:\/\/develop.olympic.ca\/olympique\/wp-json\/wp\/v2\/press"}],"about":[{"href":"https:\/\/develop.olympic.ca\/olympique\/wp-json\/wp\/v2\/types\/press"}],"version-history":[{"count":7,"href":"https:\/\/develop.olympic.ca\/olympique\/wp-json\/wp\/v2\/press\/247522\/revisions"}],"predecessor-version":[{"id":247531,"href":"https:\/\/develop.olympic.ca\/olympique\/wp-json\/wp\/v2\/press\/247522\/revisions\/247531"}],"wp:featuredmedia":[{"embeddable":true,"href":"https:\/\/develop.olympic.ca\/olympique\/wp-json\/wp\/v2\/media\/161096"}],"wp:attachment":[{"href":"https:\/\/develop.olympic.ca\/olympique\/wp-json\/wp\/v2\/media?parent=247522"}],"wp:term":[{"taxonomy":"post_tag","embeddable":true,"href":"https:\/\/develop.olympic.ca\/olympique\/wp-json\/wp\/v2\/tags?post=247522"},{"taxonomy":"type-of-press","embeddable":true,"href":"https:\/\/develop.olympic.ca\/olympique\/wp-json\/wp\/v2\/type-of-press?post=247522"},{"taxonomy":"press-topic","embeddable":true,"href":"https:\/\/develop.olympic.ca\/olympique\/wp-json\/wp\/v2\/press-topic?post=247522"},{"taxonomy":"years","embeddable":true,"href":"https:\/\/develop.olympic.ca\/olympique\/wp-json\/wp\/v2\/years?post=247522"}],"curies":[{"name":"wp","href":"https:\/\/api.w.org\/{rel}","templated":true}]}}