{"id":247860,"date":"2024-06-28T12:00:00","date_gmt":"2024-06-28T16:00:00","guid":{"rendered":"https:\/\/develop.olympic.ca\/olympique\/?post_type=press&#038;p=247860"},"modified":"2024-06-28T10:01:48","modified_gmt":"2024-06-28T14:01:48","slug":"devoilement-de-lequipe-de-volleyball-de-plage-dequipe-canada-aux-jeux-de-paris-2024","status":"publish","type":"press","link":"https:\/\/develop.olympic.ca\/olympique\/presse\/devoilement-de-lequipe-de-volleyball-de-plage-dequipe-canada-aux-jeux-de-paris-2024\/","title":{"rendered":"D\u00e9voilement de l\u2019\u00e9quipe de volleyball de plage d\u2019\u00c9quipe Canada aux Jeux de Paris 2024"},"content":{"rendered":"\n<p class=\"wp-block-paragraph\">TORONTO (28 juin 2024) &#8211; Volleyball Canada et le Comit\u00e9 olympique canadien ont annonc\u00e9 l\u2019identit\u00e9 des athl\u00e8tes de volleyball de plage d\u2019\u00c9quipe Canada nomm\u00e9s pour participer aux Jeux olympiques de Paris 2024. Les six athl\u00e8tes sont :<br><br><a href=\"https:\/\/develop.olympic.ca\/olympique\/equipe-canada\/melissa-humana-paredes\/\" target=\"_blank\" rel=\"noreferrer noopener\">Melissa Humana-Paredes<\/a> (Toronto, ON)<br><a href=\"https:\/\/develop.olympic.ca\/olympique\/equipe-canada\/brandie-wilkerson\/\" target=\"_blank\" rel=\"noreferrer noopener\">Brandie Wilkerson<\/a> (Toronto, ON)<br><a href=\"https:\/\/develop.olympic.ca\/olympique\/equipe-canada\/heather-bansley\/\" target=\"_blank\" rel=\"noreferrer noopener\">Heather Bansley<\/a> (Waterdown, ON)<br><a href=\"https:\/\/develop.olympic.ca\/olympique\/team-canada\/sophie-bukovec\/\" target=\"_blank\" rel=\"noreferrer noopener\">Sophie Bukovec<\/a> (Toronto, ON)<br><a href=\"https:\/\/develop.olympic.ca\/olympique\/equipe-canada\/sam-schachter\/\" target=\"_blank\" rel=\"noreferrer noopener\">Samuel Schachter<\/a> (Richmond Hill, ON)<br><a href=\"https:\/\/develop.olympic.ca\/olympique\/team-canada\/daniel-dearing\/\" target=\"_blank\" rel=\"noreferrer noopener\">Daniel Dearing<\/a> (Toronto, ON)<\/p>\n\n\n\n<p class=\"wp-block-paragraph\">Humana-Paredes et Wilkerson, qui ont toutes deux particip\u00e9 aux Jeux olympiques de Tokyo 2020 avec des partenaires diff\u00e9rentes, se sont qualifi\u00e9es pour les Jeux de Paris 2024 sur la base de leur rang au classement mondial de la FIVB. Cette \u00e9quipe est actuellement class\u00e9e quatri\u00e8me au monde, avec des r\u00e9sultats impressionnants cette ann\u00e9e sur le circuit Beach Pro Tour, dont une r\u00e9cente m\u00e9daille d\u2019argent au tournoi Elite 16 d\u2019Ostrava.<\/p>\n\n\n\n<p class=\"wp-block-paragraph\">Humana-Paredes et Wilkerson ont fait leurs d\u00e9buts en tant que duo sur le circuit Beach Pro Tour en f\u00e9vrier 2023 et ont rapidement d\u00e9montr\u00e9 leur alchimie, remportant leur premi\u00e8re m\u00e9daille d\u2019or dans un tournoi Elite 16 sur le sable de Montr\u00e9al en juillet. Ensemble, elles ont \u00e9t\u00e9 les porte-drapeaux de l\u2019\u00e9quipe canadienne \u00e0 la c\u00e9r\u00e9monie d\u2019ouverture des Jeux panam\u00e9ricains de Santiago 2023, o\u00f9 elles ont remport\u00e9 la m\u00e9daille d\u2019argent. Bien que leur partenariat soit encore relativement r\u00e9cent, Humana-Paredes et Wilkerson sont l\u2019une des meilleures \u00e9quipes f\u00e9minines de volleyball de plage au monde.&nbsp;<\/p>\n\n\n\n<p class=\"wp-block-paragraph\">\u00ab Nous y sommes enfin! Nous nous sommes pr\u00e9par\u00e9es et attendons ce moment avec impatience depuis que nous avons entam\u00e9 ce voyage ensemble il y a moins de deux ans. Quand nous nous sommes r\u00e9unies, nos objectifs \u00e9taient clairs : marquer l\u2019histoire \u00e0 Paris \u00bb , a d\u00e9clar\u00e9 Humana-Paredes. \u00ab En tant que nouvelle \u00e9quipe (form\u00e9e seulement deux mois avant le d\u00e9but des qualifications olympiques), nous n\u2019avions pas beaucoup de temps avant de devoir ex\u00e9cuter pour obtenir des points olympiques. Nous savions de quoi l\u2019\u00e9quipe \u00e9tait capable et nous avons rapidement fait conna\u00eetre notre pr\u00e9sence, en respectant nos normes chaque fois que nous en avions l\u2019occasion. \u00bb<\/p>\n\n\n\n<p class=\"wp-block-paragraph\">\u00ab Nous n\u2019aurions pas pu faire cela sans le soutien de notre famille et de nos amis, mais surtout de la famille choisie et de l\u2019\u00e9quipe derri\u00e8re l\u2019\u00e9quipe. \u00bb<\/p>\n\n\n\n<p class=\"wp-block-paragraph\">Le 23 juin, Schachter et Dearing ont d\u00e9croch\u00e9 le quota continental masculin et Bansley et Bukovec le quota continental f\u00e9minin au tournoi de qualification olympique de volleyball de plage NORCECA \u00e0 Tlaxcala, au Mexique. Les deux \u00e9quipes sont rest\u00e9es invaincues tout au long du tournoi, sans perdre une seule manche.<\/p>\n\n\n\n<p class=\"wp-block-paragraph\">Paris 2024 marquera les deuxi\u00e8mes Jeux olympiques de Schachter apr\u00e8s sa participation \u00e0 Rio 2016 o\u00f9 il a concouru avec son ancien partenaire Josh Binstock. Schachter a aussi particip\u00e9 aux Jeux panam\u00e9ricains de Toronto en 2015. Schachter et Dearing, tous deux \u00e2g\u00e9s de 34 ans, ont fait \u00e9quipe en 2022 et ont remport\u00e9 peu apr\u00e8s la m\u00e9daille d\u2019argent aux Jeux du Commonwealth de Birmingham 2022. L\u2019\u00e9quipe a aussi remport\u00e9 l\u2019or des finales du circuit de volleyball de plage de la NORCECA 2022 en R\u00e9publique dominicaine en d\u00e9cembre 2022. Dearing, qui travaille comme entra\u00eeneur de volleyball pour les jeunes et les adultes, fera ses d\u00e9buts olympiques \u00e0 Paris.<\/p>\n\n\n\n<p class=\"wp-block-paragraph\">\u00ab Je suis incroyablement reconnaissant de participer pour la deuxi\u00e8me fois aux Jeux olympiques, surtout apr\u00e8s avoir manqu\u00e9 de peu la qualification pour Tokyo. J\u2019appr\u00e9cie \u00e0 nouveau \u00e0 quel point il est difficile d\u2019avoir l\u2019occasion de repr\u00e9senter son pays aux Jeux olympiques \u00bb , a d\u00e9clar\u00e9 M. Schachter. \u00ab Nous sommes tr\u00e8s fiers de pouvoir concourir \u00e0 Paris, mais nous n\u2019aurions certainement pas pu le faire sans chaque membre de notre \u00e9quipe et sans les personnes qui nous ont soutenus tout au long de ce processus. \u00bb<\/p>\n\n\n\n<p class=\"wp-block-paragraph\">Paris 2024 marquera la troisi\u00e8me participation de Bansley aux Jeux olympiques, apr\u00e8s ses cinqui\u00e8mes places \u00e0 Rio 2016 et \u00e0 Tokyo 2020. Bansley s\u2019est d\u2019abord retir\u00e9e de la comp\u00e9tition apr\u00e8s Tokyo 2020, mais a repris le sport et a fait \u00e9quipe avec Bukovec en juillet 2023. Apr\u00e8s moins d\u2019un an de comp\u00e9tition ensemble, Bansley et Bukovec ont remport\u00e9 la m\u00e9daille d\u2019argent dans un tournoi Challenge du circuit Beach Pro Tour Challenge au Br\u00e9sil en mars dernier.<\/p>\n\n\n\n<p class=\"wp-block-paragraph\">\u00ab J\u2019ai pris le temps de savourer ce grand accomplissement qu\u2019est ma troisi\u00e8me qualification pour les Jeux olympiques et la premi\u00e8re pour Sophie, mais je sais qu\u2019il y a encore beaucoup de travail \u00e0 faire pour se pr\u00e9parer pour Paris, a d\u00e9clar\u00e9 Bansley. Il y a 11 mois, nous nous sommes fix\u00e9s comme objectif d\u2019essayer de nous qualifier ensemble pour Paris, ce qui, nous le savions, allait \u00eatre extr\u00eamement difficile et un peu fou, mais tout \u00e0 fait r\u00e9alisable \u00bb.<\/p>\n\n\n\n<p class=\"wp-block-paragraph\">Bukovec, qui fera ses d\u00e9buts olympiques \u00e0 Paris, a remport\u00e9 l\u2019or aux Championnats du monde U21 de la FIVB en 2014. Elle a aussi \u00e9t\u00e9 trois fois championne nationale de la NCAA. En 2022, Bukovec a jou\u00e9 avec Wilkerson, et le duo a remport\u00e9 l\u2019argent aux Championnats du monde de volleyball de plage de la FIVB.<\/p>\n\n\n\n<p class=\"wp-block-paragraph\">\u00ab Je suis extr\u00eamement emball\u00e9e et honor\u00e9e de repr\u00e9senter le Canada aux Jeux olympiques de Paris, a d\u00e9clar\u00e9 Bukovec. La p\u00e9riode de qualification a \u00e9t\u00e9 tr\u00e8s rapide et intense pour Heather et moi, car nous avons commenc\u00e9 un peu en retard, ne jouant ensemble que depuis 11 mois. Quand nous nous sommes engag\u00e9es l\u2019une envers l\u2019autre, nous savions qu\u2019il s\u2019agissait d\u2019une bataille difficile et que ce serait l\u2019une des choses les plus exigeantes que nous fassions, mais notre \u00e9quipe avait pleinement confiance en notre capacit\u00e9 \u00e0 faire de ce r\u00eave une r\u00e9alit\u00e9! \u00bb<\/p>\n\n\n\n<p class=\"wp-block-paragraph\">Le tournoi de volleyball de plage sera disput\u00e9 du 27 juillet au 10 ao\u00fbt (jour 1 \u00e0 15) au stade de la Tour Eiffel.<\/p>\n\n\n\n<p class=\"wp-block-paragraph\">\u00ab F\u00e9licitations aux athl\u00e8tes de volleyball de plage qui sont pr\u00eats \u00e0 servir l\u2019excellence sur un plateau de sable \u00e0 Paris 2024. Leur agilit\u00e9 et polyvalence, alli\u00e9es \u00e0 leur capacit\u00e9 \u00e0 passer de l&rsquo;attaque \u00e0 la d\u00e9fense avec une fluidit\u00e9 et une rapidit\u00e9 exceptionnelle, promettent des parties enflamm\u00e9es au pied de l\u2019iconique tour Eiffel, souligne Bruny Surin, chef de mission d\u2019\u00c9quipe Canada pour les Jeux olympiques de 2024 \u00e0 Paris. J\u2019ai h\u00e2te d\u2019accompagner ces \u00e9quipes dans l\u2019atmosph\u00e8re festive des Jeux olympiques. Allez Canada, attaquez avec pr\u00e9cision et d\u00e9fendez avec finesse ! \u00bb<\/p>\n\n\n\n<p class=\"wp-block-paragraph\">L&rsquo;\u00e9quipe de volleyball de plage d\u2019\u00c9quipe Canada pour les Jeux olympiques de Paris 2024 comprend aussi les entra\u00eeneurs et membres du personnel suivants :<\/p>\n\n\n\n<p class=\"wp-block-paragraph\">Ryan Aktari (Toronto, ON) \u2013 Gestionnaire d\u2019\u00e9quipe<br>Andrew Cochran (Toronto, ON) \u2013 Pr\u00e9parateur physique<br>Guilherme de Britto Pereira Tenius (Redondo Beach, CA \u00c9tats-Unis) \u2013 Entra\u00eeneur adjoint pour Humana-Paredes\/Wilkerson<br>Michael Gervais (Redondo Beach, CA \u00c9tats-Unis) &#8211; Consultant en performance mentale<br>Kerry MacDonald (Calgary, AB) \u2013 Chef d\u2019\u00e9quipe<br>Ashwin Patel (Guelph, ON) &#8211; Consultant en performance mentale<br>Nicole Sullivan (Toronto, ON) \u2013 Physioth\u00e9rapeute d\u2019\u00e9quipe<br>Marcio Scioli (Hermosa Beach, CA \u00c9tats-Unis) \u2013 Entra\u00eeneur-chef pour Humana-Paredes\/Wilkerson<br>Daniel Sinclair (Warkworth, ON) &#8211; Consultant en performance mentale<br>Jackie Skender (Ottawa, ON) \u2013 Attach\u00e9e de presse<br>Srdjan Veckov (Toronto, ON) \u2013 Entra\u00eeneur de plage pour Bansley\/Bukovec et Schachter\/Dearing<\/p>\n\n\n\n<p class=\"wp-block-paragraph\">Avant d\u2019\u00eatre confirm\u00e9s comme membres d\u2019\u00c9quipe Canada, tous les athl\u00e8tes nomm\u00e9s sont soumis \u00e0 l\u2019approbation du comit\u00e9 de s\u00e9lection de l\u2019\u00e9quipe du Comit\u00e9 olympique canadien, une fois que toutes les nominations ont \u00e9t\u00e9 re\u00e7ues des organismes nationaux de sport.<\/p>\n\n\n\n<p class=\"wp-block-paragraph\">Vous pouvez consulter la liste mise \u00e0 jour de la formation d\u2019\u00c9quipe Canada pour Paris 2024 en <a href=\"https:\/\/develop.olympic.ca\/olympique\/composition-dequipe-canada\/\" target=\"_blank\" rel=\"noreferrer noopener\">cliquant ici.<\/a><\/p>\n\n\n\n<p class=\"has-text-align-center wp-block-paragraph\">-30-<\/p>\n\n\n\n<p class=\"wp-block-paragraph\">CONTACTS POUR LES M\u00c9DIAS<\/p>\n\n\n\n<p class=\"wp-block-paragraph\">Jackie Skender<br>Volleyball Canada<br>Cell. : 613-794-7676<br>Courriel : <a href=\"mailto:jskender@volleyball.ca\">jskender@volleyball.ca<\/a><\/p>\n\n\n\n<p class=\"wp-block-paragraph\">Tara MacBournie, gestionnaire de programme, communications sports<br>Comit\u00e9 olympique canadien<br>Cell. : 647-522-8328<br>Courriel : <a href=\"mailto:tmacbournie@olympique.ca\">tmacbournie@olympique.ca<\/a><\/p>\n","protected":false},"excerpt":{"rendered":"<p>TORONTO (28 juin 2024) &#8211; Volleyball Canada et le Comit\u00e9 olympique canadien ont annonc\u00e9 l\u2019identit\u00e9 des athl\u00e8tes de volleyball de&#8230;<\/p>\n","protected":false},"featured_media":247861,"template":"","format":"standard","tags":[],"type-of-press":[496138],"press-topic":[682165168],"years":[682166484],"class_list":["post-247860","press","type-press","status-publish","format-standard","has-post-thumbnail","hentry","type-of-press-communiques","press-topic-paris-2024","years-682166484"],"acf":[],"yoast_head":"<!-- This site is optimized with the Yoast SEO plugin v27.3 - https:\/\/yoast.com\/product\/yoast-seo-wordpress\/ -->\n<title>D\u00e9voilement de l\u2019\u00e9quipe de volleyball de plage d\u2019\u00c9quipe Canada aux Jeux de Paris 2024 - \u00c9quipe Canada | Site officiel de l&#039;\u00e9quipe olympique<\/title>\n<meta name=\"description\" content=\"Volleyball Canada et le Comit\u00e9 olympique canadien ont annonc\u00e9 l\u2019identit\u00e9 des athl\u00e8tes de volleyball de plage d\u2019\u00c9quipe Canada nomm\u00e9s pour participer aux Jeux olympiques de Paris 2024.\" \/>\n<meta name=\"robots\" content=\"index, follow, max-snippet:-1, max-image-preview:large, max-video-preview:-1\" \/>\n<link rel=\"canonical\" href=\"https:\/\/develop.olympic.ca\/olympique\/presse\/devoilement-de-lequipe-de-volleyball-de-plage-dequipe-canada-aux-jeux-de-paris-2024\/\" \/>\n<meta property=\"og:locale\" content=\"fr_FR\" \/>\n<meta property=\"og:type\" content=\"article\" \/>\n<meta property=\"og:title\" content=\"D\u00e9voilement de l\u2019\u00e9quipe de volleyball de plage d\u2019\u00c9quipe Canada aux Jeux de Paris 2024 - \u00c9quipe Canada | Site officiel de l&#039;\u00e9quipe olympique\" \/>\n<meta property=\"og:description\" content=\"Volleyball Canada et le Comit\u00e9 olympique canadien ont annonc\u00e9 l\u2019identit\u00e9 des athl\u00e8tes de volleyball de plage d\u2019\u00c9quipe Canada nomm\u00e9s pour participer aux Jeux olympiques de Paris 2024.\" \/>\n<meta property=\"og:url\" content=\"https:\/\/develop.olympic.ca\/olympique\/presse\/devoilement-de-lequipe-de-volleyball-de-plage-dequipe-canada-aux-jeux-de-paris-2024\/\" \/>\n<meta property=\"og:site_name\" content=\"\u00c9quipe Canada | Site officiel de l&#039;\u00e9quipe olympique\" \/>\n<meta property=\"og:image\" content=\"https:\/\/develop.olympic.ca\/olympique\/wp-content\/uploads\/sites\/2\/2024\/06\/VBV-FEATURE-IMAGE-1.jpg?quality=100\" \/>\n\t<meta property=\"og:image:width\" content=\"2160\" \/>\n\t<meta property=\"og:image:height\" content=\"1220\" \/>\n\t<meta property=\"og:image:type\" content=\"image\/jpeg\" \/>\n<meta name=\"twitter:card\" content=\"summary_large_image\" \/>\n<meta name=\"twitter:label1\" content=\"Est. reading time\" \/>\n\t<meta name=\"twitter:data1\" content=\"7 minutes\" \/>\n\t<meta name=\"twitter:label2\" content=\"Written by\" \/>\n\t<meta name=\"twitter:data2\" content=\"tmacbournieolympicca\" \/>\n<script type=\"application\/ld+json\" class=\"yoast-schema-graph\">{\"@context\":\"https:\\\/\\\/schema.org\",\"@graph\":[{\"@type\":\"WebPage\",\"@id\":\"https:\\\/\\\/develop.olympic.ca\\\/olympique\\\/presse\\\/devoilement-de-lequipe-de-volleyball-de-plage-dequipe-canada-aux-jeux-de-paris-2024\\\/\",\"url\":\"https:\\\/\\\/develop.olympic.ca\\\/olympique\\\/presse\\\/devoilement-de-lequipe-de-volleyball-de-plage-dequipe-canada-aux-jeux-de-paris-2024\\\/\",\"name\":\"D\u00e9voilement de l\u2019\u00e9quipe de volleyball de plage d\u2019\u00c9quipe Canada aux Jeux de Paris 2024 - \u00c9quipe Canada | Site officiel de l&#039;\u00e9quipe olympique\",\"isPartOf\":{\"@id\":\"https:\\\/\\\/develop.olympic.ca\\\/olympique\\\/#website\"},\"primaryImageOfPage\":{\"@id\":\"https:\\\/\\\/develop.olympic.ca\\\/olympique\\\/presse\\\/devoilement-de-lequipe-de-volleyball-de-plage-dequipe-canada-aux-jeux-de-paris-2024\\\/#primaryimage\"},\"image\":{\"@id\":\"https:\\\/\\\/develop.olympic.ca\\\/olympique\\\/presse\\\/devoilement-de-lequipe-de-volleyball-de-plage-dequipe-canada-aux-jeux-de-paris-2024\\\/#primaryimage\"},\"thumbnailUrl\":\"https:\\\/\\\/develop.olympic.ca\\\/olympique\\\/wp-content\\\/uploads\\\/sites\\\/2\\\/2024\\\/06\\\/VBV-FEATURE-IMAGE-1.jpg?quality=100\",\"datePublished\":\"2024-06-28T16:00:00+00:00\",\"description\":\"Volleyball Canada et le Comit\u00e9 olympique canadien ont annonc\u00e9 l\u2019identit\u00e9 des athl\u00e8tes de volleyball de plage d\u2019\u00c9quipe Canada nomm\u00e9s pour participer aux Jeux olympiques de Paris 2024.\",\"inLanguage\":\"fr-FR\",\"potentialAction\":[{\"@type\":\"ReadAction\",\"target\":[\"https:\\\/\\\/develop.olympic.ca\\\/olympique\\\/presse\\\/devoilement-de-lequipe-de-volleyball-de-plage-dequipe-canada-aux-jeux-de-paris-2024\\\/\"]}]},{\"@type\":\"ImageObject\",\"inLanguage\":\"fr-FR\",\"@id\":\"https:\\\/\\\/develop.olympic.ca\\\/olympique\\\/presse\\\/devoilement-de-lequipe-de-volleyball-de-plage-dequipe-canada-aux-jeux-de-paris-2024\\\/#primaryimage\",\"url\":\"https:\\\/\\\/develop.olympic.ca\\\/olympique\\\/wp-content\\\/uploads\\\/sites\\\/2\\\/2024\\\/06\\\/VBV-FEATURE-IMAGE-1.jpg?quality=100\",\"contentUrl\":\"https:\\\/\\\/develop.olympic.ca\\\/olympique\\\/wp-content\\\/uploads\\\/sites\\\/2\\\/2024\\\/06\\\/VBV-FEATURE-IMAGE-1.jpg?quality=100\",\"width\":2160,\"height\":1220},{\"@type\":\"WebSite\",\"@id\":\"https:\\\/\\\/develop.olympic.ca\\\/olympique\\\/#website\",\"url\":\"https:\\\/\\\/develop.olympic.ca\\\/olympique\\\/\",\"name\":\"\u00c9quipe Canada | Site officiel de l&#039;\u00e9quipe olympique\",\"description\":\"Votre source pour l\u2019\u00c9quipe olympique canadienne. Retrouvez les r\u00e9cits, vid\u00e9os et photos des athl\u00e8tes canadiens, sports olympiques, Jeux olympiques de 2020 et bien plus!\",\"potentialAction\":[{\"@type\":\"SearchAction\",\"target\":{\"@type\":\"EntryPoint\",\"urlTemplate\":\"https:\\\/\\\/develop.olympic.ca\\\/olympique\\\/?s={search_term_string}\"},\"query-input\":{\"@type\":\"PropertyValueSpecification\",\"valueRequired\":true,\"valueName\":\"search_term_string\"}}],\"inLanguage\":\"fr-FR\"}]}<\/script>\n<!-- \/ Yoast SEO plugin. -->","yoast_head_json":{"title":"D\u00e9voilement de l\u2019\u00e9quipe de volleyball de plage d\u2019\u00c9quipe Canada aux Jeux de Paris 2024 - \u00c9quipe Canada | Site officiel de l&#039;\u00e9quipe olympique","description":"Volleyball Canada et le Comit\u00e9 olympique canadien ont annonc\u00e9 l\u2019identit\u00e9 des athl\u00e8tes de volleyball de plage d\u2019\u00c9quipe Canada nomm\u00e9s pour participer aux Jeux olympiques de Paris 2024.","robots":{"index":"index","follow":"follow","max-snippet":"max-snippet:-1","max-image-preview":"max-image-preview:large","max-video-preview":"max-video-preview:-1"},"canonical":"https:\/\/develop.olympic.ca\/olympique\/presse\/devoilement-de-lequipe-de-volleyball-de-plage-dequipe-canada-aux-jeux-de-paris-2024\/","og_locale":"fr_FR","og_type":"article","og_title":"D\u00e9voilement de l\u2019\u00e9quipe de volleyball de plage d\u2019\u00c9quipe Canada aux Jeux de Paris 2024 - \u00c9quipe Canada | Site officiel de l&#039;\u00e9quipe olympique","og_description":"Volleyball Canada et le Comit\u00e9 olympique canadien ont annonc\u00e9 l\u2019identit\u00e9 des athl\u00e8tes de volleyball de plage d\u2019\u00c9quipe Canada nomm\u00e9s pour participer aux Jeux olympiques de Paris 2024.","og_url":"https:\/\/develop.olympic.ca\/olympique\/presse\/devoilement-de-lequipe-de-volleyball-de-plage-dequipe-canada-aux-jeux-de-paris-2024\/","og_site_name":"\u00c9quipe Canada | Site officiel de l&#039;\u00e9quipe olympique","og_image":[{"width":2160,"height":1220,"url":"https:\/\/develop.olympic.ca\/olympique\/wp-content\/uploads\/sites\/2\/2024\/06\/VBV-FEATURE-IMAGE-1.jpg?quality=100","type":"image\/jpeg"}],"twitter_card":"summary_large_image","twitter_misc":{"Est. reading time":"7 minutes","Written by":"tmacbournieolympicca"},"schema":{"@context":"https:\/\/schema.org","@graph":[{"@type":"WebPage","@id":"https:\/\/develop.olympic.ca\/olympique\/presse\/devoilement-de-lequipe-de-volleyball-de-plage-dequipe-canada-aux-jeux-de-paris-2024\/","url":"https:\/\/develop.olympic.ca\/olympique\/presse\/devoilement-de-lequipe-de-volleyball-de-plage-dequipe-canada-aux-jeux-de-paris-2024\/","name":"D\u00e9voilement de l\u2019\u00e9quipe de volleyball de plage d\u2019\u00c9quipe Canada aux Jeux de Paris 2024 - \u00c9quipe Canada | Site officiel de l&#039;\u00e9quipe olympique","isPartOf":{"@id":"https:\/\/develop.olympic.ca\/olympique\/#website"},"primaryImageOfPage":{"@id":"https:\/\/develop.olympic.ca\/olympique\/presse\/devoilement-de-lequipe-de-volleyball-de-plage-dequipe-canada-aux-jeux-de-paris-2024\/#primaryimage"},"image":{"@id":"https:\/\/develop.olympic.ca\/olympique\/presse\/devoilement-de-lequipe-de-volleyball-de-plage-dequipe-canada-aux-jeux-de-paris-2024\/#primaryimage"},"thumbnailUrl":"https:\/\/develop.olympic.ca\/olympique\/wp-content\/uploads\/sites\/2\/2024\/06\/VBV-FEATURE-IMAGE-1.jpg?quality=100","datePublished":"2024-06-28T16:00:00+00:00","description":"Volleyball Canada et le Comit\u00e9 olympique canadien ont annonc\u00e9 l\u2019identit\u00e9 des athl\u00e8tes de volleyball de plage d\u2019\u00c9quipe Canada nomm\u00e9s pour participer aux Jeux olympiques de Paris 2024.","inLanguage":"fr-FR","potentialAction":[{"@type":"ReadAction","target":["https:\/\/develop.olympic.ca\/olympique\/presse\/devoilement-de-lequipe-de-volleyball-de-plage-dequipe-canada-aux-jeux-de-paris-2024\/"]}]},{"@type":"ImageObject","inLanguage":"fr-FR","@id":"https:\/\/develop.olympic.ca\/olympique\/presse\/devoilement-de-lequipe-de-volleyball-de-plage-dequipe-canada-aux-jeux-de-paris-2024\/#primaryimage","url":"https:\/\/develop.olympic.ca\/olympique\/wp-content\/uploads\/sites\/2\/2024\/06\/VBV-FEATURE-IMAGE-1.jpg?quality=100","contentUrl":"https:\/\/develop.olympic.ca\/olympique\/wp-content\/uploads\/sites\/2\/2024\/06\/VBV-FEATURE-IMAGE-1.jpg?quality=100","width":2160,"height":1220},{"@type":"WebSite","@id":"https:\/\/develop.olympic.ca\/olympique\/#website","url":"https:\/\/develop.olympic.ca\/olympique\/","name":"\u00c9quipe Canada | Site officiel de l&#039;\u00e9quipe olympique","description":"Votre source pour l\u2019\u00c9quipe olympique canadienne. Retrouvez les r\u00e9cits, vid\u00e9os et photos des athl\u00e8tes canadiens, sports olympiques, Jeux olympiques de 2020 et bien plus!","potentialAction":[{"@type":"SearchAction","target":{"@type":"EntryPoint","urlTemplate":"https:\/\/develop.olympic.ca\/olympique\/?s={search_term_string}"},"query-input":{"@type":"PropertyValueSpecification","valueRequired":true,"valueName":"search_term_string"}}],"inLanguage":"fr-FR"}]}},"jetpack_sharing_enabled":true,"_links":{"self":[{"href":"https:\/\/develop.olympic.ca\/olympique\/wp-json\/wp\/v2\/press\/247860","targetHints":{"allow":["GET"]}}],"collection":[{"href":"https:\/\/develop.olympic.ca\/olympique\/wp-json\/wp\/v2\/press"}],"about":[{"href":"https:\/\/develop.olympic.ca\/olympique\/wp-json\/wp\/v2\/types\/press"}],"version-history":[{"count":5,"href":"https:\/\/develop.olympic.ca\/olympique\/wp-json\/wp\/v2\/press\/247860\/revisions"}],"predecessor-version":[{"id":247866,"href":"https:\/\/develop.olympic.ca\/olympique\/wp-json\/wp\/v2\/press\/247860\/revisions\/247866"}],"wp:featuredmedia":[{"embeddable":true,"href":"https:\/\/develop.olympic.ca\/olympique\/wp-json\/wp\/v2\/media\/247861"}],"wp:attachment":[{"href":"https:\/\/develop.olympic.ca\/olympique\/wp-json\/wp\/v2\/media?parent=247860"}],"wp:term":[{"taxonomy":"post_tag","embeddable":true,"href":"https:\/\/develop.olympic.ca\/olympique\/wp-json\/wp\/v2\/tags?post=247860"},{"taxonomy":"type-of-press","embeddable":true,"href":"https:\/\/develop.olympic.ca\/olympique\/wp-json\/wp\/v2\/type-of-press?post=247860"},{"taxonomy":"press-topic","embeddable":true,"href":"https:\/\/develop.olympic.ca\/olympique\/wp-json\/wp\/v2\/press-topic?post=247860"},{"taxonomy":"years","embeddable":true,"href":"https:\/\/develop.olympic.ca\/olympique\/wp-json\/wp\/v2\/years?post=247860"}],"curies":[{"name":"wp","href":"https:\/\/api.w.org\/{rel}","templated":true}]}}