{"id":247949,"date":"2024-06-28T15:08:21","date_gmt":"2024-06-28T19:08:21","guid":{"rendered":"https:\/\/develop.olympic.ca\/olympique\/?post_type=press&#038;p=247949"},"modified":"2024-06-28T15:09:57","modified_gmt":"2024-06-28T19:09:57","slug":"disponibilite-media-de-lequipe-de-water-polo-pour-paris-2024-a-montreal","status":"publish","type":"press","link":"https:\/\/develop.olympic.ca\/olympique\/presse\/disponibilite-media-de-lequipe-de-water-polo-pour-paris-2024-a-montreal\/","title":{"rendered":"Disponibilit\u00e9 m\u00e9dia de l\u2019\u00e9quipe de water-polo pour Paris 2024 \u00e0 Montr\u00e9al"},"content":{"rendered":"\n<p class=\"wp-block-paragraph\">MONTR\u00c9AL (28 juin 2024) \u2013 Le jeudi 4 juillet, le Comit\u00e9 olympique canadien (COC) et Water Polo Canada (WPC) d\u00e9voileront l\u2019identit\u00e9 des athl\u00e8tes de water-polo f\u00e9minin d\u2019\u00c9quipe Canada qui repr\u00e9senteront le pays aux Jeux olympiques de 2024 \u00e0 Paris. Les repr\u00e9sentants des m\u00e9dias sont invit\u00e9s afin de mener des entrevues, prendre des photos et enregistrer du contenu.<br><br>L\u2019\u00e9v\u00e9nement comprendra une courte pr\u00e9sentation avec des allocutions de la direction de WPC et de COC en plus d\u2019une c\u00e9r\u00e9monie de remise de vestes d\u2019\u00c9quipe Canada. Apr\u00e8s la c\u00e9r\u00e9monie, les repr\u00e9sentants des m\u00e9dias auront l\u2019occasion de parler avec les athl\u00e8tes et les entra\u00eeneurs qui s\u2019envoleront vers Paris, ainsi que d\u2019obtenir des images de l\u2019entra\u00eenement de l\u2019\u00e9quipe.<\/p>\n\n\n\n<p class=\"wp-block-paragraph\">Les repr\u00e9sentants des m\u00e9dias sont pri\u00e9s de contacter Water-Polo Canada (<a href=\"mailto:communications@waterpolocanada.ca\">communications@waterpolocanada.ca<\/a>) pour confirmer leur pr\u00e9sence \u00e0 l\u2019\u00e9v\u00e9nement.<br><br><strong>Quand :<\/strong><br>Mardi 4 juillet 2024<br>11 h 00 (HE) : pr\u00e9sentation de l\u2019\u00e9quipe de water-polo des Jeux olympiques de 2024 \u00e0 Paris, suivi d\u2019une opportunit\u00e9 pour les m\u00e9dias de parler avec les athl\u00e8tes et les entra\u00eeneurs<br>14 h 15 \u00e0 15 h 30 (HE) : opportunit\u00e9 d\u2019obtenir des images de l\u2019entra\u00eenement de l\u2019\u00e9quipe<br><br><strong>O\u00f9 :<\/strong><br>Complexe aquatique du parc Jean-Drapeau<br>130 Chemin du Tour de l&rsquo;isle<br>Montr\u00e9al, Qu\u00e9bec<br>H3C 4W7<\/p>\n\n\n\n<p class=\"wp-block-paragraph\">Stationnement : Les m\u00e9dias sont autoris\u00e9s \u00e0 se stationner gratuitement au P10, pr\u00e8s du Complexe aquatique, avec un v\u00e9hicule identifi\u00e9 \u00e0 leur m\u00e9dia. Cependant, le parc Jean-Drapeau ne peut&nbsp;garantir des espaces de stationnement. Nous conseillons aux m\u00e9dias d&rsquo;arriver t\u00f4t, ou bien de prioriser les moyens de transport durables comme le m\u00e9tro.<br><br><strong>Qui :<\/strong><br>Athl\u00e8tes et entra\u00eeneurs de l\u2019\u00c9quipe olympique canadienne de water-polo<br>Olivier Pineau &#8211; directeur de la haute performance de Water-Polo Canada<br>Eric Myles &#8211; Chef de sport, COC<\/p>\n\n\n\n<p class=\"has-text-align-center wp-block-paragraph\">&#8211; 30 &#8211;<\/p>\n\n\n\n<p class=\"wp-block-paragraph\">CONTACTS POUR LES M\u00c9DIAS<br><br>Communications<br>Water Polo Canada<br>Courriel: <a href=\"mailto:communications@waterpolo.ca\">communications@waterpolo.ca<br><br><\/a>Tara MacBournie, gestionnaire de programme, communications sports<br>Comit\u00e9 olympique canadien<br>Cell. : 647-522-8328<br>Courriel : <a href=\"mailto:tmacbournie@olympique.ca\">tmacbournie@olympique.ca<\/a><\/p>\n","protected":false},"excerpt":{"rendered":"<p>MONTR\u00c9AL (28 juin 2024) \u2013 Le jeudi 4 juillet, le Comit\u00e9 olympique canadien (COC) et Water Polo Canada (WPC) d\u00e9voileront&#8230;<\/p>\n","protected":false},"featured_media":216560,"template":"","format":"standard","tags":[],"type-of-press":[87640050],"press-topic":[682165168],"years":[682166484],"class_list":["post-247949","press","type-press","status-publish","format-standard","has-post-thumbnail","hentry","type-of-press-avis-aux-medias","press-topic-paris-2024","years-682166484"],"acf":[],"yoast_head":"<!-- This site is optimized with the Yoast SEO plugin v27.3 - https:\/\/yoast.com\/product\/yoast-seo-wordpress\/ -->\n<title>Disponibilit\u00e9 m\u00e9dia de l\u2019\u00e9quipe de water-polo pour Paris 2024 \u00e0 Montr\u00e9al - \u00c9quipe Canada | Site officiel de l&#039;\u00e9quipe olympique<\/title>\n<meta name=\"description\" content=\"Le jeudi 4 juillet, le Comit\u00e9 olympique canadien (COC) et Water Polo Canada (WPC) d\u00e9voileront l\u2019identit\u00e9 des athl\u00e8tes de water-polo f\u00e9minin d\u2019\u00c9quipe Canada qui repr\u00e9senteront le pays aux Jeux olympiques de 2024 \u00e0 Paris. Les repr\u00e9sentants des m\u00e9dias sont invit\u00e9s afin de mener des entrevues, prendre des photos et enregistrer du contenu.\" \/>\n<meta name=\"robots\" content=\"index, follow, max-snippet:-1, max-image-preview:large, max-video-preview:-1\" \/>\n<link rel=\"canonical\" href=\"https:\/\/develop.olympic.ca\/olympique\/presse\/disponibilite-media-de-lequipe-de-water-polo-pour-paris-2024-a-montreal\/\" \/>\n<meta property=\"og:locale\" content=\"fr_FR\" \/>\n<meta property=\"og:type\" content=\"article\" \/>\n<meta property=\"og:title\" content=\"Disponibilit\u00e9 m\u00e9dia de l\u2019\u00e9quipe de water-polo pour Paris 2024 \u00e0 Montr\u00e9al - \u00c9quipe Canada | Site officiel de l&#039;\u00e9quipe olympique\" \/>\n<meta property=\"og:description\" content=\"Le jeudi 4 juillet, le Comit\u00e9 olympique canadien (COC) et Water Polo Canada (WPC) d\u00e9voileront l\u2019identit\u00e9 des athl\u00e8tes de water-polo f\u00e9minin d\u2019\u00c9quipe Canada qui repr\u00e9senteront le pays aux Jeux olympiques de 2024 \u00e0 Paris. Les repr\u00e9sentants des m\u00e9dias sont invit\u00e9s afin de mener des entrevues, prendre des photos et enregistrer du contenu.\" \/>\n<meta property=\"og:url\" content=\"https:\/\/develop.olympic.ca\/olympique\/presse\/disponibilite-media-de-lequipe-de-water-polo-pour-paris-2024-a-montreal\/\" \/>\n<meta property=\"og:site_name\" content=\"\u00c9quipe Canada | Site officiel de l&#039;\u00e9quipe olympique\" \/>\n<meta property=\"article:modified_time\" content=\"2024-06-28T19:09:57+00:00\" \/>\n<meta property=\"og:image\" content=\"https:\/\/develop.olympic.ca\/olympique\/wp-content\/uploads\/sites\/2\/2023\/01\/WEB_COC_AVIS-AUX-MEDIA.jpg?quality=100\" \/>\n\t<meta property=\"og:image:width\" content=\"5584\" \/>\n\t<meta property=\"og:image:height\" content=\"3143\" \/>\n\t<meta property=\"og:image:type\" content=\"image\/jpeg\" \/>\n<meta name=\"twitter:card\" content=\"summary_large_image\" \/>\n<meta name=\"twitter:label1\" content=\"Est. reading time\" \/>\n\t<meta name=\"twitter:data1\" content=\"2 minutes\" \/>\n\t<meta name=\"twitter:label2\" content=\"Written by\" \/>\n\t<meta name=\"twitter:data2\" content=\"tmacbournieolympicca\" \/>\n<script type=\"application\/ld+json\" class=\"yoast-schema-graph\">{\"@context\":\"https:\\\/\\\/schema.org\",\"@graph\":[{\"@type\":\"WebPage\",\"@id\":\"https:\\\/\\\/develop.olympic.ca\\\/olympique\\\/presse\\\/disponibilite-media-de-lequipe-de-water-polo-pour-paris-2024-a-montreal\\\/\",\"url\":\"https:\\\/\\\/develop.olympic.ca\\\/olympique\\\/presse\\\/disponibilite-media-de-lequipe-de-water-polo-pour-paris-2024-a-montreal\\\/\",\"name\":\"Disponibilit\u00e9 m\u00e9dia de l\u2019\u00e9quipe de water-polo pour Paris 2024 \u00e0 Montr\u00e9al - \u00c9quipe Canada | Site officiel de l&#039;\u00e9quipe olympique\",\"isPartOf\":{\"@id\":\"https:\\\/\\\/develop.olympic.ca\\\/olympique\\\/#website\"},\"primaryImageOfPage\":{\"@id\":\"https:\\\/\\\/develop.olympic.ca\\\/olympique\\\/presse\\\/disponibilite-media-de-lequipe-de-water-polo-pour-paris-2024-a-montreal\\\/#primaryimage\"},\"image\":{\"@id\":\"https:\\\/\\\/develop.olympic.ca\\\/olympique\\\/presse\\\/disponibilite-media-de-lequipe-de-water-polo-pour-paris-2024-a-montreal\\\/#primaryimage\"},\"thumbnailUrl\":\"https:\\\/\\\/develop.olympic.ca\\\/olympique\\\/wp-content\\\/uploads\\\/sites\\\/2\\\/2023\\\/01\\\/WEB_COC_AVIS-AUX-MEDIA.jpg?quality=100\",\"datePublished\":\"2024-06-28T19:08:21+00:00\",\"dateModified\":\"2024-06-28T19:09:57+00:00\",\"description\":\"Le jeudi 4 juillet, le Comit\u00e9 olympique canadien (COC) et Water Polo Canada (WPC) d\u00e9voileront l\u2019identit\u00e9 des athl\u00e8tes de water-polo f\u00e9minin d\u2019\u00c9quipe Canada qui repr\u00e9senteront le pays aux Jeux olympiques de 2024 \u00e0 Paris. Les repr\u00e9sentants des m\u00e9dias sont invit\u00e9s afin de mener des entrevues, prendre des photos et enregistrer du contenu.\",\"inLanguage\":\"fr-FR\",\"potentialAction\":[{\"@type\":\"ReadAction\",\"target\":[\"https:\\\/\\\/develop.olympic.ca\\\/olympique\\\/presse\\\/disponibilite-media-de-lequipe-de-water-polo-pour-paris-2024-a-montreal\\\/\"]}]},{\"@type\":\"ImageObject\",\"inLanguage\":\"fr-FR\",\"@id\":\"https:\\\/\\\/develop.olympic.ca\\\/olympique\\\/presse\\\/disponibilite-media-de-lequipe-de-water-polo-pour-paris-2024-a-montreal\\\/#primaryimage\",\"url\":\"https:\\\/\\\/develop.olympic.ca\\\/olympique\\\/wp-content\\\/uploads\\\/sites\\\/2\\\/2023\\\/01\\\/WEB_COC_AVIS-AUX-MEDIA.jpg?quality=100\",\"contentUrl\":\"https:\\\/\\\/develop.olympic.ca\\\/olympique\\\/wp-content\\\/uploads\\\/sites\\\/2\\\/2023\\\/01\\\/WEB_COC_AVIS-AUX-MEDIA.jpg?quality=100\",\"width\":5584,\"height\":3143,\"caption\":\"Logo du COC - avis aux m\u00e9dias\"},{\"@type\":\"WebSite\",\"@id\":\"https:\\\/\\\/develop.olympic.ca\\\/olympique\\\/#website\",\"url\":\"https:\\\/\\\/develop.olympic.ca\\\/olympique\\\/\",\"name\":\"\u00c9quipe Canada | Site officiel de l&#039;\u00e9quipe olympique\",\"description\":\"Votre source pour l\u2019\u00c9quipe olympique canadienne. Retrouvez les r\u00e9cits, vid\u00e9os et photos des athl\u00e8tes canadiens, sports olympiques, Jeux olympiques de 2020 et bien plus!\",\"potentialAction\":[{\"@type\":\"SearchAction\",\"target\":{\"@type\":\"EntryPoint\",\"urlTemplate\":\"https:\\\/\\\/develop.olympic.ca\\\/olympique\\\/?s={search_term_string}\"},\"query-input\":{\"@type\":\"PropertyValueSpecification\",\"valueRequired\":true,\"valueName\":\"search_term_string\"}}],\"inLanguage\":\"fr-FR\"}]}<\/script>\n<!-- \/ Yoast SEO plugin. -->","yoast_head_json":{"title":"Disponibilit\u00e9 m\u00e9dia de l\u2019\u00e9quipe de water-polo pour Paris 2024 \u00e0 Montr\u00e9al - \u00c9quipe Canada | Site officiel de l&#039;\u00e9quipe olympique","description":"Le jeudi 4 juillet, le Comit\u00e9 olympique canadien (COC) et Water Polo Canada (WPC) d\u00e9voileront l\u2019identit\u00e9 des athl\u00e8tes de water-polo f\u00e9minin d\u2019\u00c9quipe Canada qui repr\u00e9senteront le pays aux Jeux olympiques de 2024 \u00e0 Paris. Les repr\u00e9sentants des m\u00e9dias sont invit\u00e9s afin de mener des entrevues, prendre des photos et enregistrer du contenu.","robots":{"index":"index","follow":"follow","max-snippet":"max-snippet:-1","max-image-preview":"max-image-preview:large","max-video-preview":"max-video-preview:-1"},"canonical":"https:\/\/develop.olympic.ca\/olympique\/presse\/disponibilite-media-de-lequipe-de-water-polo-pour-paris-2024-a-montreal\/","og_locale":"fr_FR","og_type":"article","og_title":"Disponibilit\u00e9 m\u00e9dia de l\u2019\u00e9quipe de water-polo pour Paris 2024 \u00e0 Montr\u00e9al - \u00c9quipe Canada | Site officiel de l&#039;\u00e9quipe olympique","og_description":"Le jeudi 4 juillet, le Comit\u00e9 olympique canadien (COC) et Water Polo Canada (WPC) d\u00e9voileront l\u2019identit\u00e9 des athl\u00e8tes de water-polo f\u00e9minin d\u2019\u00c9quipe Canada qui repr\u00e9senteront le pays aux Jeux olympiques de 2024 \u00e0 Paris. Les repr\u00e9sentants des m\u00e9dias sont invit\u00e9s afin de mener des entrevues, prendre des photos et enregistrer du contenu.","og_url":"https:\/\/develop.olympic.ca\/olympique\/presse\/disponibilite-media-de-lequipe-de-water-polo-pour-paris-2024-a-montreal\/","og_site_name":"\u00c9quipe Canada | Site officiel de l&#039;\u00e9quipe olympique","article_modified_time":"2024-06-28T19:09:57+00:00","og_image":[{"width":5584,"height":3143,"url":"https:\/\/develop.olympic.ca\/olympique\/wp-content\/uploads\/sites\/2\/2023\/01\/WEB_COC_AVIS-AUX-MEDIA.jpg?quality=100","type":"image\/jpeg"}],"twitter_card":"summary_large_image","twitter_misc":{"Est. reading time":"2 minutes","Written by":"tmacbournieolympicca"},"schema":{"@context":"https:\/\/schema.org","@graph":[{"@type":"WebPage","@id":"https:\/\/develop.olympic.ca\/olympique\/presse\/disponibilite-media-de-lequipe-de-water-polo-pour-paris-2024-a-montreal\/","url":"https:\/\/develop.olympic.ca\/olympique\/presse\/disponibilite-media-de-lequipe-de-water-polo-pour-paris-2024-a-montreal\/","name":"Disponibilit\u00e9 m\u00e9dia de l\u2019\u00e9quipe de water-polo pour Paris 2024 \u00e0 Montr\u00e9al - \u00c9quipe Canada | Site officiel de l&#039;\u00e9quipe olympique","isPartOf":{"@id":"https:\/\/develop.olympic.ca\/olympique\/#website"},"primaryImageOfPage":{"@id":"https:\/\/develop.olympic.ca\/olympique\/presse\/disponibilite-media-de-lequipe-de-water-polo-pour-paris-2024-a-montreal\/#primaryimage"},"image":{"@id":"https:\/\/develop.olympic.ca\/olympique\/presse\/disponibilite-media-de-lequipe-de-water-polo-pour-paris-2024-a-montreal\/#primaryimage"},"thumbnailUrl":"https:\/\/develop.olympic.ca\/olympique\/wp-content\/uploads\/sites\/2\/2023\/01\/WEB_COC_AVIS-AUX-MEDIA.jpg?quality=100","datePublished":"2024-06-28T19:08:21+00:00","dateModified":"2024-06-28T19:09:57+00:00","description":"Le jeudi 4 juillet, le Comit\u00e9 olympique canadien (COC) et Water Polo Canada (WPC) d\u00e9voileront l\u2019identit\u00e9 des athl\u00e8tes de water-polo f\u00e9minin d\u2019\u00c9quipe Canada qui repr\u00e9senteront le pays aux Jeux olympiques de 2024 \u00e0 Paris. Les repr\u00e9sentants des m\u00e9dias sont invit\u00e9s afin de mener des entrevues, prendre des photos et enregistrer du contenu.","inLanguage":"fr-FR","potentialAction":[{"@type":"ReadAction","target":["https:\/\/develop.olympic.ca\/olympique\/presse\/disponibilite-media-de-lequipe-de-water-polo-pour-paris-2024-a-montreal\/"]}]},{"@type":"ImageObject","inLanguage":"fr-FR","@id":"https:\/\/develop.olympic.ca\/olympique\/presse\/disponibilite-media-de-lequipe-de-water-polo-pour-paris-2024-a-montreal\/#primaryimage","url":"https:\/\/develop.olympic.ca\/olympique\/wp-content\/uploads\/sites\/2\/2023\/01\/WEB_COC_AVIS-AUX-MEDIA.jpg?quality=100","contentUrl":"https:\/\/develop.olympic.ca\/olympique\/wp-content\/uploads\/sites\/2\/2023\/01\/WEB_COC_AVIS-AUX-MEDIA.jpg?quality=100","width":5584,"height":3143,"caption":"Logo du COC - avis aux m\u00e9dias"},{"@type":"WebSite","@id":"https:\/\/develop.olympic.ca\/olympique\/#website","url":"https:\/\/develop.olympic.ca\/olympique\/","name":"\u00c9quipe Canada | Site officiel de l&#039;\u00e9quipe olympique","description":"Votre source pour l\u2019\u00c9quipe olympique canadienne. Retrouvez les r\u00e9cits, vid\u00e9os et photos des athl\u00e8tes canadiens, sports olympiques, Jeux olympiques de 2020 et bien plus!","potentialAction":[{"@type":"SearchAction","target":{"@type":"EntryPoint","urlTemplate":"https:\/\/develop.olympic.ca\/olympique\/?s={search_term_string}"},"query-input":{"@type":"PropertyValueSpecification","valueRequired":true,"valueName":"search_term_string"}}],"inLanguage":"fr-FR"}]}},"jetpack_sharing_enabled":true,"_links":{"self":[{"href":"https:\/\/develop.olympic.ca\/olympique\/wp-json\/wp\/v2\/press\/247949","targetHints":{"allow":["GET"]}}],"collection":[{"href":"https:\/\/develop.olympic.ca\/olympique\/wp-json\/wp\/v2\/press"}],"about":[{"href":"https:\/\/develop.olympic.ca\/olympique\/wp-json\/wp\/v2\/types\/press"}],"version-history":[{"count":4,"href":"https:\/\/develop.olympic.ca\/olympique\/wp-json\/wp\/v2\/press\/247949\/revisions"}],"predecessor-version":[{"id":247953,"href":"https:\/\/develop.olympic.ca\/olympique\/wp-json\/wp\/v2\/press\/247949\/revisions\/247953"}],"wp:featuredmedia":[{"embeddable":true,"href":"https:\/\/develop.olympic.ca\/olympique\/wp-json\/wp\/v2\/media\/216560"}],"wp:attachment":[{"href":"https:\/\/develop.olympic.ca\/olympique\/wp-json\/wp\/v2\/media?parent=247949"}],"wp:term":[{"taxonomy":"post_tag","embeddable":true,"href":"https:\/\/develop.olympic.ca\/olympique\/wp-json\/wp\/v2\/tags?post=247949"},{"taxonomy":"type-of-press","embeddable":true,"href":"https:\/\/develop.olympic.ca\/olympique\/wp-json\/wp\/v2\/type-of-press?post=247949"},{"taxonomy":"press-topic","embeddable":true,"href":"https:\/\/develop.olympic.ca\/olympique\/wp-json\/wp\/v2\/press-topic?post=247949"},{"taxonomy":"years","embeddable":true,"href":"https:\/\/develop.olympic.ca\/olympique\/wp-json\/wp\/v2\/years?post=247949"}],"curies":[{"name":"wp","href":"https:\/\/api.w.org\/{rel}","templated":true}]}}