{"id":248539,"date":"2024-07-05T11:00:00","date_gmt":"2024-07-05T15:00:00","guid":{"rendered":"https:\/\/develop.olympic.ca\/olympique\/?post_type=press&#038;p=248539"},"modified":"2024-07-05T11:10:22","modified_gmt":"2024-07-05T15:10:22","slug":"la-fondation-olympique-canadienne-accueille-deux-nouveaux-membresau-sein-de-son-conseil-dadministration","status":"publish","type":"press","link":"https:\/\/develop.olympic.ca\/olympique\/presse\/la-fondation-olympique-canadienne-accueille-deux-nouveaux-membresau-sein-de-son-conseil-dadministration\/","title":{"rendered":"La Fondation olympique canadienne accueille deux nouveaux membres au sein de son conseil d\u2019administration"},"content":{"rendered":"\n<p class=\"wp-block-paragraph\">TORONTO (5 juillet 2024) \u2013 La Fondation olympique canadienne est fi\u00e8re d\u2019accueillir deux nouveaux membres \u00e9lus au sein de son conseil d\u2019administration : Adrian Rocca et<br>G. Scott Paterson.<\/p>\n\n\n\n<p class=\"wp-block-paragraph\">Rocca compte 20 ans d\u2019exp\u00e9rience dans les domaines de l\u2019immobilier et de l\u2019investissement au Canada, aux \u00c9tats-Unis et en Europe. Il est le fondateur et chef de la direction de Fitzrovia, le plus important d\u00e9veloppeur de propri\u00e9t\u00e9s locatives construites \u00e0 cette fin au Canada, qui compte plus de 9000 unit\u00e9s r\u00e9sidentielles en d\u00e9veloppement et 10 milliards $ d\u2019actifs sous gestion.<\/p>\n\n\n\n<p class=\"wp-block-paragraph\">Paterson est un entrepreneur dans les secteurs de la technologie et des m\u00e9dias qui est pr\u00e9sentement le pr\u00e9sident ex\u00e9cutif de FutureVault Inc., pr\u00e9sident du conseil de QYOU Media Inc., ainsi que membre du conseil de Verses AI Inc. et de Lions Gate Entertainment Canada Corp. Il est par ailleurs cofondateur et pr\u00e9sident du conseil de ComKids.<\/p>\n\n\n\n<p class=\"wp-block-paragraph\">Le conseil d\u2019administration de la Fondation, dirig\u00e9 par le pr\u00e9sident Perry Dellelce, est maintenant compos\u00e9 de 16 administrateurs. Outre Rocca et Paterson, huit administrateurs ont r\u00e9cemment \u00e9t\u00e9 r\u00e9\u00e9lus, notamment :<\/p>\n\n\n\n<ul class=\"wp-block-list\">\n<li>H\u00e9l\u00e8ne Desmarais<\/li>\n\n\n\n<li>Brian Gallant<\/li>\n\n\n\n<li>Jeff Glass&nbsp;&nbsp;&nbsp;<\/li>\n\n\n\n<li>Ted Goldthorpe&nbsp;&nbsp;&nbsp;<\/li>\n\n\n\n<li>Moez Kassam&nbsp;&nbsp;&nbsp;<\/li>\n\n\n\n<li>Bruce Linton&nbsp;&nbsp;&nbsp;<\/li>\n\n\n\n<li>Tony Loria&nbsp;&nbsp;&nbsp;<\/li>\n\n\n\n<li>Cailey Stollery&nbsp;&nbsp;&nbsp;<\/li>\n<\/ul>\n\n\n\n<p class=\"wp-block-paragraph\">\u00ab C\u2019est un privil\u00e8ge de faire partie d\u2019\u00c9quipe Canada dans ce r\u00f4le, a d\u00e9clar\u00e9 Rocca. Comme nous le verrons sans doute \u00e0 Paris cet \u00e9t\u00e9, le sport a le pouvoir de rassembler les communaut\u00e9s autant \u00e0 l\u2019\u00e9chelle du pays que dans le monde. Je suis honor\u00e9 d\u2019avoir \u00e9t\u00e9 nomm\u00e9 au sein du conseil d\u2019administration de la Fondation olympique canadienne et j\u2019ai h\u00e2te de commencer \u00e0 avoir une incidence durable sur le syst\u00e8me sportif canadien. \u00bb<\/p>\n\n\n\n<p class=\"wp-block-paragraph\">\u00ab C\u2019est un honneur de rejoindre les rangs de la Fondation olympique canadienne, a affirm\u00e9 Paterson. Je suis enchant\u00e9 d\u2019avoir cette occasion de contribuer au succ\u00e8s et \u00e0 la croissance continus de la Fondation et de soutenir les athl\u00e8tes du Canada alors que ceux-ci inspireront et uniront toute une nation. \u00bb<\/p>\n\n\n\n<p class=\"wp-block-paragraph\">La Fondation d\u00e9sire par ailleurs remercier le membre du conseil sortant John Bitove pour ses ann\u00e9es de d\u00e9vouement et d\u2019engagement \u00e0 l\u2019endroit du sport canadien. Bitove \u0153uvrait au sein du conseil depuis 2012, et sa contribution \u2013 notamment les dons qui ont permis d\u2019\u00e9tablir les Prix autochtones Bitove et les Stages de la diversit\u00e9 Bitove \u2013 a laiss\u00e9 un h\u00e9ritage important \u00e0 \u00c9quipe Canada ainsi qu\u2019au syst\u00e8me sportif canadien.&nbsp;<\/p>\n\n\n\n<p class=\"wp-block-paragraph\">\u00ab Au nom de la Fondation olympique canadienne et de la communaut\u00e9 du sport dans son ensemble, je veux remercier John pour ses nombreuses ann\u00e9es de service et la formidable influence qu\u2019il a eue sur le sport canadien, a d\u00e9clar\u00e9 Jacqueline Ryan, chef de la direction de la Fondation olympique canadienne et chef de la marque et des affaires commerciales du Comit\u00e9 olympique canadien. Nous sommes ravis de voir Adrian et Scott rejoindre les rangs de notre conseil d\u2019administration. Ils incarnent vraiment tous les deux nos valeurs olympiques et ils croient au pouvoir de transformation du sport. Alors que nous nous appr\u00eatons \u00e0 encourager \u00c9quipe Canada \u00e0 Paris, je suis impatiente de poursuivre le travail important que nous faisons aux c\u00f4t\u00e9s de nos athl\u00e8tes pour aider \u00e0 les catapulter jusqu\u2019\u00e0 la ligne d\u2019arriv\u00e9e. \u00bb<\/p>\n\n\n\n<p class=\"wp-block-paragraph\">\u00ab C\u2019est un privil\u00e8ge d\u2019accueillir Scott et Adrian au sein du conseil. Ce sont des personnes qui sont remarquablement bien \u00e9tablies dans leurs secteurs respectifs et ils ont tous deux de vastes connaissances, un \u00e9norme savoir-faire et des r\u00e9seaux professionnels \u00e0 offrir \u00e0 la Fondation, a d\u00e9clar\u00e9 Perry Dellelce, pr\u00e9sident de la Fondation olympique canadienne. Ils sont de fantastiques ajouts \u00e0 notre conseil d\u2019administration. \u00bb<\/p>\n\n\n\n<p class=\"wp-block-paragraph\">La liste compl\u00e8te des membres du conseil d\u2019administration et leurs notes biographiques respectives se trouvent <a href=\"https:\/\/develop.olympic.ca\/olympique\/fondation\/qui-nous-sommes\/\">ici<\/a>.<\/p>\n\n\n\n<p class=\"wp-block-paragraph\"><strong>\u00c0 propos de la Fondation olympique canadienne<\/strong><\/p>\n\n\n\n<p class=\"wp-block-paragraph\">La Fondation olympique canadienne est l\u2019organisme philanthropique du Comit\u00e9 olympique canadien, avec lequel elle partage l\u2019objectif de transformer le Canada par le pouvoir du sport. Les dons \u00e0 la Fondation profitent directement aux athl\u00e8tes d\u2019\u00c9quipe Canada \u00e0 toutes les \u00e9tapes de leurs parcours olympiques et aux services de haute performance qui les soutiennent.<\/p>\n\n\n\n<p class=\"wp-block-paragraph\">Quand vous investissez dans le parcours des athl\u00e8tes, vous leur offrez les ressources essentielles dont ils ont besoin pour franchir la ligne d\u2019arriv\u00e9e et servir de source d\u2019inspiration pour le pays entier. Joignez-vous \u00e0 \u00c9quipe Canada au&nbsp;<a href=\"https:\/\/develop.olympic.ca\/olympique\/fondation\/\">olympique.ca\/fondation<\/a><\/p>\n\n\n\n<p class=\"has-text-align-center wp-block-paragraph\">&nbsp;-30-<\/p>\n\n\n\n<p class=\"wp-block-paragraph\">CONTACT POUR LES M\u00c9DIAS<\/p>\n\n\n\n<p class=\"wp-block-paragraph\">Peter Saltsman<br>Gestionnaire principal des relations publiques<br>Cell. : 647-382-6986<br>Courriel : psaltsman@olympique.ca<\/p>\n","protected":false},"excerpt":{"rendered":"<p>TORONTO (5 juillet 2024) \u2013 La Fondation olympique canadienne est fi\u00e8re d\u2019accueillir deux nouveaux membres \u00e9lus au sein de son&#8230;<\/p>\n","protected":false},"featured_media":248549,"template":"","format":"standard","tags":[],"type-of-press":[496138],"press-topic":[682165145],"years":[682166484],"class_list":["post-248539","press","type-press","status-publish","format-standard","has-post-thumbnail","hentry","type-of-press-communiques","press-topic-fondation","years-682166484"],"acf":[],"yoast_head":"<!-- This site is optimized with the Yoast SEO plugin v27.3 - https:\/\/yoast.com\/product\/yoast-seo-wordpress\/ -->\n<title>La Fondation olympique canadienne accueille deux nouveaux membres au sein de son conseil d\u2019administration - \u00c9quipe Canada | Site officiel de l&#039;\u00e9quipe olympique<\/title>\n<meta name=\"robots\" content=\"index, follow, max-snippet:-1, max-image-preview:large, max-video-preview:-1\" \/>\n<link rel=\"canonical\" href=\"https:\/\/develop.olympic.ca\/olympique\/presse\/la-fondation-olympique-canadienne-accueille-deux-nouveaux-membresau-sein-de-son-conseil-dadministration\/\" \/>\n<meta property=\"og:locale\" content=\"fr_FR\" \/>\n<meta property=\"og:type\" content=\"article\" \/>\n<meta property=\"og:title\" content=\"La Fondation olympique canadienne accueille deux nouveaux membres au sein de son conseil d\u2019administration - \u00c9quipe Canada | Site officiel de l&#039;\u00e9quipe olympique\" \/>\n<meta property=\"og:description\" content=\"TORONTO (5 juillet 2024) \u2013 La Fondation olympique canadienne est fi\u00e8re d\u2019accueillir deux nouveaux membres \u00e9lus au sein de son...\" \/>\n<meta property=\"og:url\" content=\"https:\/\/develop.olympic.ca\/olympique\/presse\/la-fondation-olympique-canadienne-accueille-deux-nouveaux-membresau-sein-de-son-conseil-dadministration\/\" \/>\n<meta property=\"og:site_name\" content=\"\u00c9quipe Canada | Site officiel de l&#039;\u00e9quipe olympique\" \/>\n<meta property=\"article:modified_time\" content=\"2024-07-05T15:10:22+00:00\" \/>\n<meta property=\"og:image\" content=\"https:\/\/develop.olympic.ca\/olympique\/wp-content\/uploads\/sites\/2\/2024\/07\/COFlogo-e1592925873485.png\" \/>\n\t<meta property=\"og:image:width\" content=\"1340\" \/>\n\t<meta property=\"og:image:height\" content=\"754\" \/>\n\t<meta property=\"og:image:type\" content=\"image\/png\" \/>\n<meta name=\"twitter:card\" content=\"summary_large_image\" \/>\n<meta name=\"twitter:label1\" content=\"Est. reading time\" \/>\n\t<meta name=\"twitter:data1\" content=\"4 minutes\" \/>\n\t<meta name=\"twitter:label2\" content=\"Written by\" \/>\n\t<meta name=\"twitter:data2\" content=\"zsinha\" \/>\n<script type=\"application\/ld+json\" class=\"yoast-schema-graph\">{\"@context\":\"https:\\\/\\\/schema.org\",\"@graph\":[{\"@type\":\"WebPage\",\"@id\":\"https:\\\/\\\/develop.olympic.ca\\\/olympique\\\/presse\\\/la-fondation-olympique-canadienne-accueille-deux-nouveaux-membresau-sein-de-son-conseil-dadministration\\\/\",\"url\":\"https:\\\/\\\/develop.olympic.ca\\\/olympique\\\/presse\\\/la-fondation-olympique-canadienne-accueille-deux-nouveaux-membresau-sein-de-son-conseil-dadministration\\\/\",\"name\":\"La Fondation olympique canadienne accueille deux nouveaux membres au sein de son conseil d\u2019administration - \u00c9quipe Canada | Site officiel de l&#039;\u00e9quipe olympique\",\"isPartOf\":{\"@id\":\"https:\\\/\\\/develop.olympic.ca\\\/olympique\\\/#website\"},\"primaryImageOfPage\":{\"@id\":\"https:\\\/\\\/develop.olympic.ca\\\/olympique\\\/presse\\\/la-fondation-olympique-canadienne-accueille-deux-nouveaux-membresau-sein-de-son-conseil-dadministration\\\/#primaryimage\"},\"image\":{\"@id\":\"https:\\\/\\\/develop.olympic.ca\\\/olympique\\\/presse\\\/la-fondation-olympique-canadienne-accueille-deux-nouveaux-membresau-sein-de-son-conseil-dadministration\\\/#primaryimage\"},\"thumbnailUrl\":\"https:\\\/\\\/develop.olympic.ca\\\/olympique\\\/wp-content\\\/uploads\\\/sites\\\/2\\\/2024\\\/07\\\/COFlogo-e1592925873485.png\",\"datePublished\":\"2024-07-05T15:00:00+00:00\",\"dateModified\":\"2024-07-05T15:10:22+00:00\",\"inLanguage\":\"fr-FR\",\"potentialAction\":[{\"@type\":\"ReadAction\",\"target\":[\"https:\\\/\\\/develop.olympic.ca\\\/olympique\\\/presse\\\/la-fondation-olympique-canadienne-accueille-deux-nouveaux-membresau-sein-de-son-conseil-dadministration\\\/\"]}]},{\"@type\":\"ImageObject\",\"inLanguage\":\"fr-FR\",\"@id\":\"https:\\\/\\\/develop.olympic.ca\\\/olympique\\\/presse\\\/la-fondation-olympique-canadienne-accueille-deux-nouveaux-membresau-sein-de-son-conseil-dadministration\\\/#primaryimage\",\"url\":\"https:\\\/\\\/develop.olympic.ca\\\/olympique\\\/wp-content\\\/uploads\\\/sites\\\/2\\\/2024\\\/07\\\/COFlogo-e1592925873485.png\",\"contentUrl\":\"https:\\\/\\\/develop.olympic.ca\\\/olympique\\\/wp-content\\\/uploads\\\/sites\\\/2\\\/2024\\\/07\\\/COFlogo-e1592925873485.png\",\"width\":1340,\"height\":754},{\"@type\":\"WebSite\",\"@id\":\"https:\\\/\\\/develop.olympic.ca\\\/olympique\\\/#website\",\"url\":\"https:\\\/\\\/develop.olympic.ca\\\/olympique\\\/\",\"name\":\"\u00c9quipe Canada | Site officiel de l&#039;\u00e9quipe olympique\",\"description\":\"Votre source pour l\u2019\u00c9quipe olympique canadienne. Retrouvez les r\u00e9cits, vid\u00e9os et photos des athl\u00e8tes canadiens, sports olympiques, Jeux olympiques de 2020 et bien plus!\",\"potentialAction\":[{\"@type\":\"SearchAction\",\"target\":{\"@type\":\"EntryPoint\",\"urlTemplate\":\"https:\\\/\\\/develop.olympic.ca\\\/olympique\\\/?s={search_term_string}\"},\"query-input\":{\"@type\":\"PropertyValueSpecification\",\"valueRequired\":true,\"valueName\":\"search_term_string\"}}],\"inLanguage\":\"fr-FR\"}]}<\/script>\n<!-- \/ Yoast SEO plugin. -->","yoast_head_json":{"title":"La Fondation olympique canadienne accueille deux nouveaux membres au sein de son conseil d\u2019administration - \u00c9quipe Canada | Site officiel de l&#039;\u00e9quipe olympique","robots":{"index":"index","follow":"follow","max-snippet":"max-snippet:-1","max-image-preview":"max-image-preview:large","max-video-preview":"max-video-preview:-1"},"canonical":"https:\/\/develop.olympic.ca\/olympique\/presse\/la-fondation-olympique-canadienne-accueille-deux-nouveaux-membresau-sein-de-son-conseil-dadministration\/","og_locale":"fr_FR","og_type":"article","og_title":"La Fondation olympique canadienne accueille deux nouveaux membres au sein de son conseil d\u2019administration - \u00c9quipe Canada | Site officiel de l&#039;\u00e9quipe olympique","og_description":"TORONTO (5 juillet 2024) \u2013 La Fondation olympique canadienne est fi\u00e8re d\u2019accueillir deux nouveaux membres \u00e9lus au sein de son...","og_url":"https:\/\/develop.olympic.ca\/olympique\/presse\/la-fondation-olympique-canadienne-accueille-deux-nouveaux-membresau-sein-de-son-conseil-dadministration\/","og_site_name":"\u00c9quipe Canada | Site officiel de l&#039;\u00e9quipe olympique","article_modified_time":"2024-07-05T15:10:22+00:00","og_image":[{"width":1340,"height":754,"url":"https:\/\/develop.olympic.ca\/olympique\/wp-content\/uploads\/sites\/2\/2024\/07\/COFlogo-e1592925873485.png","type":"image\/png"}],"twitter_card":"summary_large_image","twitter_misc":{"Est. reading time":"4 minutes","Written by":"zsinha"},"schema":{"@context":"https:\/\/schema.org","@graph":[{"@type":"WebPage","@id":"https:\/\/develop.olympic.ca\/olympique\/presse\/la-fondation-olympique-canadienne-accueille-deux-nouveaux-membresau-sein-de-son-conseil-dadministration\/","url":"https:\/\/develop.olympic.ca\/olympique\/presse\/la-fondation-olympique-canadienne-accueille-deux-nouveaux-membresau-sein-de-son-conseil-dadministration\/","name":"La Fondation olympique canadienne accueille deux nouveaux membres au sein de son conseil d\u2019administration - \u00c9quipe Canada | Site officiel de l&#039;\u00e9quipe olympique","isPartOf":{"@id":"https:\/\/develop.olympic.ca\/olympique\/#website"},"primaryImageOfPage":{"@id":"https:\/\/develop.olympic.ca\/olympique\/presse\/la-fondation-olympique-canadienne-accueille-deux-nouveaux-membresau-sein-de-son-conseil-dadministration\/#primaryimage"},"image":{"@id":"https:\/\/develop.olympic.ca\/olympique\/presse\/la-fondation-olympique-canadienne-accueille-deux-nouveaux-membresau-sein-de-son-conseil-dadministration\/#primaryimage"},"thumbnailUrl":"https:\/\/develop.olympic.ca\/olympique\/wp-content\/uploads\/sites\/2\/2024\/07\/COFlogo-e1592925873485.png","datePublished":"2024-07-05T15:00:00+00:00","dateModified":"2024-07-05T15:10:22+00:00","inLanguage":"fr-FR","potentialAction":[{"@type":"ReadAction","target":["https:\/\/develop.olympic.ca\/olympique\/presse\/la-fondation-olympique-canadienne-accueille-deux-nouveaux-membresau-sein-de-son-conseil-dadministration\/"]}]},{"@type":"ImageObject","inLanguage":"fr-FR","@id":"https:\/\/develop.olympic.ca\/olympique\/presse\/la-fondation-olympique-canadienne-accueille-deux-nouveaux-membresau-sein-de-son-conseil-dadministration\/#primaryimage","url":"https:\/\/develop.olympic.ca\/olympique\/wp-content\/uploads\/sites\/2\/2024\/07\/COFlogo-e1592925873485.png","contentUrl":"https:\/\/develop.olympic.ca\/olympique\/wp-content\/uploads\/sites\/2\/2024\/07\/COFlogo-e1592925873485.png","width":1340,"height":754},{"@type":"WebSite","@id":"https:\/\/develop.olympic.ca\/olympique\/#website","url":"https:\/\/develop.olympic.ca\/olympique\/","name":"\u00c9quipe Canada | Site officiel de l&#039;\u00e9quipe olympique","description":"Votre source pour l\u2019\u00c9quipe olympique canadienne. Retrouvez les r\u00e9cits, vid\u00e9os et photos des athl\u00e8tes canadiens, sports olympiques, Jeux olympiques de 2020 et bien plus!","potentialAction":[{"@type":"SearchAction","target":{"@type":"EntryPoint","urlTemplate":"https:\/\/develop.olympic.ca\/olympique\/?s={search_term_string}"},"query-input":{"@type":"PropertyValueSpecification","valueRequired":true,"valueName":"search_term_string"}}],"inLanguage":"fr-FR"}]}},"jetpack_sharing_enabled":true,"_links":{"self":[{"href":"https:\/\/develop.olympic.ca\/olympique\/wp-json\/wp\/v2\/press\/248539","targetHints":{"allow":["GET"]}}],"collection":[{"href":"https:\/\/develop.olympic.ca\/olympique\/wp-json\/wp\/v2\/press"}],"about":[{"href":"https:\/\/develop.olympic.ca\/olympique\/wp-json\/wp\/v2\/types\/press"}],"version-history":[{"count":8,"href":"https:\/\/develop.olympic.ca\/olympique\/wp-json\/wp\/v2\/press\/248539\/revisions"}],"predecessor-version":[{"id":248548,"href":"https:\/\/develop.olympic.ca\/olympique\/wp-json\/wp\/v2\/press\/248539\/revisions\/248548"}],"wp:featuredmedia":[{"embeddable":true,"href":"https:\/\/develop.olympic.ca\/olympique\/wp-json\/wp\/v2\/media\/248549"}],"wp:attachment":[{"href":"https:\/\/develop.olympic.ca\/olympique\/wp-json\/wp\/v2\/media?parent=248539"}],"wp:term":[{"taxonomy":"post_tag","embeddable":true,"href":"https:\/\/develop.olympic.ca\/olympique\/wp-json\/wp\/v2\/tags?post=248539"},{"taxonomy":"type-of-press","embeddable":true,"href":"https:\/\/develop.olympic.ca\/olympique\/wp-json\/wp\/v2\/type-of-press?post=248539"},{"taxonomy":"press-topic","embeddable":true,"href":"https:\/\/develop.olympic.ca\/olympique\/wp-json\/wp\/v2\/press-topic?post=248539"},{"taxonomy":"years","embeddable":true,"href":"https:\/\/develop.olympic.ca\/olympique\/wp-json\/wp\/v2\/years?post=248539"}],"curies":[{"name":"wp","href":"https:\/\/api.w.org\/{rel}","templated":true}]}}