{"id":251378,"date":"2024-07-29T11:02:32","date_gmt":"2024-07-29T15:02:32","guid":{"rendered":"https:\/\/develop.olympic.ca\/olympique\/?post_type=press&#038;p=251378"},"modified":"2024-07-29T11:02:37","modified_gmt":"2024-07-29T15:02:37","slug":"declaration-du-coc-concernant-lappel-sur-les-sanctions-de-la-fifa","status":"publish","type":"press","link":"https:\/\/develop.olympic.ca\/olympique\/presse\/declaration-du-coc-concernant-lappel-sur-les-sanctions-de-la-fifa\/","title":{"rendered":"D\u00e9claration du COC concernant l\u2019appel sur les sanctions de la FIFA"},"content":{"rendered":"\n<p class=\"wp-block-paragraph\"><strong>PARIS (28 juillet 2024) \u2013 <\/strong>Plus t\u00f4t aujourd\u2019hui<strong>, <\/strong>le Comit\u00e9 olympique canadien et Canada Soccer portent en appel la d\u00e9duction automatique de six points impos\u00e9e par la FIFA \u00e0 l\u2019\u00e9quipe f\u00e9minine de l\u2019Association canadienne de soccer au classement du Groupe A du Tournoi olympique de football f\u00e9minin des Jeux de Paris 2024.<\/p>\n\n\n\n<p class=\"wp-block-paragraph\">Cet appel repose sur le caract\u00e8re disproportionn\u00e9 de la sanction, que nous consid\u00e9rons comme une punition injuste des athl\u00e8tes pour des actions qui ne les impliquaient pas, et qui va bien&nbsp; au-del\u00e0 du r\u00e9tablissement de l\u2019\u00e9quit\u00e9 dans le cadre de la partie contre la Nouvelle-Z\u00e9lande. L\u2019appel a \u00e9t\u00e9 soumis au tribunal sp\u00e9cial du Tribunal Arbitral du Sport, form\u00e9 \u00e0 Paris pendant les Jeux olympiques, ce qui permet de traiter le dossier de mani\u00e8re exp\u00e9ditive pendant les Jeux.<\/p>\n\n\n\n<p class=\"wp-block-paragraph\">Afin de pr\u00e9server l\u2019int\u00e9grit\u00e9 de la proc\u00e9dure d\u2019appel, nous attendrons la fin de celle-ci avant d\u2019\u00e9mettre d\u2019autres commentaires.<\/p>\n\n\n\n<p class=\"has-text-align-center wp-block-paragraph\">-30-<\/p>\n\n\n\n<p class=\"wp-block-paragraph\">CONTACTS POUR LES M\u00c9DIAS<\/p>\n\n\n\n<p class=\"wp-block-paragraph\">Thomas Hall<br>Chef de presse d\u2019\u00c9quipe Canada<br>WhatsApp : +1 (514) 709-1054<br>Courriel : <a href=\"mailto:thall@olympic.ca\">thall@olympique.ca<\/a> \/ <a href=\"mailto:communications@olympic.ca\">communications@olympique.ca<\/a><\/p>\n\n\n\n<p class=\"wp-block-paragraph\">Paulo Senra<br>Chef des communications et du contenu<br>Canada Soccer<br>WhatsApp: +1 (416) 882-7919<br>Courriel: <a href=\"mailto:psenra@canadasoccer.com\">psenra@canadasoccer.com<\/a><\/p>\n","protected":false},"excerpt":{"rendered":"<p>PARIS (28 juillet 2024) \u2013 Plus t\u00f4t aujourd\u2019hui, le Comit\u00e9 olympique canadien et Canada Soccer portent en appel la d\u00e9duction&#8230;<\/p>\n","protected":false},"featured_media":235945,"template":"","format":"standard","tags":[],"type-of-press":[184353519],"press-topic":[682165168],"years":[682166484],"class_list":["post-251378","press","type-press","status-publish","format-standard","has-post-thumbnail","hentry","type-of-press-declarations","press-topic-paris-2024","years-682166484"],"acf":[],"yoast_head":"<!-- This site is optimized with the Yoast SEO plugin v27.3 - https:\/\/yoast.com\/product\/yoast-seo-wordpress\/ -->\n<title>D\u00e9claration du COC concernant l\u2019appel sur les sanctions de la FIFA - \u00c9quipe Canada | Site officiel de l&#039;\u00e9quipe olympique<\/title>\n<meta name=\"robots\" content=\"index, follow, max-snippet:-1, max-image-preview:large, max-video-preview:-1\" \/>\n<link rel=\"canonical\" href=\"https:\/\/develop.olympic.ca\/olympique\/presse\/declaration-du-coc-concernant-lappel-sur-les-sanctions-de-la-fifa\/\" \/>\n<meta property=\"og:locale\" content=\"fr_FR\" \/>\n<meta property=\"og:type\" content=\"article\" \/>\n<meta property=\"og:title\" content=\"D\u00e9claration du COC concernant l\u2019appel sur les sanctions de la FIFA - \u00c9quipe Canada | Site officiel de l&#039;\u00e9quipe olympique\" \/>\n<meta property=\"og:description\" content=\"PARIS (28 juillet 2024) \u2013 Plus t\u00f4t aujourd\u2019hui, le Comit\u00e9 olympique canadien et Canada Soccer portent en appel la d\u00e9duction...\" \/>\n<meta property=\"og:url\" content=\"https:\/\/develop.olympic.ca\/olympique\/presse\/declaration-du-coc-concernant-lappel-sur-les-sanctions-de-la-fifa\/\" \/>\n<meta property=\"og:site_name\" content=\"\u00c9quipe Canada | Site officiel de l&#039;\u00e9quipe olympique\" \/>\n<meta property=\"article:modified_time\" content=\"2024-07-29T15:02:37+00:00\" \/>\n<meta property=\"og:image\" content=\"https:\/\/develop.olympic.ca\/olympique\/wp-content\/uploads\/sites\/2\/2024\/01\/WEB_COC_DECLARATION_183c5b.jpg?quality=100\" \/>\n\t<meta property=\"og:image:width\" content=\"5584\" \/>\n\t<meta property=\"og:image:height\" content=\"3143\" \/>\n\t<meta property=\"og:image:type\" content=\"image\/jpeg\" \/>\n<meta name=\"twitter:card\" content=\"summary_large_image\" \/>\n<meta name=\"twitter:label1\" content=\"Est. reading time\" \/>\n\t<meta name=\"twitter:data1\" content=\"2 minutes\" \/>\n\t<meta name=\"twitter:label2\" content=\"Written by\" \/>\n\t<meta name=\"twitter:data2\" content=\"zsinha\" \/>\n<script type=\"application\/ld+json\" class=\"yoast-schema-graph\">{\"@context\":\"https:\\\/\\\/schema.org\",\"@graph\":[{\"@type\":\"WebPage\",\"@id\":\"https:\\\/\\\/develop.olympic.ca\\\/olympique\\\/presse\\\/declaration-du-coc-concernant-lappel-sur-les-sanctions-de-la-fifa\\\/\",\"url\":\"https:\\\/\\\/develop.olympic.ca\\\/olympique\\\/presse\\\/declaration-du-coc-concernant-lappel-sur-les-sanctions-de-la-fifa\\\/\",\"name\":\"D\u00e9claration du COC concernant l\u2019appel sur les sanctions de la FIFA - \u00c9quipe Canada | Site officiel de l&#039;\u00e9quipe olympique\",\"isPartOf\":{\"@id\":\"https:\\\/\\\/develop.olympic.ca\\\/olympique\\\/#website\"},\"primaryImageOfPage\":{\"@id\":\"https:\\\/\\\/develop.olympic.ca\\\/olympique\\\/presse\\\/declaration-du-coc-concernant-lappel-sur-les-sanctions-de-la-fifa\\\/#primaryimage\"},\"image\":{\"@id\":\"https:\\\/\\\/develop.olympic.ca\\\/olympique\\\/presse\\\/declaration-du-coc-concernant-lappel-sur-les-sanctions-de-la-fifa\\\/#primaryimage\"},\"thumbnailUrl\":\"https:\\\/\\\/develop.olympic.ca\\\/olympique\\\/wp-content\\\/uploads\\\/sites\\\/2\\\/2024\\\/01\\\/WEB_COC_DECLARATION_183c5b.jpg?quality=100\",\"datePublished\":\"2024-07-29T15:02:32+00:00\",\"dateModified\":\"2024-07-29T15:02:37+00:00\",\"inLanguage\":\"fr-FR\",\"potentialAction\":[{\"@type\":\"ReadAction\",\"target\":[\"https:\\\/\\\/develop.olympic.ca\\\/olympique\\\/presse\\\/declaration-du-coc-concernant-lappel-sur-les-sanctions-de-la-fifa\\\/\"]}]},{\"@type\":\"ImageObject\",\"inLanguage\":\"fr-FR\",\"@id\":\"https:\\\/\\\/develop.olympic.ca\\\/olympique\\\/presse\\\/declaration-du-coc-concernant-lappel-sur-les-sanctions-de-la-fifa\\\/#primaryimage\",\"url\":\"https:\\\/\\\/develop.olympic.ca\\\/olympique\\\/wp-content\\\/uploads\\\/sites\\\/2\\\/2024\\\/01\\\/WEB_COC_DECLARATION_183c5b.jpg?quality=100\",\"contentUrl\":\"https:\\\/\\\/develop.olympic.ca\\\/olympique\\\/wp-content\\\/uploads\\\/sites\\\/2\\\/2024\\\/01\\\/WEB_COC_DECLARATION_183c5b.jpg?quality=100\",\"width\":5584,\"height\":3143},{\"@type\":\"WebSite\",\"@id\":\"https:\\\/\\\/develop.olympic.ca\\\/olympique\\\/#website\",\"url\":\"https:\\\/\\\/develop.olympic.ca\\\/olympique\\\/\",\"name\":\"\u00c9quipe Canada | Site officiel de l&#039;\u00e9quipe olympique\",\"description\":\"Votre source pour l\u2019\u00c9quipe olympique canadienne. Retrouvez les r\u00e9cits, vid\u00e9os et photos des athl\u00e8tes canadiens, sports olympiques, Jeux olympiques de 2020 et bien plus!\",\"potentialAction\":[{\"@type\":\"SearchAction\",\"target\":{\"@type\":\"EntryPoint\",\"urlTemplate\":\"https:\\\/\\\/develop.olympic.ca\\\/olympique\\\/?s={search_term_string}\"},\"query-input\":{\"@type\":\"PropertyValueSpecification\",\"valueRequired\":true,\"valueName\":\"search_term_string\"}}],\"inLanguage\":\"fr-FR\"}]}<\/script>\n<!-- \/ Yoast SEO plugin. -->","yoast_head_json":{"title":"D\u00e9claration du COC concernant l\u2019appel sur les sanctions de la FIFA - \u00c9quipe Canada | Site officiel de l&#039;\u00e9quipe olympique","robots":{"index":"index","follow":"follow","max-snippet":"max-snippet:-1","max-image-preview":"max-image-preview:large","max-video-preview":"max-video-preview:-1"},"canonical":"https:\/\/develop.olympic.ca\/olympique\/presse\/declaration-du-coc-concernant-lappel-sur-les-sanctions-de-la-fifa\/","og_locale":"fr_FR","og_type":"article","og_title":"D\u00e9claration du COC concernant l\u2019appel sur les sanctions de la FIFA - \u00c9quipe Canada | Site officiel de l&#039;\u00e9quipe olympique","og_description":"PARIS (28 juillet 2024) \u2013 Plus t\u00f4t aujourd\u2019hui, le Comit\u00e9 olympique canadien et Canada Soccer portent en appel la d\u00e9duction...","og_url":"https:\/\/develop.olympic.ca\/olympique\/presse\/declaration-du-coc-concernant-lappel-sur-les-sanctions-de-la-fifa\/","og_site_name":"\u00c9quipe Canada | Site officiel de l&#039;\u00e9quipe olympique","article_modified_time":"2024-07-29T15:02:37+00:00","og_image":[{"width":5584,"height":3143,"url":"https:\/\/develop.olympic.ca\/olympique\/wp-content\/uploads\/sites\/2\/2024\/01\/WEB_COC_DECLARATION_183c5b.jpg?quality=100","type":"image\/jpeg"}],"twitter_card":"summary_large_image","twitter_misc":{"Est. reading time":"2 minutes","Written by":"zsinha"},"schema":{"@context":"https:\/\/schema.org","@graph":[{"@type":"WebPage","@id":"https:\/\/develop.olympic.ca\/olympique\/presse\/declaration-du-coc-concernant-lappel-sur-les-sanctions-de-la-fifa\/","url":"https:\/\/develop.olympic.ca\/olympique\/presse\/declaration-du-coc-concernant-lappel-sur-les-sanctions-de-la-fifa\/","name":"D\u00e9claration du COC concernant l\u2019appel sur les sanctions de la FIFA - \u00c9quipe Canada | Site officiel de l&#039;\u00e9quipe olympique","isPartOf":{"@id":"https:\/\/develop.olympic.ca\/olympique\/#website"},"primaryImageOfPage":{"@id":"https:\/\/develop.olympic.ca\/olympique\/presse\/declaration-du-coc-concernant-lappel-sur-les-sanctions-de-la-fifa\/#primaryimage"},"image":{"@id":"https:\/\/develop.olympic.ca\/olympique\/presse\/declaration-du-coc-concernant-lappel-sur-les-sanctions-de-la-fifa\/#primaryimage"},"thumbnailUrl":"https:\/\/develop.olympic.ca\/olympique\/wp-content\/uploads\/sites\/2\/2024\/01\/WEB_COC_DECLARATION_183c5b.jpg?quality=100","datePublished":"2024-07-29T15:02:32+00:00","dateModified":"2024-07-29T15:02:37+00:00","inLanguage":"fr-FR","potentialAction":[{"@type":"ReadAction","target":["https:\/\/develop.olympic.ca\/olympique\/presse\/declaration-du-coc-concernant-lappel-sur-les-sanctions-de-la-fifa\/"]}]},{"@type":"ImageObject","inLanguage":"fr-FR","@id":"https:\/\/develop.olympic.ca\/olympique\/presse\/declaration-du-coc-concernant-lappel-sur-les-sanctions-de-la-fifa\/#primaryimage","url":"https:\/\/develop.olympic.ca\/olympique\/wp-content\/uploads\/sites\/2\/2024\/01\/WEB_COC_DECLARATION_183c5b.jpg?quality=100","contentUrl":"https:\/\/develop.olympic.ca\/olympique\/wp-content\/uploads\/sites\/2\/2024\/01\/WEB_COC_DECLARATION_183c5b.jpg?quality=100","width":5584,"height":3143},{"@type":"WebSite","@id":"https:\/\/develop.olympic.ca\/olympique\/#website","url":"https:\/\/develop.olympic.ca\/olympique\/","name":"\u00c9quipe Canada | Site officiel de l&#039;\u00e9quipe olympique","description":"Votre source pour l\u2019\u00c9quipe olympique canadienne. Retrouvez les r\u00e9cits, vid\u00e9os et photos des athl\u00e8tes canadiens, sports olympiques, Jeux olympiques de 2020 et bien plus!","potentialAction":[{"@type":"SearchAction","target":{"@type":"EntryPoint","urlTemplate":"https:\/\/develop.olympic.ca\/olympique\/?s={search_term_string}"},"query-input":{"@type":"PropertyValueSpecification","valueRequired":true,"valueName":"search_term_string"}}],"inLanguage":"fr-FR"}]}},"jetpack_sharing_enabled":true,"_links":{"self":[{"href":"https:\/\/develop.olympic.ca\/olympique\/wp-json\/wp\/v2\/press\/251378","targetHints":{"allow":["GET"]}}],"collection":[{"href":"https:\/\/develop.olympic.ca\/olympique\/wp-json\/wp\/v2\/press"}],"about":[{"href":"https:\/\/develop.olympic.ca\/olympique\/wp-json\/wp\/v2\/types\/press"}],"version-history":[{"count":2,"href":"https:\/\/develop.olympic.ca\/olympique\/wp-json\/wp\/v2\/press\/251378\/revisions"}],"predecessor-version":[{"id":251380,"href":"https:\/\/develop.olympic.ca\/olympique\/wp-json\/wp\/v2\/press\/251378\/revisions\/251380"}],"wp:featuredmedia":[{"embeddable":true,"href":"https:\/\/develop.olympic.ca\/olympique\/wp-json\/wp\/v2\/media\/235945"}],"wp:attachment":[{"href":"https:\/\/develop.olympic.ca\/olympique\/wp-json\/wp\/v2\/media?parent=251378"}],"wp:term":[{"taxonomy":"post_tag","embeddable":true,"href":"https:\/\/develop.olympic.ca\/olympique\/wp-json\/wp\/v2\/tags?post=251378"},{"taxonomy":"type-of-press","embeddable":true,"href":"https:\/\/develop.olympic.ca\/olympique\/wp-json\/wp\/v2\/type-of-press?post=251378"},{"taxonomy":"press-topic","embeddable":true,"href":"https:\/\/develop.olympic.ca\/olympique\/wp-json\/wp\/v2\/press-topic?post=251378"},{"taxonomy":"years","embeddable":true,"href":"https:\/\/develop.olympic.ca\/olympique\/wp-json\/wp\/v2\/years?post=251378"}],"curies":[{"name":"wp","href":"https:\/\/api.w.org\/{rel}","templated":true}]}}