{"id":72388,"date":"2012-11-08T17:00:13","date_gmt":"2012-11-08T22:00:13","guid":{"rendered":"http:\/\/develop.olympic.ca\/?p=45386"},"modified":"2012-11-08T17:00:13","modified_gmt":"2012-11-08T22:00:13","slug":"le-comite-olympique-canadien-recompense-les-entraineurs-de-medailles-olympiques","status":"publish","type":"press","link":"https:\/\/develop.olympic.ca\/olympique\/presse\/le-comite-olympique-canadien-recompense-les-entraineurs-de-medailles-olympiques\/","title":{"rendered":"Le Comit\u00e9 olympique canadien r\u00e9compense les entra\u00eeneurs de m\u00e9daill\u00e9s olympiques"},"content":{"rendered":"<p><strong>MONTR\u00c9AL<\/strong>\u00a0 \u0336\u00a0 Pour la premi\u00e8re fois, le Comit\u00e9 olympique canadien remettait des prix dans le cadre du programme de reconnaissance des entra\u00eeneurs de m\u00e9daill\u00e9s olympiques. La somme totale remise jeudi s\u2019\u00e9l\u00e8ve \u00e0 107 500 $. \u00c0 compter des Jeux olympiques de 2012 \u00e0 Londres, les entra\u00eeneurs de m\u00e9daill\u00e9s olympiques recevront 10 000 $ par m\u00e9daille d\u2019or, 7500 $ par m\u00e9daille d\u2019argent et 5000 $ par m\u00e9daille de bronze pour chaque discipline. 24 entra\u00eeneurs ont \u00e9t\u00e9 r\u00e9compens\u00e9s cette ann\u00e9e.<\/p>\n<p><strong>Photo 1 :<\/strong> <a href=\"http:\/\/bit.ly\/TaDPlW\" target=\"_blank\">http:\/\/bit.ly\/TaDPlW<\/a><br \/>\nMarcel Aubut, le pr\u00e9sident du Comit\u00e9 olympique canadien remet un ch\u00e8que aux entra\u00eeneurs de m\u00e9daill\u00e9s des Jeux olympiques de 2012 jeudi \u00e0 Montr\u00e9al. 24 entra\u00eeneurs se sont partag\u00e9 la somme de 107 500 $.<br \/>\nPhoto du COC par Kristina Velan<\/p>\n<p><strong>Photo 2 :<\/strong> <a href=\"http:\/\/bit.ly\/RKYVqW\" target=\"_blank\">http:\/\/bit.ly\/RKYVqW<\/a><br \/>\nDe gauche \u00e0 droite, le pr\u00e9sident de l\u2019Association canadienne des entra\u00eeneurs Peter Lawless, l\u2019Olympienne en nage synchronis\u00e9e Tracy Little et l\u2019entra\u00eeneur de plongeon Aaron Dziver pendant la premi\u00e8re \u00e9dition du programme de r\u00e9compense des entra\u00eeneurs \u00e0 Montr\u00e9al jeudi.<br \/>\nPhoto du COC par Kristina Velan<\/p>\n<p><strong>Photo 3 :<\/strong> <a href=\"http:\/\/bit.ly\/S1dtkH\" target=\"_blank\">http:\/\/bit.ly\/S1dtkH<\/a><br \/>\nL\u2019entra\u00eeneur de judo m\u00e9daill\u00e9 de bronze Nicolas Gill parle pendant la premi\u00e8re \u00e9dition du programme de r\u00e9compense des entra\u00eeneurs \u00e0 Montr\u00e9al jeudi.<br \/>\nPhoto du COC par Kristina Velan<\/p>\n<p><strong>Photo 4 :<\/strong> <a href=\"http:\/\/bit.ly\/YSgXMe\" target=\"_blank\">http:\/\/bit.ly\/YSgXMe<\/a><br \/>\nL\u2019entra\u00eeneur de plongeon m\u00e9daill\u00e9 de bronze Aaron Dziver parle pendant la premi\u00e8re \u00e9dition du programme de r\u00e9compense des entra\u00eeneurs \u00e0 Montr\u00e9al jeudi.<br \/>\nPhoto du COC par Kristina Velan<\/p>\n<p><strong>Photo 5 :<\/strong> <a href=\"http:\/\/bit.ly\/RHQ4bc\" target=\"_blank\">http:\/\/bit.ly\/RHQ4bc<\/a><br \/>\nL\u2019entra\u00eeneur de judo m\u00e9daill\u00e9 de bronze Nicolas Gill, \u00e0 gauche, re\u00e7oit sa r\u00e9compense des mains du pr\u00e9sident du Comit\u00e9 olympique canadien, Marcel Aubut, pendant la premi\u00e8re \u00e9dition du programme de r\u00e9compense des entra\u00eeneurs \u00e0 Montr\u00e9al jeudi.<br \/>\nPhoto du COC par Kristina Velan<\/p>\n<p><strong>Photo 6 :<\/strong> <a href=\"http:\/\/bit.ly\/WGYfZO\" target=\"_blank\">http:\/\/bit.ly\/WGYfZO<\/a><br \/>\nL\u2019entra\u00eeneur de plongeon m\u00e9daill\u00e9 de bronze C\u00e9sar Henderson, \u00e0 gauche, re\u00e7oit sa r\u00e9compense des mains du pr\u00e9sident du Comit\u00e9 olympique canadien, Marcel Aubut, pendant la premi\u00e8re \u00e9dition du programme de r\u00e9compense des entra\u00eeneurs \u00e0 Montr\u00e9al jeudi.<br \/>\nPhoto du COC par Kristina Velan<\/p>\n<p><strong>Photo 7 :<\/strong> <a href=\"http:\/\/bit.ly\/UbSuM6\" target=\"_blank\">http:\/\/bit.ly\/UbSuM6<\/a><br \/>\nL\u2019entra\u00eeneur de cano\u00eb-kayak m\u00e9daill\u00e9 d\u2019argent et de bronze Scott Oldershaw, \u00e0 gauche, re\u00e7oit sa r\u00e9compense des mains du pr\u00e9sident du Comit\u00e9 olympique canadien, Marcel Aubut, pendant la premi\u00e8re \u00e9dition du programme de r\u00e9compense des entra\u00eeneurs \u00e0 Montr\u00e9al jeudi.<br \/>\nPhoto du COC par Kristina Velan<\/p>\n<p><strong>Photo 8 :<\/strong> <a href=\"http:\/\/bit.ly\/S1gHod\" target=\"_blank\">http:\/\/bit.ly\/S1gHod<\/a><br \/>\nDes entra\u00eeneurs et des athl\u00e8tes canadiens des Jeux olympiques de 2012 pendant la premi\u00e8re \u00e9dition du programme de r\u00e9compense des entra\u00eeneurs \u00e0 Montr\u00e9al jeudi.<br \/>\nPhoto du COC par Kristina Velan<\/p>\n<p><strong>Photo 9 :<\/strong> <a href=\"http:\/\/bit.ly\/UosD9C\" target=\"_blank\">http:\/\/bit.ly\/UosD9C<\/a><br \/>\nL\u2019Olympienne en nage synchronis\u00e9e Tracy Little pendant la premi\u00e8re \u00e9dition du programme de r\u00e9compense des entra\u00eeneurs \u00e0 Montr\u00e9al jeudi.<br \/>\nPhoto du COC par Kristina Velan<\/p>\n<p><strong>Photo 10 :<\/strong> <a href=\"http:\/\/bit.ly\/STZpgZ\" target=\"_blank\">http:\/\/bit.ly\/STZpgZ<br \/>\n<\/a>Le pr\u00e9sident du Comit\u00e9 olympique canadien, Marcel Aubut, parle pendant la premi\u00e8re \u00e9dition du programme de r\u00e9compense des entra\u00eeneurs \u00e0 Montr\u00e9al jeudi.<br \/>\nPhoto du COC par Kristina Velan<\/p>\n<p style=\"text-align:center;\">&#8211; 30 &#8211;<\/p>\n<p><strong>Bureau de presse du Comit\u00e9 olympique canadien :<\/strong><br \/>\nJane Almeida, gestionnaire, Relations avec les m\u00e9dias<br \/>\nT\u00e9l. : 416-324-4120 \/ Cell. : 416-540-1788<br \/>\nCourriel : <a href=\"mailto:jalmeida@olympic.ca\" target=\"_blank\">jalmeida@olympic.ca<\/a><\/p>\n<p>Dimitri Soudas, directeur ex\u00e9cutif, Communications<br \/>\nT\u00e9l. : 416-324-4136 \/ Cell. : 289-388-6419<br \/>\nCourriel : <a href=\"mailto:dsoudas@olympic.ca\" target=\"_blank\">dsoudas@olympic.ca<\/a><\/p>\n","protected":false},"excerpt":{"rendered":"<p>MONTR\u00c9AL\u00a0 \u0336\u00a0 Pour la premi\u00e8re fois, le Comit\u00e9 olympique canadien remettait des prix dans le cadre du programme de reconnaissance&#8230;<\/p>\n","protected":false},"featured_media":0,"template":"","format":"standard","tags":[],"type-of-press":[],"press-topic":[],"years":[],"class_list":["post-72388","press","type-press","status-publish","format-standard","hentry"],"acf":[],"yoast_head":"<!-- This site is optimized with the Yoast SEO plugin v27.3 - https:\/\/yoast.com\/product\/yoast-seo-wordpress\/ -->\n<title>Le Comit\u00e9 olympique canadien r\u00e9compense les entra\u00eeneurs de m\u00e9daill\u00e9s olympiques - \u00c9quipe Canada | Site officiel de l&#039;\u00e9quipe olympique<\/title>\n<meta name=\"robots\" content=\"index, follow, max-snippet:-1, max-image-preview:large, max-video-preview:-1\" \/>\n<link rel=\"canonical\" href=\"https:\/\/develop.olympic.ca\/olympique\/presse\/le-comite-olympique-canadien-recompense-les-entraineurs-de-medailles-olympiques\/\" \/>\n<meta property=\"og:locale\" content=\"fr_FR\" \/>\n<meta property=\"og:type\" content=\"article\" \/>\n<meta property=\"og:title\" content=\"Le Comit\u00e9 olympique canadien r\u00e9compense les entra\u00eeneurs de m\u00e9daill\u00e9s olympiques - \u00c9quipe Canada | Site officiel de l&#039;\u00e9quipe olympique\" \/>\n<meta property=\"og:description\" content=\"MONTR\u00c9AL\u00a0 \u0336\u00a0 Pour la premi\u00e8re fois, le Comit\u00e9 olympique canadien remettait des prix dans le cadre du programme de reconnaissance...\" \/>\n<meta property=\"og:url\" content=\"https:\/\/develop.olympic.ca\/olympique\/presse\/le-comite-olympique-canadien-recompense-les-entraineurs-de-medailles-olympiques\/\" \/>\n<meta property=\"og:site_name\" content=\"\u00c9quipe Canada | Site officiel de l&#039;\u00e9quipe olympique\" \/>\n<meta name=\"twitter:card\" content=\"summary_large_image\" \/>\n<meta name=\"twitter:label1\" content=\"Est. reading time\" \/>\n\t<meta name=\"twitter:data1\" content=\"3 minutes\" \/>\n\t<meta name=\"twitter:label2\" content=\"Written by\" \/>\n\t<meta name=\"twitter:data2\" content=\"Mark Nadolny\" \/>\n<script type=\"application\/ld+json\" class=\"yoast-schema-graph\">{\"@context\":\"https:\\\/\\\/schema.org\",\"@graph\":[{\"@type\":\"WebPage\",\"@id\":\"https:\\\/\\\/develop.olympic.ca\\\/olympique\\\/presse\\\/le-comite-olympique-canadien-recompense-les-entraineurs-de-medailles-olympiques\\\/\",\"url\":\"https:\\\/\\\/develop.olympic.ca\\\/olympique\\\/presse\\\/le-comite-olympique-canadien-recompense-les-entraineurs-de-medailles-olympiques\\\/\",\"name\":\"Le Comit\u00e9 olympique canadien r\u00e9compense les entra\u00eeneurs de m\u00e9daill\u00e9s olympiques - \u00c9quipe Canada | Site officiel de l&#039;\u00e9quipe olympique\",\"isPartOf\":{\"@id\":\"https:\\\/\\\/develop.olympic.ca\\\/olympique\\\/#website\"},\"datePublished\":\"2012-11-08T22:00:13+00:00\",\"inLanguage\":\"fr-FR\",\"potentialAction\":[{\"@type\":\"ReadAction\",\"target\":[\"https:\\\/\\\/develop.olympic.ca\\\/olympique\\\/presse\\\/le-comite-olympique-canadien-recompense-les-entraineurs-de-medailles-olympiques\\\/\"]}]},{\"@type\":\"WebSite\",\"@id\":\"https:\\\/\\\/develop.olympic.ca\\\/olympique\\\/#website\",\"url\":\"https:\\\/\\\/develop.olympic.ca\\\/olympique\\\/\",\"name\":\"\u00c9quipe Canada | Site officiel de l&#039;\u00e9quipe olympique\",\"description\":\"Votre source pour l\u2019\u00c9quipe olympique canadienne. Retrouvez les r\u00e9cits, vid\u00e9os et photos des athl\u00e8tes canadiens, sports olympiques, Jeux olympiques de 2020 et bien plus!\",\"potentialAction\":[{\"@type\":\"SearchAction\",\"target\":{\"@type\":\"EntryPoint\",\"urlTemplate\":\"https:\\\/\\\/develop.olympic.ca\\\/olympique\\\/?s={search_term_string}\"},\"query-input\":{\"@type\":\"PropertyValueSpecification\",\"valueRequired\":true,\"valueName\":\"search_term_string\"}}],\"inLanguage\":\"fr-FR\"}]}<\/script>\n<!-- \/ Yoast SEO plugin. -->","yoast_head_json":{"title":"Le Comit\u00e9 olympique canadien r\u00e9compense les entra\u00eeneurs de m\u00e9daill\u00e9s olympiques - \u00c9quipe Canada | Site officiel de l&#039;\u00e9quipe olympique","robots":{"index":"index","follow":"follow","max-snippet":"max-snippet:-1","max-image-preview":"max-image-preview:large","max-video-preview":"max-video-preview:-1"},"canonical":"https:\/\/develop.olympic.ca\/olympique\/presse\/le-comite-olympique-canadien-recompense-les-entraineurs-de-medailles-olympiques\/","og_locale":"fr_FR","og_type":"article","og_title":"Le Comit\u00e9 olympique canadien r\u00e9compense les entra\u00eeneurs de m\u00e9daill\u00e9s olympiques - \u00c9quipe Canada | Site officiel de l&#039;\u00e9quipe olympique","og_description":"MONTR\u00c9AL\u00a0 \u0336\u00a0 Pour la premi\u00e8re fois, le Comit\u00e9 olympique canadien remettait des prix dans le cadre du programme de reconnaissance...","og_url":"https:\/\/develop.olympic.ca\/olympique\/presse\/le-comite-olympique-canadien-recompense-les-entraineurs-de-medailles-olympiques\/","og_site_name":"\u00c9quipe Canada | Site officiel de l&#039;\u00e9quipe olympique","twitter_card":"summary_large_image","twitter_misc":{"Est. reading time":"3 minutes","Written by":"Mark Nadolny"},"schema":{"@context":"https:\/\/schema.org","@graph":[{"@type":"WebPage","@id":"https:\/\/develop.olympic.ca\/olympique\/presse\/le-comite-olympique-canadien-recompense-les-entraineurs-de-medailles-olympiques\/","url":"https:\/\/develop.olympic.ca\/olympique\/presse\/le-comite-olympique-canadien-recompense-les-entraineurs-de-medailles-olympiques\/","name":"Le Comit\u00e9 olympique canadien r\u00e9compense les entra\u00eeneurs de m\u00e9daill\u00e9s olympiques - \u00c9quipe Canada | Site officiel de l&#039;\u00e9quipe olympique","isPartOf":{"@id":"https:\/\/develop.olympic.ca\/olympique\/#website"},"datePublished":"2012-11-08T22:00:13+00:00","inLanguage":"fr-FR","potentialAction":[{"@type":"ReadAction","target":["https:\/\/develop.olympic.ca\/olympique\/presse\/le-comite-olympique-canadien-recompense-les-entraineurs-de-medailles-olympiques\/"]}]},{"@type":"WebSite","@id":"https:\/\/develop.olympic.ca\/olympique\/#website","url":"https:\/\/develop.olympic.ca\/olympique\/","name":"\u00c9quipe Canada | Site officiel de l&#039;\u00e9quipe olympique","description":"Votre source pour l\u2019\u00c9quipe olympique canadienne. Retrouvez les r\u00e9cits, vid\u00e9os et photos des athl\u00e8tes canadiens, sports olympiques, Jeux olympiques de 2020 et bien plus!","potentialAction":[{"@type":"SearchAction","target":{"@type":"EntryPoint","urlTemplate":"https:\/\/develop.olympic.ca\/olympique\/?s={search_term_string}"},"query-input":{"@type":"PropertyValueSpecification","valueRequired":true,"valueName":"search_term_string"}}],"inLanguage":"fr-FR"}]}},"jetpack_sharing_enabled":true,"_links":{"self":[{"href":"https:\/\/develop.olympic.ca\/olympique\/wp-json\/wp\/v2\/press\/72388","targetHints":{"allow":["GET"]}}],"collection":[{"href":"https:\/\/develop.olympic.ca\/olympique\/wp-json\/wp\/v2\/press"}],"about":[{"href":"https:\/\/develop.olympic.ca\/olympique\/wp-json\/wp\/v2\/types\/press"}],"version-history":[{"count":0,"href":"https:\/\/develop.olympic.ca\/olympique\/wp-json\/wp\/v2\/press\/72388\/revisions"}],"wp:attachment":[{"href":"https:\/\/develop.olympic.ca\/olympique\/wp-json\/wp\/v2\/media?parent=72388"}],"wp:term":[{"taxonomy":"post_tag","embeddable":true,"href":"https:\/\/develop.olympic.ca\/olympique\/wp-json\/wp\/v2\/tags?post=72388"},{"taxonomy":"type-of-press","embeddable":true,"href":"https:\/\/develop.olympic.ca\/olympique\/wp-json\/wp\/v2\/type-of-press?post=72388"},{"taxonomy":"press-topic","embeddable":true,"href":"https:\/\/develop.olympic.ca\/olympique\/wp-json\/wp\/v2\/press-topic?post=72388"},{"taxonomy":"years","embeddable":true,"href":"https:\/\/develop.olympic.ca\/olympique\/wp-json\/wp\/v2\/years?post=72388"}],"curies":[{"name":"wp","href":"https:\/\/api.w.org\/{rel}","templated":true}]}}