{"id":72394,"date":"2012-11-02T16:30:37","date_gmt":"2012-11-02T20:30:37","guid":{"rendered":"http:\/\/develop.olympic.ca\/?p=45019"},"modified":"2012-11-02T16:30:37","modified_gmt":"2012-11-02T20:30:37","slug":"une-ecole-inspiree-par-les-athletes-olympiques","status":"publish","type":"press","link":"https:\/\/develop.olympic.ca\/olympique\/presse\/une-ecole-inspiree-par-les-athletes-olympiques\/","title":{"rendered":"Une \u00e9cole inspir\u00e9e par les athl\u00e8tes olympiques"},"content":{"rendered":"<p><strong>TORONTO<\/strong> \u2013 Des \u00e9tudiants de l\u2019\u00e9cole JG Workman ont pass\u00e9 quelques heures en compagnie de h\u00e9ros olympiques et paralympiques vendredi. La m\u00e9daill\u00e9e d\u2019or des Jeux olympiques de 2012 \u00e0 Londres en trampoline Rosie MacLennan, le joueur de volleyball de plage Martin Reader et le m\u00e9daill\u00e9 d\u2019or en basketball en fauteuil roulant Tyler Miller ont rendu visite aux \u00e9l\u00e8ves de l\u2019\u00e9cole de Scarborough en Ontario pour partager un message inspirant et promouvoir les valeurs olympiques.<\/p>\n<p><strong>Photo 1 :<\/strong> <a href=\"http:\/\/bit.ly\/SlfBV6\" target=\"_blank\">http:\/\/bit.ly\/SlfBV6<br \/>\n<\/a>Martin Reader, joueur de volleyball de plage et Olympien des Jeux de 2012 \u00e0 Londres, fait une d\u00e9monstration de son sport \u00e0 des \u00e9l\u00e8ves et des enseignants de l\u2019\u00e9cole JG Workman vendredi.<br \/>\nPhoto du COC par Winston Chow<\/p>\n<p><strong>Photo 2 :<\/strong>\u00a0 <a href=\"http:\/\/bit.ly\/QZuihp\" target=\"_blank\">http:\/\/bit.ly\/QZuihp<\/a><br \/>\nLa m\u00e9daill\u00e9e d\u2019or des Jeux olympiques de 2012 \u00e0 Londres en trampoline Rosie MacLennan (\u00e0 droite), le joueur de volleyball de plage Martin Reader (au centre) et le m\u00e9daill\u00e9 d\u2019or en basketball en fauteuil roulant Tyler Miller ont rendu visite aux \u00e9l\u00e8ves de l\u2019\u00e9cole JG Workman vendredi pour partager un message inspirant et promouvoir les valeurs olympiques.<br \/>\nPhoto du COC par Winston Chow<\/p>\n<p><strong>Photo 3 :<\/strong>\u00a0 <a href=\"http:\/\/bit.ly\/RAwyK9\" target=\"_blank\">http:\/\/bit.ly\/RAwyK9<\/a><br \/>\nLe m\u00e9daill\u00e9 d\u2019or en basketball en fauteuil roulant Tyler Miller a rendu visite aux \u00e9l\u00e8ves de l\u2019\u00e9cole JG Workman vendredi pour partager un message inspirant et promouvoir les valeurs olympiques.<br \/>\nPhoto du COC par Winston Chow<\/p>\n<p><strong>Photo 4 :\u00a0<\/strong> <a href=\"http:\/\/bit.ly\/SxV28H\" target=\"_blank\">http:\/\/bit.ly\/SxV28H<br \/>\n<\/a>Martin Reader, joueur de volleyball de plage et Olympien des Jeux de 2012 \u00e0 Londres, partage un message inspirant et fait la promotion des valeurs olympiques aux \u00e9l\u00e8ves et aux enseignants de l\u2019\u00e9cole JG Workman School vendredi.<br \/>\nPhoto du COC par Winston Chow<\/p>\n<p style=\"text-align:center;\">&#8211; 30 &#8211;<\/p>\n<p><strong>Bureau de presse du Comit\u00e9 olympique canadien :<\/strong><br \/>\nJane Almeida, gestionnaire, Relations avec les m\u00e9dias<br \/>\nT\u00e9l. : 416-324-4120 \/ Cell. : 416-540-1788<br \/>\nCourriel : <a href=\"mailto:jalmeida@olympic.ca\" target=\"_blank\">jalmeida@olympic.ca <\/a><\/p>\n<p>Dimitri Soudas, directeur ex\u00e9cutif, Communications<br \/>\nT\u00e9l. : 416-324-4136 \/ Cell. : 289-388-6419<br \/>\nCourriel : <a href=\"mailto:dsoudas@olympic.ca\" target=\"_blank\">dsoudas@olympic.ca<\/a><\/p>\n","protected":false},"excerpt":{"rendered":"<p>TORONTO \u2013 Des \u00e9tudiants de l\u2019\u00e9cole JG Workman ont pass\u00e9 quelques heures en compagnie de h\u00e9ros olympiques et paralympiques vendredi&#8230;.<\/p>\n","protected":false},"featured_media":0,"template":"","format":"standard","tags":[],"type-of-press":[],"press-topic":[],"years":[],"class_list":["post-72394","press","type-press","status-publish","format-standard","hentry"],"acf":[],"yoast_head":"<!-- This site is optimized with the Yoast SEO plugin v27.3 - https:\/\/yoast.com\/product\/yoast-seo-wordpress\/ -->\n<title>Une \u00e9cole inspir\u00e9e par les athl\u00e8tes olympiques - \u00c9quipe Canada | Site officiel de l&#039;\u00e9quipe olympique<\/title>\n<meta name=\"robots\" content=\"index, follow, max-snippet:-1, max-image-preview:large, max-video-preview:-1\" \/>\n<link rel=\"canonical\" href=\"https:\/\/develop.olympic.ca\/olympique\/presse\/une-ecole-inspiree-par-les-athletes-olympiques\/\" \/>\n<meta property=\"og:locale\" content=\"fr_FR\" \/>\n<meta property=\"og:type\" content=\"article\" \/>\n<meta property=\"og:title\" content=\"Une \u00e9cole inspir\u00e9e par les athl\u00e8tes olympiques - \u00c9quipe Canada | Site officiel de l&#039;\u00e9quipe olympique\" \/>\n<meta property=\"og:description\" content=\"TORONTO \u2013 Des \u00e9tudiants de l\u2019\u00e9cole JG Workman ont pass\u00e9 quelques heures en compagnie de h\u00e9ros olympiques et paralympiques vendredi....\" \/>\n<meta property=\"og:url\" content=\"https:\/\/develop.olympic.ca\/olympique\/presse\/une-ecole-inspiree-par-les-athletes-olympiques\/\" \/>\n<meta property=\"og:site_name\" content=\"\u00c9quipe Canada | Site officiel de l&#039;\u00e9quipe olympique\" \/>\n<meta name=\"twitter:card\" content=\"summary_large_image\" \/>\n<meta name=\"twitter:label1\" content=\"Est. reading time\" \/>\n\t<meta name=\"twitter:data1\" content=\"2 minutes\" \/>\n\t<meta name=\"twitter:label2\" content=\"Written by\" \/>\n\t<meta name=\"twitter:data2\" content=\"Mark Nadolny\" \/>\n<script type=\"application\/ld+json\" class=\"yoast-schema-graph\">{\"@context\":\"https:\\\/\\\/schema.org\",\"@graph\":[{\"@type\":\"WebPage\",\"@id\":\"https:\\\/\\\/develop.olympic.ca\\\/olympique\\\/presse\\\/une-ecole-inspiree-par-les-athletes-olympiques\\\/\",\"url\":\"https:\\\/\\\/develop.olympic.ca\\\/olympique\\\/presse\\\/une-ecole-inspiree-par-les-athletes-olympiques\\\/\",\"name\":\"Une \u00e9cole inspir\u00e9e par les athl\u00e8tes olympiques - \u00c9quipe Canada | Site officiel de l&#039;\u00e9quipe olympique\",\"isPartOf\":{\"@id\":\"https:\\\/\\\/develop.olympic.ca\\\/olympique\\\/#website\"},\"datePublished\":\"2012-11-02T20:30:37+00:00\",\"inLanguage\":\"fr-FR\",\"potentialAction\":[{\"@type\":\"ReadAction\",\"target\":[\"https:\\\/\\\/develop.olympic.ca\\\/olympique\\\/presse\\\/une-ecole-inspiree-par-les-athletes-olympiques\\\/\"]}]},{\"@type\":\"WebSite\",\"@id\":\"https:\\\/\\\/develop.olympic.ca\\\/olympique\\\/#website\",\"url\":\"https:\\\/\\\/develop.olympic.ca\\\/olympique\\\/\",\"name\":\"\u00c9quipe Canada | Site officiel de l&#039;\u00e9quipe olympique\",\"description\":\"Votre source pour l\u2019\u00c9quipe olympique canadienne. Retrouvez les r\u00e9cits, vid\u00e9os et photos des athl\u00e8tes canadiens, sports olympiques, Jeux olympiques de 2020 et bien plus!\",\"potentialAction\":[{\"@type\":\"SearchAction\",\"target\":{\"@type\":\"EntryPoint\",\"urlTemplate\":\"https:\\\/\\\/develop.olympic.ca\\\/olympique\\\/?s={search_term_string}\"},\"query-input\":{\"@type\":\"PropertyValueSpecification\",\"valueRequired\":true,\"valueName\":\"search_term_string\"}}],\"inLanguage\":\"fr-FR\"}]}<\/script>\n<!-- \/ Yoast SEO plugin. -->","yoast_head_json":{"title":"Une \u00e9cole inspir\u00e9e par les athl\u00e8tes olympiques - \u00c9quipe Canada | Site officiel de l&#039;\u00e9quipe olympique","robots":{"index":"index","follow":"follow","max-snippet":"max-snippet:-1","max-image-preview":"max-image-preview:large","max-video-preview":"max-video-preview:-1"},"canonical":"https:\/\/develop.olympic.ca\/olympique\/presse\/une-ecole-inspiree-par-les-athletes-olympiques\/","og_locale":"fr_FR","og_type":"article","og_title":"Une \u00e9cole inspir\u00e9e par les athl\u00e8tes olympiques - \u00c9quipe Canada | Site officiel de l&#039;\u00e9quipe olympique","og_description":"TORONTO \u2013 Des \u00e9tudiants de l\u2019\u00e9cole JG Workman ont pass\u00e9 quelques heures en compagnie de h\u00e9ros olympiques et paralympiques vendredi....","og_url":"https:\/\/develop.olympic.ca\/olympique\/presse\/une-ecole-inspiree-par-les-athletes-olympiques\/","og_site_name":"\u00c9quipe Canada | Site officiel de l&#039;\u00e9quipe olympique","twitter_card":"summary_large_image","twitter_misc":{"Est. reading time":"2 minutes","Written by":"Mark Nadolny"},"schema":{"@context":"https:\/\/schema.org","@graph":[{"@type":"WebPage","@id":"https:\/\/develop.olympic.ca\/olympique\/presse\/une-ecole-inspiree-par-les-athletes-olympiques\/","url":"https:\/\/develop.olympic.ca\/olympique\/presse\/une-ecole-inspiree-par-les-athletes-olympiques\/","name":"Une \u00e9cole inspir\u00e9e par les athl\u00e8tes olympiques - \u00c9quipe Canada | Site officiel de l&#039;\u00e9quipe olympique","isPartOf":{"@id":"https:\/\/develop.olympic.ca\/olympique\/#website"},"datePublished":"2012-11-02T20:30:37+00:00","inLanguage":"fr-FR","potentialAction":[{"@type":"ReadAction","target":["https:\/\/develop.olympic.ca\/olympique\/presse\/une-ecole-inspiree-par-les-athletes-olympiques\/"]}]},{"@type":"WebSite","@id":"https:\/\/develop.olympic.ca\/olympique\/#website","url":"https:\/\/develop.olympic.ca\/olympique\/","name":"\u00c9quipe Canada | Site officiel de l&#039;\u00e9quipe olympique","description":"Votre source pour l\u2019\u00c9quipe olympique canadienne. Retrouvez les r\u00e9cits, vid\u00e9os et photos des athl\u00e8tes canadiens, sports olympiques, Jeux olympiques de 2020 et bien plus!","potentialAction":[{"@type":"SearchAction","target":{"@type":"EntryPoint","urlTemplate":"https:\/\/develop.olympic.ca\/olympique\/?s={search_term_string}"},"query-input":{"@type":"PropertyValueSpecification","valueRequired":true,"valueName":"search_term_string"}}],"inLanguage":"fr-FR"}]}},"jetpack_sharing_enabled":true,"_links":{"self":[{"href":"https:\/\/develop.olympic.ca\/olympique\/wp-json\/wp\/v2\/press\/72394","targetHints":{"allow":["GET"]}}],"collection":[{"href":"https:\/\/develop.olympic.ca\/olympique\/wp-json\/wp\/v2\/press"}],"about":[{"href":"https:\/\/develop.olympic.ca\/olympique\/wp-json\/wp\/v2\/types\/press"}],"version-history":[{"count":0,"href":"https:\/\/develop.olympic.ca\/olympique\/wp-json\/wp\/v2\/press\/72394\/revisions"}],"wp:attachment":[{"href":"https:\/\/develop.olympic.ca\/olympique\/wp-json\/wp\/v2\/media?parent=72394"}],"wp:term":[{"taxonomy":"post_tag","embeddable":true,"href":"https:\/\/develop.olympic.ca\/olympique\/wp-json\/wp\/v2\/tags?post=72394"},{"taxonomy":"type-of-press","embeddable":true,"href":"https:\/\/develop.olympic.ca\/olympique\/wp-json\/wp\/v2\/type-of-press?post=72394"},{"taxonomy":"press-topic","embeddable":true,"href":"https:\/\/develop.olympic.ca\/olympique\/wp-json\/wp\/v2\/press-topic?post=72394"},{"taxonomy":"years","embeddable":true,"href":"https:\/\/develop.olympic.ca\/olympique\/wp-json\/wp\/v2\/years?post=72394"}],"curies":[{"name":"wp","href":"https:\/\/api.w.org\/{rel}","templated":true}]}}