{"id":72418,"date":"2012-08-09T15:49:07","date_gmt":"2012-08-09T19:49:07","guid":{"rendered":"http:\/\/develop.olympic.ca\/?p=40970"},"modified":"2012-08-09T15:49:07","modified_gmt":"2012-08-09T19:49:07","slug":"tonya-verbeek-sest-qualifiee-pour-la-finale-de-lutte-libre-chez-les-55-kg","status":"publish","type":"press","link":"https:\/\/develop.olympic.ca\/olympique\/presse\/tonya-verbeek-sest-qualifiee-pour-la-finale-de-lutte-libre-chez-les-55-kg\/","title":{"rendered":"Tonya Verbeek s\u2019est qualifi\u00e9e pour la finale de lutte libre chez les 55 kg"},"content":{"rendered":"<p><strong>Photo 1 : <a href=\"http:\/\/develop.olympic.ca\/wp-content\/uploads\/sites\/2\/2012\/08\/jr4602.jpg\" target=\"_blank\">http:\/\/develop.olympic.ca\/wp-content\/uploads\/sites\/2\/2012\/08\/jr4602.jpg<\/a><\/strong><br \/>\nLa Canadienne <a href=\"http:\/\/develop.olympic.ca\/fr\/team-canada\/tonya-verbeek-3\" target=\"_blank\">Tonya Verbeek<\/a>, en rouge, affronte Geeta Geeta de l\u2019Inde durant la comp\u00e9tition de lutte libre f\u00e9minine dans la cat\u00e9gorie des 55 kg aux Jeux olympiques de 2012 \u00e0 Londres, le 9 ao\u00fbt 2012. Verbeek a remport\u00e9 le match et s\u2019est qualifi\u00e9e pour les quarts de finale.<br \/>\nPhoto du COC : Jason Ransom<\/p>\n<p><strong>Photo 2 : <a href=\"http:\/\/develop.olympic.ca\/wp-content\/uploads\/sites\/2\/2012\/08\/jr459.jpg\" target=\"_blank\">http:\/\/develop.olympic.ca\/wp-content\/uploads\/sites\/2\/2012\/08\/jr459.jpg<\/a><\/strong><br \/>\nLa Canadienne Tonya Verbeek, en rouge, affronte Geeta Geeta de l\u2019Inde durant la comp\u00e9tition de lutte libre f\u00e9minine dans la cat\u00e9gorie des 55 kg aux Jeux olympiques de 2012 \u00e0 Londres, le 9 ao\u00fbt 2012. Verbeek a remport\u00e9 le match et s\u2019est qualifi\u00e9e pour les quarts de finale.<br \/>\nPhoto du COC : Jason Ransom<\/p>\n<p><strong>Photo 3 : <a href=\"http:\/\/develop.olympic.ca\/wp-content\/uploads\/sites\/2\/2012\/08\/jr465.jpg\" target=\"_blank\">http:\/\/develop.olympic.ca\/wp-content\/uploads\/sites\/2\/2012\/08\/jr465.jpg<\/a><\/strong><br \/>\nLa Canadienne Tonya Verbeek c\u00e9l\u00e8bre sa victoire sur Jackeline Renteria de la Colombie dans la cat\u00e9gorie des 55 kg en lutte f\u00e9minine aux Jeux olympiques de 2012 \u00e0 Londres, le 9 ao\u00fbt 2012. Verbeek concourra pour la m\u00e9daille d\u2019or contre Saori Yoshida du Japon.<br \/>\nPhoto du COC : Jason Ransom<\/p>\n<p><strong>Photo 4 : <a href=\"http:\/\/develop.olympic.ca\/wp-content\/uploads\/sites\/2\/2012\/08\/jr462.jpg\" target=\"_blank\">http:\/\/develop.olympic.ca\/wp-content\/uploads\/sites\/2\/2012\/08\/jr462.jpg<\/a><\/strong><br \/>\nLa Canadienne Tonya Verbeek, en bleu, m\u00e8ne Jackeline Renteria, de la\u00a0 Colombie au tapis pour remporter le match de demi-finale\u00a0 dans la cat\u00e9gorie des 55 kg en lutte f\u00e9minine aux Jeux olympiques de 2012 \u00e0 Londres, le 9 ao\u00fbt 2012. Verbeek concourra pour la m\u00e9daille d\u2019or contre Saori Yoshida du Japon.<br \/>\nPhoto du COC : Jason Ransom<\/p>\n<p>&#8211; 30 \u2013<\/p>\n<p><strong>Bureau de presse du Comit\u00e9 olympique canadien :<\/strong><\/p>\n<p>Jane Almeida, agente des relations avec les m\u00e9dias, \u00c9quipe olympique canadienne 2012<br \/>\nT\u00e9l. : +44 7714000818<br \/>\nCourriel : jalmeida@olympic.ca<\/p>\n<p>Dimitri Soudas, chef de presse, \u00c9quipe olympique canadienne 2012<br \/>\nT\u00e9l. : 289-388-6419<br \/>\nCourriel : dsoudas@olympic.ca<\/p>\n","protected":false},"excerpt":{"rendered":"<p>Photo 1 : <a href=\"http:\/\/develop.olympic.ca\/wp-content\/uploads\/sites\/2\/2012\/08\/jr4602.jpg\">http:\/\/develop.olympic.ca\/wp-content\/uploads\/sites\/2\/2012\/08\/jr4602.jpg<\/a> La Canadienne Tonya Verbeek, en rouge, affronte Geeta Geeta de l\u2019Inde durant la comp\u00e9tition de lutte&#8230;<\/p>\n","protected":false},"featured_media":0,"template":"","format":"standard","tags":[],"type-of-press":[],"press-topic":[],"years":[],"class_list":["post-72418","press","type-press","status-publish","format-standard","hentry"],"acf":[],"yoast_head":"<!-- This site is optimized with the Yoast SEO plugin v27.3 - https:\/\/yoast.com\/product\/yoast-seo-wordpress\/ -->\n<title>Tonya Verbeek s\u2019est qualifi\u00e9e pour la finale de lutte libre chez les 55 kg - \u00c9quipe Canada | Site officiel de l&#039;\u00e9quipe olympique<\/title>\n<meta name=\"robots\" content=\"index, follow, max-snippet:-1, max-image-preview:large, max-video-preview:-1\" \/>\n<link rel=\"canonical\" href=\"https:\/\/develop.olympic.ca\/olympique\/presse\/tonya-verbeek-sest-qualifiee-pour-la-finale-de-lutte-libre-chez-les-55-kg\/\" \/>\n<meta property=\"og:locale\" content=\"fr_FR\" \/>\n<meta property=\"og:type\" content=\"article\" \/>\n<meta property=\"og:title\" content=\"Tonya Verbeek s\u2019est qualifi\u00e9e pour la finale de lutte libre chez les 55 kg - \u00c9quipe Canada | Site officiel de l&#039;\u00e9quipe olympique\" \/>\n<meta property=\"og:description\" content=\"Photo 1 : http:\/\/develop.olympic.ca\/wp-content\/uploads\/sites\/2\/2012\/08\/jr4602.jpg La Canadienne Tonya Verbeek, en rouge, affronte Geeta Geeta de l\u2019Inde durant la comp\u00e9tition de lutte...\" \/>\n<meta property=\"og:url\" content=\"https:\/\/develop.olympic.ca\/olympique\/presse\/tonya-verbeek-sest-qualifiee-pour-la-finale-de-lutte-libre-chez-les-55-kg\/\" \/>\n<meta property=\"og:site_name\" content=\"\u00c9quipe Canada | Site officiel de l&#039;\u00e9quipe olympique\" \/>\n<meta name=\"twitter:card\" content=\"summary_large_image\" \/>\n<meta name=\"twitter:label1\" content=\"Est. reading time\" \/>\n\t<meta name=\"twitter:data1\" content=\"2 minutes\" \/>\n\t<meta name=\"twitter:label2\" content=\"Written by\" \/>\n\t<meta name=\"twitter:data2\" content=\"Ben Stevenson\" \/>\n<script type=\"application\/ld+json\" class=\"yoast-schema-graph\">{\"@context\":\"https:\\\/\\\/schema.org\",\"@graph\":[{\"@type\":\"WebPage\",\"@id\":\"https:\\\/\\\/develop.olympic.ca\\\/olympique\\\/presse\\\/tonya-verbeek-sest-qualifiee-pour-la-finale-de-lutte-libre-chez-les-55-kg\\\/\",\"url\":\"https:\\\/\\\/develop.olympic.ca\\\/olympique\\\/presse\\\/tonya-verbeek-sest-qualifiee-pour-la-finale-de-lutte-libre-chez-les-55-kg\\\/\",\"name\":\"Tonya Verbeek s\u2019est qualifi\u00e9e pour la finale de lutte libre chez les 55 kg - \u00c9quipe Canada | Site officiel de l&#039;\u00e9quipe olympique\",\"isPartOf\":{\"@id\":\"https:\\\/\\\/develop.olympic.ca\\\/olympique\\\/#website\"},\"datePublished\":\"2012-08-09T19:49:07+00:00\",\"inLanguage\":\"fr-FR\",\"potentialAction\":[{\"@type\":\"ReadAction\",\"target\":[\"https:\\\/\\\/develop.olympic.ca\\\/olympique\\\/presse\\\/tonya-verbeek-sest-qualifiee-pour-la-finale-de-lutte-libre-chez-les-55-kg\\\/\"]}]},{\"@type\":\"WebSite\",\"@id\":\"https:\\\/\\\/develop.olympic.ca\\\/olympique\\\/#website\",\"url\":\"https:\\\/\\\/develop.olympic.ca\\\/olympique\\\/\",\"name\":\"\u00c9quipe Canada | Site officiel de l&#039;\u00e9quipe olympique\",\"description\":\"Votre source pour l\u2019\u00c9quipe olympique canadienne. Retrouvez les r\u00e9cits, vid\u00e9os et photos des athl\u00e8tes canadiens, sports olympiques, Jeux olympiques de 2020 et bien plus!\",\"potentialAction\":[{\"@type\":\"SearchAction\",\"target\":{\"@type\":\"EntryPoint\",\"urlTemplate\":\"https:\\\/\\\/develop.olympic.ca\\\/olympique\\\/?s={search_term_string}\"},\"query-input\":{\"@type\":\"PropertyValueSpecification\",\"valueRequired\":true,\"valueName\":\"search_term_string\"}}],\"inLanguage\":\"fr-FR\"}]}<\/script>\n<!-- \/ Yoast SEO plugin. -->","yoast_head_json":{"title":"Tonya Verbeek s\u2019est qualifi\u00e9e pour la finale de lutte libre chez les 55 kg - \u00c9quipe Canada | Site officiel de l&#039;\u00e9quipe olympique","robots":{"index":"index","follow":"follow","max-snippet":"max-snippet:-1","max-image-preview":"max-image-preview:large","max-video-preview":"max-video-preview:-1"},"canonical":"https:\/\/develop.olympic.ca\/olympique\/presse\/tonya-verbeek-sest-qualifiee-pour-la-finale-de-lutte-libre-chez-les-55-kg\/","og_locale":"fr_FR","og_type":"article","og_title":"Tonya Verbeek s\u2019est qualifi\u00e9e pour la finale de lutte libre chez les 55 kg - \u00c9quipe Canada | Site officiel de l&#039;\u00e9quipe olympique","og_description":"Photo 1 : http:\/\/develop.olympic.ca\/wp-content\/uploads\/sites\/2\/2012\/08\/jr4602.jpg La Canadienne Tonya Verbeek, en rouge, affronte Geeta Geeta de l\u2019Inde durant la comp\u00e9tition de lutte...","og_url":"https:\/\/develop.olympic.ca\/olympique\/presse\/tonya-verbeek-sest-qualifiee-pour-la-finale-de-lutte-libre-chez-les-55-kg\/","og_site_name":"\u00c9quipe Canada | Site officiel de l&#039;\u00e9quipe olympique","twitter_card":"summary_large_image","twitter_misc":{"Est. reading time":"2 minutes","Written by":"Ben Stevenson"},"schema":{"@context":"https:\/\/schema.org","@graph":[{"@type":"WebPage","@id":"https:\/\/develop.olympic.ca\/olympique\/presse\/tonya-verbeek-sest-qualifiee-pour-la-finale-de-lutte-libre-chez-les-55-kg\/","url":"https:\/\/develop.olympic.ca\/olympique\/presse\/tonya-verbeek-sest-qualifiee-pour-la-finale-de-lutte-libre-chez-les-55-kg\/","name":"Tonya Verbeek s\u2019est qualifi\u00e9e pour la finale de lutte libre chez les 55 kg - \u00c9quipe Canada | Site officiel de l&#039;\u00e9quipe olympique","isPartOf":{"@id":"https:\/\/develop.olympic.ca\/olympique\/#website"},"datePublished":"2012-08-09T19:49:07+00:00","inLanguage":"fr-FR","potentialAction":[{"@type":"ReadAction","target":["https:\/\/develop.olympic.ca\/olympique\/presse\/tonya-verbeek-sest-qualifiee-pour-la-finale-de-lutte-libre-chez-les-55-kg\/"]}]},{"@type":"WebSite","@id":"https:\/\/develop.olympic.ca\/olympique\/#website","url":"https:\/\/develop.olympic.ca\/olympique\/","name":"\u00c9quipe Canada | Site officiel de l&#039;\u00e9quipe olympique","description":"Votre source pour l\u2019\u00c9quipe olympique canadienne. Retrouvez les r\u00e9cits, vid\u00e9os et photos des athl\u00e8tes canadiens, sports olympiques, Jeux olympiques de 2020 et bien plus!","potentialAction":[{"@type":"SearchAction","target":{"@type":"EntryPoint","urlTemplate":"https:\/\/develop.olympic.ca\/olympique\/?s={search_term_string}"},"query-input":{"@type":"PropertyValueSpecification","valueRequired":true,"valueName":"search_term_string"}}],"inLanguage":"fr-FR"}]}},"jetpack_sharing_enabled":true,"_links":{"self":[{"href":"https:\/\/develop.olympic.ca\/olympique\/wp-json\/wp\/v2\/press\/72418","targetHints":{"allow":["GET"]}}],"collection":[{"href":"https:\/\/develop.olympic.ca\/olympique\/wp-json\/wp\/v2\/press"}],"about":[{"href":"https:\/\/develop.olympic.ca\/olympique\/wp-json\/wp\/v2\/types\/press"}],"version-history":[{"count":0,"href":"https:\/\/develop.olympic.ca\/olympique\/wp-json\/wp\/v2\/press\/72418\/revisions"}],"wp:attachment":[{"href":"https:\/\/develop.olympic.ca\/olympique\/wp-json\/wp\/v2\/media?parent=72418"}],"wp:term":[{"taxonomy":"post_tag","embeddable":true,"href":"https:\/\/develop.olympic.ca\/olympique\/wp-json\/wp\/v2\/tags?post=72418"},{"taxonomy":"type-of-press","embeddable":true,"href":"https:\/\/develop.olympic.ca\/olympique\/wp-json\/wp\/v2\/type-of-press?post=72418"},{"taxonomy":"press-topic","embeddable":true,"href":"https:\/\/develop.olympic.ca\/olympique\/wp-json\/wp\/v2\/press-topic?post=72418"},{"taxonomy":"years","embeddable":true,"href":"https:\/\/develop.olympic.ca\/olympique\/wp-json\/wp\/v2\/years?post=72418"}],"curies":[{"name":"wp","href":"https:\/\/api.w.org\/{rel}","templated":true}]}}