{"id":72422,"date":"2012-08-08T11:38:42","date_gmt":"2012-08-08T15:38:42","guid":{"rendered":"http:\/\/develop.olympic.ca\/?p=40610"},"modified":"2012-08-08T11:38:42","modified_gmt":"2012-08-08T15:38:42","slug":"mark-oldershaw-remporte-la-deuxieme-medaille-du-canada-en-canoe-kayak","status":"publish","type":"press","link":"https:\/\/develop.olympic.ca\/olympique\/presse\/mark-oldershaw-remporte-la-deuxieme-medaille-du-canada-en-canoe-kayak\/","title":{"rendered":"Mark Oldershaw remporte la deuxi\u00e8me m\u00e9daille du Canada en cano\u00eb-kayak"},"content":{"rendered":"<p><strong>Photo 1 :\u00a0 <a href=\"http:\/\/develop.olympic.ca\/wp-content\/uploads\/sites\/2\/2012\/08\/jr413.jpg\" target=\"_blank\">http:\/\/develop.olympic.ca\/wp-content\/uploads\/sites\/2\/2012\/08\/jr413.jpg<\/a><\/strong><br \/>\nMark Oldershaw r\u00e9agit \u00e0 sa m\u00e9daille de bronze \u00e0 l\u2019issue de la finale de l\u2019\u00e9preuve de cano\u00eb sur 1000 m aux Jeux olympiques de 2012 \u00e0 Londres, le 8 ao\u00fbt\u00a0 2012.<br \/>\nPhoto du COC : Jason Ransom<\/p>\n<p><strong>Photo 2\u00a0 :\u00a0 <a href=\"http:\/\/develop.olympic.ca\/wp-content\/uploads\/sites\/2\/2012\/08\/jr414.jpg\" target=\"_blank\">http:\/\/develop.olympic.ca\/wp-content\/uploads\/sites\/2\/2012\/08\/jr414.jpg<\/a><\/strong><br \/>\nMark Oldershaw r\u00e9agit \u00e0 sa m\u00e9daille de bronze \u00e0 l\u2019issue de la finale de l\u2019\u00e9preuve de cano\u00eb sur 1000 m aux Jeux olympiques de 2012 \u00e0 Londres, le 8 ao\u00fbt\u00a0 2012.<br \/>\nPhoto du COC : Jason Ransom<\/p>\n<p><strong>Photo 3 :\u00a0 <a href=\"http:\/\/develop.olympic.ca\/wp-content\/uploads\/sites\/2\/2012\/08\/jr417.jpg\" target=\"_blank\">http:\/\/develop.olympic.ca\/wp-content\/uploads\/sites\/2\/2012\/08\/jr417.jpg<\/a><\/strong><br \/>\nMark Oldershaw r\u00e9agit \u00e0 sa m\u00e9daille de bronze \u00e0 l\u2019issue de la finale de l\u2019\u00e9preuve de cano\u00eb sur 1000 m aux Jeux olympiques de 2012 \u00e0 Londres, le 8 ao\u00fbt\u00a0 2012.<br \/>\nPhoto du COC : Jason Ransom<\/p>\n<p><strong>Photo 4 :\u00a0 <a href=\"http:\/\/develop.olympic.ca\/wp-content\/uploads\/sites\/2\/2012\/08\/jr418.jpg\" target=\"_blank\">http:\/\/develop.olympic.ca\/wp-content\/uploads\/sites\/2\/2012\/08\/jr418.jpg<\/a><\/strong><br \/>\nL\u2019Allemand Sebastian Brendel, m\u00e9daill\u00e9 d\u2019or, \u00e0 droite, f\u00e9licite le Canadien Mark Oldershaw pour sa m\u00e9daille de bronze \u00e0 l\u2019issue de la finale de l\u2019\u00e9preuve de cano\u00eb sur 1000 m aux Jeux olympiques de 2012 \u00e0 Londres, le 8 ao\u00fbt\u00a0 2012.<br \/>\nPhoto du COC : Jason Ransom<\/p>\n<p><strong>Photo 5 : <a href=\"http:\/\/develop.olympic.ca\/wp-content\/uploads\/sites\/2\/2012\/08\/jr421.jpg\" target=\"_blank\">http:\/\/develop.olympic.ca\/wp-content\/uploads\/sites\/2\/2012\/08\/jr421.jpg<\/a><\/strong><br \/>\nMark Oldershaw embrasse sa m\u00e9daille de bronze durant la c\u00e9r\u00e9monie de remise de m\u00e9dailles qui a eu lieu apr\u00e8s la finale de l\u2019\u00e9preuve de cano\u00eb sur 1000 m aux Jeux olympiques de 2012 \u00e0 Londres, le 8 ao\u00fbt\u00a0 2012.<br \/>\nPhoto du COC : Jason Ransom<\/p>\n<p><strong>Photo 6 :\u00a0 <a href=\"http:\/\/develop.olympic.ca\/wp-content\/uploads\/sites\/2\/2012\/08\/jr434.jpg\" target=\"_blank\">http:\/\/develop.olympic.ca\/wp-content\/uploads\/sites\/2\/2012\/08\/jr434.jpg<\/a><\/strong><br \/>\nLe Canadien Mark Oldershaw, en route vers le centre des m\u00e9dias \u00e0 bord d\u2019un chariot de golf montre sa m\u00e9daille de bronze remport\u00e9e la finale de l\u2019\u00e9preuve de cano\u00eb sur 1000 m aux Jeux olympiques de 2012 \u00e0 Londres, le 8 ao\u00fbt\u00a0 2012.<br \/>\nPhoto du COC : Jason Ransom<\/p>\n<p>&#8211; 30 &#8211;<\/p>\n<p><strong>Bureau de presse du Comit\u00e9 olympique canadien :<\/strong><\/p>\n<p>Lorraine Lafreni\u00e8re, attach\u00e9e de presse, cano\u00eb-kayak<br \/>\nT\u00e9l. : +44 7880060146<br \/>\nCourriel : llafreniere@olympic.ca<\/p>\n<p>Jane Almeida, agente des relations avec les m\u00e9dias<br \/>\nCell. : +44 771 400 0818<br \/>\nCourriel : jalmeida@olympic.ca<\/p>\n<p>Dimitri Soudas, chef de presse, \u00c9quipe olympique canadienne 2012<br \/>\nCell. : 289-388-6419<br \/>\nCourriel : dsoudas@olympic.ca<\/p>\n","protected":false},"excerpt":{"rendered":"<p>Photo 1 :\u00a0 <a href=\"http:\/\/develop.olympic.ca\/wp-content\/uploads\/sites\/2\/2012\/08\/jr413.jpg\">http:\/\/develop.olympic.ca\/wp-content\/uploads\/sites\/2\/2012\/08\/jr413.jpg<\/a> Mark Oldershaw r\u00e9agit \u00e0 sa m\u00e9daille de bronze \u00e0 l\u2019issue de la finale de l\u2019\u00e9preuve de&#8230;<\/p>\n","protected":false},"featured_media":0,"template":"","format":"standard","tags":[],"type-of-press":[],"press-topic":[],"years":[],"class_list":["post-72422","press","type-press","status-publish","format-standard","hentry"],"acf":[],"yoast_head":"<!-- This site is optimized with the Yoast SEO plugin v27.3 - https:\/\/yoast.com\/product\/yoast-seo-wordpress\/ -->\n<title>Mark Oldershaw remporte la deuxi\u00e8me m\u00e9daille du Canada en cano\u00eb-kayak - \u00c9quipe Canada | Site officiel de l&#039;\u00e9quipe olympique<\/title>\n<meta name=\"robots\" content=\"index, follow, max-snippet:-1, max-image-preview:large, max-video-preview:-1\" \/>\n<link rel=\"canonical\" href=\"https:\/\/develop.olympic.ca\/olympique\/presse\/mark-oldershaw-remporte-la-deuxieme-medaille-du-canada-en-canoe-kayak\/\" \/>\n<meta property=\"og:locale\" content=\"fr_FR\" \/>\n<meta property=\"og:type\" content=\"article\" \/>\n<meta property=\"og:title\" content=\"Mark Oldershaw remporte la deuxi\u00e8me m\u00e9daille du Canada en cano\u00eb-kayak - \u00c9quipe Canada | Site officiel de l&#039;\u00e9quipe olympique\" \/>\n<meta property=\"og:description\" content=\"Photo 1 :\u00a0 http:\/\/develop.olympic.ca\/wp-content\/uploads\/sites\/2\/2012\/08\/jr413.jpg Mark Oldershaw r\u00e9agit \u00e0 sa m\u00e9daille de bronze \u00e0 l\u2019issue de la finale de l\u2019\u00e9preuve de...\" \/>\n<meta property=\"og:url\" content=\"https:\/\/develop.olympic.ca\/olympique\/presse\/mark-oldershaw-remporte-la-deuxieme-medaille-du-canada-en-canoe-kayak\/\" \/>\n<meta property=\"og:site_name\" content=\"\u00c9quipe Canada | Site officiel de l&#039;\u00e9quipe olympique\" \/>\n<meta name=\"twitter:card\" content=\"summary_large_image\" \/>\n<meta name=\"twitter:label1\" content=\"Est. reading time\" \/>\n\t<meta name=\"twitter:data1\" content=\"2 minutes\" \/>\n\t<meta name=\"twitter:label2\" content=\"Written by\" \/>\n\t<meta name=\"twitter:data2\" content=\"Ben Stevenson\" \/>\n<script type=\"application\/ld+json\" class=\"yoast-schema-graph\">{\"@context\":\"https:\\\/\\\/schema.org\",\"@graph\":[{\"@type\":\"WebPage\",\"@id\":\"https:\\\/\\\/develop.olympic.ca\\\/olympique\\\/presse\\\/mark-oldershaw-remporte-la-deuxieme-medaille-du-canada-en-canoe-kayak\\\/\",\"url\":\"https:\\\/\\\/develop.olympic.ca\\\/olympique\\\/presse\\\/mark-oldershaw-remporte-la-deuxieme-medaille-du-canada-en-canoe-kayak\\\/\",\"name\":\"Mark Oldershaw remporte la deuxi\u00e8me m\u00e9daille du Canada en cano\u00eb-kayak - \u00c9quipe Canada | Site officiel de l&#039;\u00e9quipe olympique\",\"isPartOf\":{\"@id\":\"https:\\\/\\\/develop.olympic.ca\\\/olympique\\\/#website\"},\"datePublished\":\"2012-08-08T15:38:42+00:00\",\"inLanguage\":\"fr-FR\",\"potentialAction\":[{\"@type\":\"ReadAction\",\"target\":[\"https:\\\/\\\/develop.olympic.ca\\\/olympique\\\/presse\\\/mark-oldershaw-remporte-la-deuxieme-medaille-du-canada-en-canoe-kayak\\\/\"]}]},{\"@type\":\"WebSite\",\"@id\":\"https:\\\/\\\/develop.olympic.ca\\\/olympique\\\/#website\",\"url\":\"https:\\\/\\\/develop.olympic.ca\\\/olympique\\\/\",\"name\":\"\u00c9quipe Canada | Site officiel de l&#039;\u00e9quipe olympique\",\"description\":\"Votre source pour l\u2019\u00c9quipe olympique canadienne. Retrouvez les r\u00e9cits, vid\u00e9os et photos des athl\u00e8tes canadiens, sports olympiques, Jeux olympiques de 2020 et bien plus!\",\"potentialAction\":[{\"@type\":\"SearchAction\",\"target\":{\"@type\":\"EntryPoint\",\"urlTemplate\":\"https:\\\/\\\/develop.olympic.ca\\\/olympique\\\/?s={search_term_string}\"},\"query-input\":{\"@type\":\"PropertyValueSpecification\",\"valueRequired\":true,\"valueName\":\"search_term_string\"}}],\"inLanguage\":\"fr-FR\"}]}<\/script>\n<!-- \/ Yoast SEO plugin. -->","yoast_head_json":{"title":"Mark Oldershaw remporte la deuxi\u00e8me m\u00e9daille du Canada en cano\u00eb-kayak - \u00c9quipe Canada | Site officiel de l&#039;\u00e9quipe olympique","robots":{"index":"index","follow":"follow","max-snippet":"max-snippet:-1","max-image-preview":"max-image-preview:large","max-video-preview":"max-video-preview:-1"},"canonical":"https:\/\/develop.olympic.ca\/olympique\/presse\/mark-oldershaw-remporte-la-deuxieme-medaille-du-canada-en-canoe-kayak\/","og_locale":"fr_FR","og_type":"article","og_title":"Mark Oldershaw remporte la deuxi\u00e8me m\u00e9daille du Canada en cano\u00eb-kayak - \u00c9quipe Canada | Site officiel de l&#039;\u00e9quipe olympique","og_description":"Photo 1 :\u00a0 http:\/\/develop.olympic.ca\/wp-content\/uploads\/sites\/2\/2012\/08\/jr413.jpg Mark Oldershaw r\u00e9agit \u00e0 sa m\u00e9daille de bronze \u00e0 l\u2019issue de la finale de l\u2019\u00e9preuve de...","og_url":"https:\/\/develop.olympic.ca\/olympique\/presse\/mark-oldershaw-remporte-la-deuxieme-medaille-du-canada-en-canoe-kayak\/","og_site_name":"\u00c9quipe Canada | Site officiel de l&#039;\u00e9quipe olympique","twitter_card":"summary_large_image","twitter_misc":{"Est. reading time":"2 minutes","Written by":"Ben Stevenson"},"schema":{"@context":"https:\/\/schema.org","@graph":[{"@type":"WebPage","@id":"https:\/\/develop.olympic.ca\/olympique\/presse\/mark-oldershaw-remporte-la-deuxieme-medaille-du-canada-en-canoe-kayak\/","url":"https:\/\/develop.olympic.ca\/olympique\/presse\/mark-oldershaw-remporte-la-deuxieme-medaille-du-canada-en-canoe-kayak\/","name":"Mark Oldershaw remporte la deuxi\u00e8me m\u00e9daille du Canada en cano\u00eb-kayak - \u00c9quipe Canada | Site officiel de l&#039;\u00e9quipe olympique","isPartOf":{"@id":"https:\/\/develop.olympic.ca\/olympique\/#website"},"datePublished":"2012-08-08T15:38:42+00:00","inLanguage":"fr-FR","potentialAction":[{"@type":"ReadAction","target":["https:\/\/develop.olympic.ca\/olympique\/presse\/mark-oldershaw-remporte-la-deuxieme-medaille-du-canada-en-canoe-kayak\/"]}]},{"@type":"WebSite","@id":"https:\/\/develop.olympic.ca\/olympique\/#website","url":"https:\/\/develop.olympic.ca\/olympique\/","name":"\u00c9quipe Canada | Site officiel de l&#039;\u00e9quipe olympique","description":"Votre source pour l\u2019\u00c9quipe olympique canadienne. Retrouvez les r\u00e9cits, vid\u00e9os et photos des athl\u00e8tes canadiens, sports olympiques, Jeux olympiques de 2020 et bien plus!","potentialAction":[{"@type":"SearchAction","target":{"@type":"EntryPoint","urlTemplate":"https:\/\/develop.olympic.ca\/olympique\/?s={search_term_string}"},"query-input":{"@type":"PropertyValueSpecification","valueRequired":true,"valueName":"search_term_string"}}],"inLanguage":"fr-FR"}]}},"jetpack_sharing_enabled":true,"_links":{"self":[{"href":"https:\/\/develop.olympic.ca\/olympique\/wp-json\/wp\/v2\/press\/72422","targetHints":{"allow":["GET"]}}],"collection":[{"href":"https:\/\/develop.olympic.ca\/olympique\/wp-json\/wp\/v2\/press"}],"about":[{"href":"https:\/\/develop.olympic.ca\/olympique\/wp-json\/wp\/v2\/types\/press"}],"version-history":[{"count":0,"href":"https:\/\/develop.olympic.ca\/olympique\/wp-json\/wp\/v2\/press\/72422\/revisions"}],"wp:attachment":[{"href":"https:\/\/develop.olympic.ca\/olympique\/wp-json\/wp\/v2\/media?parent=72422"}],"wp:term":[{"taxonomy":"post_tag","embeddable":true,"href":"https:\/\/develop.olympic.ca\/olympique\/wp-json\/wp\/v2\/tags?post=72422"},{"taxonomy":"type-of-press","embeddable":true,"href":"https:\/\/develop.olympic.ca\/olympique\/wp-json\/wp\/v2\/type-of-press?post=72422"},{"taxonomy":"press-topic","embeddable":true,"href":"https:\/\/develop.olympic.ca\/olympique\/wp-json\/wp\/v2\/press-topic?post=72422"},{"taxonomy":"years","embeddable":true,"href":"https:\/\/develop.olympic.ca\/olympique\/wp-json\/wp\/v2\/years?post=72422"}],"curies":[{"name":"wp","href":"https:\/\/api.w.org\/{rel}","templated":true}]}}