{"id":72426,"date":"2012-08-07T20:29:23","date_gmt":"2012-08-08T00:29:23","guid":{"rendered":"http:\/\/develop.olympic.ca\/?p=40507"},"modified":"2012-08-07T20:29:23","modified_gmt":"2012-08-08T00:29:23","slug":"la-cycliste-tara-whitten-prend-part-a-lomnium-feminin","status":"publish","type":"press","link":"https:\/\/develop.olympic.ca\/olympique\/presse\/la-cycliste-tara-whitten-prend-part-a-lomnium-feminin\/","title":{"rendered":"La cycliste Tara Whitten prend part \u00e0 l\u2019omnium f\u00e9minin"},"content":{"rendered":"<p><strong>Photo\u00a01\u00a0: <\/strong><a href=\"http:\/\/develop.olympic.ca\/wp-content\/uploads\/sites\/2\/2012\/08\/03081145.jpg\" target=\"_blank\"><span style=\"text-decoration:underline;\">http:\/\/develop.olympic.ca\/wp-content\/uploads\/sites\/2\/2012\/08\/03081145.jpg<\/span><\/a><br \/>\nTara Whitten d\u2019Edmonton pendant la course scratch de 10\u00a0km de l\u2019omnium f\u00e9minin de cyclisme lors des Jeux olympiques de 2012 \u00e0 Londres le mardi 7 ao\u00fbt 2012. Whitten a termin\u00e9 au 4<sup>e<\/sup> rang du classement g\u00e9n\u00e9ral.<br \/>\nPhoto du COC\u00a0: Mike Ridewood<\/p>\n<p><strong>Photo\u00a02\u00a0: <\/strong><a href=\"http:\/\/develop.olympic.ca\/wp-content\/uploads\/sites\/2\/2012\/08\/03081146.jpg\" target=\"_blank\"><span style=\"text-decoration:underline;\">http:\/\/develop.olympic.ca\/wp-content\/uploads\/sites\/2\/2012\/08\/03081146.jpg<\/span><\/a><br \/>\nUn officiel d\u2019\u00e9quipe serre Tara Whitten d\u2019Edmonton dans ses bras apr\u00e8s qu\u2019elle ait obtenu le 4<sup>e<\/sup> rang \u00e0 l\u2019omnium f\u00e9minin de cyclisme lors des Jeux olympiques de 2012 \u00e0 Londres le mardi 7 ao\u00fbt 2012.<br \/>\nPhoto du COC\u00a0: Mike Ridewood<\/p>\n<p><strong>Photo\u00a03\u00a0: <\/strong><a href=\"http:\/\/develop.olympic.ca\/wp-content\/uploads\/sites\/2\/2012\/08\/03081147.jpg\" target=\"_blank\"><span style=\"text-decoration:underline;\">http:\/\/develop.olympic.ca\/wp-content\/uploads\/sites\/2\/2012\/08\/03081147.jpg<\/span><\/a><br \/>\nTara Whitten d\u2019Edmonton pendant l\u2019\u00e9preuve du 500\u00a0m contre-la-montre de l\u2019omnium f\u00e9minin de cyclisme lors des Jeux olympiques de 2012 \u00e0 Londres le mardi 7 ao\u00fbt 2012. Whitten a termin\u00e9 au 4e rang du classement g\u00e9n\u00e9ral.<br \/>\nPhoto du COC\u00a0: Mike Ridewood<\/p>\n<p><strong>Photo\u00a04\u00a0: <\/strong><span style=\"text-decoration:underline;\"><a href=\"http:\/\/develop.olympic.ca\/wp-content\/uploads\/sites\/2\/2012\/08\/03081148.jpg\" target=\"_blank\">http:\/\/develop.olympic.ca\/wp-content\/uploads\/sites\/2\/2012\/08\/03081148.jpg<\/a><\/span><br \/>\nTara Whitten d\u2019Edmonton pendant l\u2019omnium f\u00e9minin de cyclisme lors des Jeux olympiques de 2012 \u00e0 Londres le mardi 7 ao\u00fbt 2012. Whitten a termin\u00e9 au 4<sup>e<\/sup> rang du classement g\u00e9n\u00e9ral.<br \/>\nPhoto du COC\u00a0: Mike Ridewood<\/p>\n<p><strong>Photo\u00a05\u00a0: <\/strong><a href=\"http:\/\/develop.olympic.ca\/wp-content\/uploads\/sites\/2\/2012\/08\/03081141.jpg\" target=\"_blank\"><span style=\"text-decoration:underline;\">http:\/\/develop.olympic.ca\/wp-content\/uploads\/sites\/2\/2012\/08\/03081141.jpg<\/span><\/a><br \/>\nTara Whitten d\u2019Edmonton \u00e0 la course scratch de 10\u00a0km de l\u2019omnium f\u00e9minin de cyclisme lors des Jeux olympiques de 2012 \u00e0 Londres le mardi 7 ao\u00fbt 2012. Whitten a termin\u00e9 au 4<sup>e<\/sup> rang du classement g\u00e9n\u00e9ral.<br \/>\nPhoto du COC\u00a0: Mike Ridewood<\/p>\n<p><strong>Photo\u00a06\u00a0: <\/strong><a href=\"http:\/\/develop.olympic.ca\/wp-content\/uploads\/sites\/2\/2012\/08\/03081142.jpg\" target=\"_blank\"><span style=\"text-decoration:underline;\">http:\/\/develop.olympic.ca\/wp-content\/uploads\/sites\/2\/2012\/08\/03081142.jpg<\/span><\/a><br \/>\nTara Whitten d\u2019Edmonton \u00e0 la course scratch de 10\u00a0km de l\u2019omnium f\u00e9minin de cyclisme lors des Jeux olympiques de 2012 \u00e0 Londres le mardi 7 ao\u00fbt 2012. Whitten a termin\u00e9 au 4<sup>e<\/sup> rang du classement g\u00e9n\u00e9ral.<br \/>\nPhoto du COC\u00a0: Mike Ridewood<\/p>\n<p><strong>Photo\u00a07\u00a0: <\/strong><a href=\"http:\/\/develop.olympic.ca\/wp-content\/uploads\/sites\/2\/2012\/08\/03081144.jpg\">http:\/\/develop.olympic.ca\/wp-content\/uploads\/sites\/2\/2012\/08\/03081144.jpg<\/a><br \/>\nTara Whitten d\u2019Edmonton \u00e0 la course scratch de 10\u00a0km lors l\u2019omnium f\u00e9minin de cyclisme lors des Jeux olympiques de 2012 \u00e0 Londres le mardi 7 ao\u00fbt 2012. Whitten a termin\u00e9 au 4<sup>e<\/sup> rang du classement g\u00e9n\u00e9ral.<br \/>\nPhoto du COC\u00a0: Mike Ridewood<\/p>\n<div style=\"text-align:center;\">&#8211; 30 &#8211;<\/div>\n<p><strong>Bureau de presse du Comit\u00e9 olympique canadien<\/strong>\u00a0:<\/p>\n<p>Mathieu Gent\u00e8s, attach\u00e9 de presse, athl\u00e9tisme<br \/>\nCell\u00a0: +44 7714000807<br \/>\nCourriel\u00a0: <a href=\"mailto:mgentes@olympic.ca\">mgentes@olympic.ca<\/a><\/p>\n<p>Jane Almeida, agente des relations avec les m\u00e9dias, \u00c9quipe olympique canadienne 2012<br \/>\nT\u00e9l. : +44 7714000818<br \/>\nCourriel : <a href=\"mailto:jalmeida@olympic.ca\">jalmeida@olympic.ca<\/a><\/p>\n<p>Dimitri Soudas, chef de presse, \u00c9quipe olympique canadienne des Jeux de 2012<br \/>\nCell.\u00a0: 289-388-6419<br \/>\nCourriel\u00a0: <a href=\"mailto:dsoudas@olympic.ca\">dsoudas@olympic.ca<\/a><\/p>\n","protected":false},"excerpt":{"rendered":"<p>Photo\u00a01\u00a0: <a href=\"http:\/\/develop.olympic.ca\/wp-content\/uploads\/sites\/2\/2012\/08\/03081145.jpg\">http:\/\/develop.olympic.ca\/wp-content\/uploads\/sites\/2\/2012\/08\/03081145.jpg<\/a> Tara Whitten d\u2019Edmonton pendant la course scratch de 10\u00a0km de l\u2019omnium f\u00e9minin de cyclisme lors des Jeux olympiques&#8230;<\/p>\n","protected":false},"featured_media":0,"template":"","format":"standard","tags":[],"type-of-press":[],"press-topic":[],"years":[],"class_list":["post-72426","press","type-press","status-publish","format-standard","hentry"],"acf":[],"yoast_head":"<!-- This site is optimized with the Yoast SEO plugin v27.3 - https:\/\/yoast.com\/product\/yoast-seo-wordpress\/ -->\n<title>La cycliste Tara Whitten prend part \u00e0 l\u2019omnium f\u00e9minin - \u00c9quipe Canada | Site officiel de l&#039;\u00e9quipe olympique<\/title>\n<meta name=\"robots\" content=\"index, follow, max-snippet:-1, max-image-preview:large, max-video-preview:-1\" \/>\n<link rel=\"canonical\" href=\"https:\/\/develop.olympic.ca\/olympique\/presse\/la-cycliste-tara-whitten-prend-part-a-lomnium-feminin\/\" \/>\n<meta property=\"og:locale\" content=\"fr_FR\" \/>\n<meta property=\"og:type\" content=\"article\" \/>\n<meta property=\"og:title\" content=\"La cycliste Tara Whitten prend part \u00e0 l\u2019omnium f\u00e9minin - \u00c9quipe Canada | Site officiel de l&#039;\u00e9quipe olympique\" \/>\n<meta property=\"og:description\" content=\"Photo\u00a01\u00a0: http:\/\/develop.olympic.ca\/wp-content\/uploads\/sites\/2\/2012\/08\/03081145.jpg Tara Whitten d\u2019Edmonton pendant la course scratch de 10\u00a0km de l\u2019omnium f\u00e9minin de cyclisme lors des Jeux olympiques...\" \/>\n<meta property=\"og:url\" content=\"https:\/\/develop.olympic.ca\/olympique\/presse\/la-cycliste-tara-whitten-prend-part-a-lomnium-feminin\/\" \/>\n<meta property=\"og:site_name\" content=\"\u00c9quipe Canada | Site officiel de l&#039;\u00e9quipe olympique\" \/>\n<meta name=\"twitter:card\" content=\"summary_large_image\" \/>\n<meta name=\"twitter:label1\" content=\"Est. reading time\" \/>\n\t<meta name=\"twitter:data1\" content=\"2 minutes\" \/>\n\t<meta name=\"twitter:label2\" content=\"Written by\" \/>\n\t<meta name=\"twitter:data2\" content=\"Ben Stevenson\" \/>\n<script type=\"application\/ld+json\" class=\"yoast-schema-graph\">{\"@context\":\"https:\\\/\\\/schema.org\",\"@graph\":[{\"@type\":\"WebPage\",\"@id\":\"https:\\\/\\\/develop.olympic.ca\\\/olympique\\\/presse\\\/la-cycliste-tara-whitten-prend-part-a-lomnium-feminin\\\/\",\"url\":\"https:\\\/\\\/develop.olympic.ca\\\/olympique\\\/presse\\\/la-cycliste-tara-whitten-prend-part-a-lomnium-feminin\\\/\",\"name\":\"La cycliste Tara Whitten prend part \u00e0 l\u2019omnium f\u00e9minin - \u00c9quipe Canada | Site officiel de l&#039;\u00e9quipe olympique\",\"isPartOf\":{\"@id\":\"https:\\\/\\\/develop.olympic.ca\\\/olympique\\\/#website\"},\"datePublished\":\"2012-08-08T00:29:23+00:00\",\"inLanguage\":\"fr-FR\",\"potentialAction\":[{\"@type\":\"ReadAction\",\"target\":[\"https:\\\/\\\/develop.olympic.ca\\\/olympique\\\/presse\\\/la-cycliste-tara-whitten-prend-part-a-lomnium-feminin\\\/\"]}]},{\"@type\":\"WebSite\",\"@id\":\"https:\\\/\\\/develop.olympic.ca\\\/olympique\\\/#website\",\"url\":\"https:\\\/\\\/develop.olympic.ca\\\/olympique\\\/\",\"name\":\"\u00c9quipe Canada | Site officiel de l&#039;\u00e9quipe olympique\",\"description\":\"Votre source pour l\u2019\u00c9quipe olympique canadienne. Retrouvez les r\u00e9cits, vid\u00e9os et photos des athl\u00e8tes canadiens, sports olympiques, Jeux olympiques de 2020 et bien plus!\",\"potentialAction\":[{\"@type\":\"SearchAction\",\"target\":{\"@type\":\"EntryPoint\",\"urlTemplate\":\"https:\\\/\\\/develop.olympic.ca\\\/olympique\\\/?s={search_term_string}\"},\"query-input\":{\"@type\":\"PropertyValueSpecification\",\"valueRequired\":true,\"valueName\":\"search_term_string\"}}],\"inLanguage\":\"fr-FR\"}]}<\/script>\n<!-- \/ Yoast SEO plugin. -->","yoast_head_json":{"title":"La cycliste Tara Whitten prend part \u00e0 l\u2019omnium f\u00e9minin - \u00c9quipe Canada | Site officiel de l&#039;\u00e9quipe olympique","robots":{"index":"index","follow":"follow","max-snippet":"max-snippet:-1","max-image-preview":"max-image-preview:large","max-video-preview":"max-video-preview:-1"},"canonical":"https:\/\/develop.olympic.ca\/olympique\/presse\/la-cycliste-tara-whitten-prend-part-a-lomnium-feminin\/","og_locale":"fr_FR","og_type":"article","og_title":"La cycliste Tara Whitten prend part \u00e0 l\u2019omnium f\u00e9minin - \u00c9quipe Canada | Site officiel de l&#039;\u00e9quipe olympique","og_description":"Photo\u00a01\u00a0: http:\/\/develop.olympic.ca\/wp-content\/uploads\/sites\/2\/2012\/08\/03081145.jpg Tara Whitten d\u2019Edmonton pendant la course scratch de 10\u00a0km de l\u2019omnium f\u00e9minin de cyclisme lors des Jeux olympiques...","og_url":"https:\/\/develop.olympic.ca\/olympique\/presse\/la-cycliste-tara-whitten-prend-part-a-lomnium-feminin\/","og_site_name":"\u00c9quipe Canada | Site officiel de l&#039;\u00e9quipe olympique","twitter_card":"summary_large_image","twitter_misc":{"Est. reading time":"2 minutes","Written by":"Ben Stevenson"},"schema":{"@context":"https:\/\/schema.org","@graph":[{"@type":"WebPage","@id":"https:\/\/develop.olympic.ca\/olympique\/presse\/la-cycliste-tara-whitten-prend-part-a-lomnium-feminin\/","url":"https:\/\/develop.olympic.ca\/olympique\/presse\/la-cycliste-tara-whitten-prend-part-a-lomnium-feminin\/","name":"La cycliste Tara Whitten prend part \u00e0 l\u2019omnium f\u00e9minin - \u00c9quipe Canada | Site officiel de l&#039;\u00e9quipe olympique","isPartOf":{"@id":"https:\/\/develop.olympic.ca\/olympique\/#website"},"datePublished":"2012-08-08T00:29:23+00:00","inLanguage":"fr-FR","potentialAction":[{"@type":"ReadAction","target":["https:\/\/develop.olympic.ca\/olympique\/presse\/la-cycliste-tara-whitten-prend-part-a-lomnium-feminin\/"]}]},{"@type":"WebSite","@id":"https:\/\/develop.olympic.ca\/olympique\/#website","url":"https:\/\/develop.olympic.ca\/olympique\/","name":"\u00c9quipe Canada | Site officiel de l&#039;\u00e9quipe olympique","description":"Votre source pour l\u2019\u00c9quipe olympique canadienne. Retrouvez les r\u00e9cits, vid\u00e9os et photos des athl\u00e8tes canadiens, sports olympiques, Jeux olympiques de 2020 et bien plus!","potentialAction":[{"@type":"SearchAction","target":{"@type":"EntryPoint","urlTemplate":"https:\/\/develop.olympic.ca\/olympique\/?s={search_term_string}"},"query-input":{"@type":"PropertyValueSpecification","valueRequired":true,"valueName":"search_term_string"}}],"inLanguage":"fr-FR"}]}},"jetpack_sharing_enabled":true,"_links":{"self":[{"href":"https:\/\/develop.olympic.ca\/olympique\/wp-json\/wp\/v2\/press\/72426","targetHints":{"allow":["GET"]}}],"collection":[{"href":"https:\/\/develop.olympic.ca\/olympique\/wp-json\/wp\/v2\/press"}],"about":[{"href":"https:\/\/develop.olympic.ca\/olympique\/wp-json\/wp\/v2\/types\/press"}],"version-history":[{"count":0,"href":"https:\/\/develop.olympic.ca\/olympique\/wp-json\/wp\/v2\/press\/72426\/revisions"}],"wp:attachment":[{"href":"https:\/\/develop.olympic.ca\/olympique\/wp-json\/wp\/v2\/media?parent=72426"}],"wp:term":[{"taxonomy":"post_tag","embeddable":true,"href":"https:\/\/develop.olympic.ca\/olympique\/wp-json\/wp\/v2\/tags?post=72426"},{"taxonomy":"type-of-press","embeddable":true,"href":"https:\/\/develop.olympic.ca\/olympique\/wp-json\/wp\/v2\/type-of-press?post=72426"},{"taxonomy":"press-topic","embeddable":true,"href":"https:\/\/develop.olympic.ca\/olympique\/wp-json\/wp\/v2\/press-topic?post=72426"},{"taxonomy":"years","embeddable":true,"href":"https:\/\/develop.olympic.ca\/olympique\/wp-json\/wp\/v2\/years?post=72426"}],"curies":[{"name":"wp","href":"https:\/\/api.w.org\/{rel}","templated":true}]}}