{"id":72431,"date":"2012-08-05T18:26:32","date_gmt":"2012-08-05T22:26:32","guid":{"rendered":"http:\/\/develop.olympic.ca\/?p=39897"},"modified":"2012-08-05T18:26:32","modified_gmt":"2012-08-05T22:26:32","slug":"jennifer-abel-et-emilie-heymans-a-lepreuve-individuelle-de-plongeon-au-tremplin-de-3-m","status":"publish","type":"press","link":"https:\/\/develop.olympic.ca\/olympique\/presse\/jennifer-abel-et-emilie-heymans-a-lepreuve-individuelle-de-plongeon-au-tremplin-de-3-m\/","title":{"rendered":"Jennifer Abel et \u00c9milie Heymans \u00e0 l\u2019\u00e9preuve individuelle de plongeon au tremplin de 3 m"},"content":{"rendered":"<p><strong>Photo\u00a01\u00a0: <\/strong><a href=\"http:\/\/develop.olympic.ca\/wp-content\/uploads\/sites\/2\/2012\/08\/03069018.jpg\" target=\"_blank\"><span style=\"text-decoration:underline;\">http:\/\/develop.olympic.ca\/wp-content\/uploads\/sites\/2\/2012\/08\/03069018.jpg<\/span><\/a><br \/>\nJennifer Abel, de Montr\u00e9al, embrasse son entra\u00eeneur, Cesar Henderson, apr\u00e8s avoir pris le sixi\u00e8me rang de la finale de l\u2019\u00e9preuve f\u00e9minine de plongeon au tremplin de 3\u00a0m aux Jeux olympiques de 2012 \u00e0 Londres, le dimanche 5 ao\u00fbt 2012.<br \/>\nPhoto du COC : Mike Ridewood<\/p>\n<p><strong>Photo\u00a02\u00a0: <\/strong><a href=\"http:\/\/develop.olympic.ca\/wp-content\/uploads\/sites\/2\/2012\/08\/03069019.jpg\" target=\"_blank\"><span style=\"text-decoration:underline;\">http:\/\/develop.olympic.ca\/wp-content\/uploads\/sites\/2\/2012\/08\/03069019.jpg<\/span><\/a><br \/>\nJennifer Abel, de Montr\u00e9al, a pris le sixi\u00e8me rang de la finale de l\u2019\u00e9preuve f\u00e9minine de plongeon au tremplin de 3\u00a0m aux Jeux olympiques de 2012 \u00e0 Londres, le dimanche 5 ao\u00fbt 2012.<br \/>\nPhoto du COC : Mike Ridewood<\/p>\n<p><strong>Photo\u00a03\u00a0: <\/strong><a href=\"http:\/\/develop.olympic.ca\/wp-content\/uploads\/sites\/2\/2012\/08\/03069020.jpg\" target=\"_blank\"><span style=\"text-decoration:underline;\">http:\/\/develop.olympic.ca\/wp-content\/uploads\/sites\/2\/2012\/08\/03069020.jpg<\/span><\/a><br \/>\n\u00c9milie Heymans, de Montr\u00e9al, est dans les bras de son entra\u00eeneure, Yihua Li, apr\u00e8s avoir pris le douzi\u00e8me rang de la finale de l\u2019\u00e9preuve f\u00e9minine de plongeon au tremplin de 3\u00a0m aux Jeux olympiques de 2012 \u00e0 Londres, le dimanche 5 ao\u00fbt 2012.<br \/>\nPhoto du COC : Mike Ridewood<\/p>\n<p><strong>Photo\u00a04: <\/strong><a href=\"http:\/\/develop.olympic.ca\/wp-content\/uploads\/sites\/2\/2012\/08\/03069022.jpg\" target=\"_blank\"><span style=\"text-decoration:underline;\">http:\/\/develop.olympic.ca\/wp-content\/uploads\/sites\/2\/2012\/08\/03069022.jpg<\/span><\/a><br \/>\n\u00c9milie Heymans,\u00a0 de Montr\u00e9al, \u00a0a pris le douzi\u00e8me rang de la finale de l\u2019\u00e9preuve f\u00e9minine de plongeon au tremplin de 3\u00a0m aux Jeux olympiques de 2012 \u00e0 Londres, le dimanche 5 ao\u00fbt 2012.<br \/>\nPhoto du COC : Mike Ridewood<\/p>\n<div style=\"text-align:center;\">&#8211; 30 &#8211;<\/div>\n<p><strong>Bureau de presse du Comit\u00e9 olympique canadien<\/strong>:<\/p>\n<p>Marie-Annick Lallier, attach\u00e9e de presse, Plongeon<br \/>\nT\u00e9l. \u00a0: +44 7714000804<br \/>\nCourriel\u00a0: <a href=\"mailto:malallier@olympic.ca\">malallier@olympic.ca<\/a><\/p>\n<p>Jane Almeida, agente des relations avec les m\u00e9dias, \u00c9quipe olympique canadienne 2012<br \/>\nT\u00e9l.\u00a0: +44 7714000818<br \/>\nCourriel\u00a0: <a href=\"mailto:jalmeida@olympic.ca\">jalmeida@olympic.ca<\/a><\/p>\n<p>Dimitri Soudas, chef de presse, \u00c9quipe olympique canadienne 2012<br \/>\nT\u00e9l.\u00a0: 289-388-6419<br \/>\nCourriel\u00a0: <a href=\"mailto:dsoudas@olympic.ca\">dsoudas@olympic.ca<\/a><\/p>\n","protected":false},"excerpt":{"rendered":"<p>Photo\u00a01\u00a0: <a href=\"http:\/\/develop.olympic.ca\/wp-content\/uploads\/sites\/2\/2012\/08\/03069018.jpg\">http:\/\/develop.olympic.ca\/wp-content\/uploads\/sites\/2\/2012\/08\/03069018.jpg<\/a> Jennifer Abel, de Montr\u00e9al, embrasse son entra\u00eeneur, Cesar Henderson, apr\u00e8s avoir pris le sixi\u00e8me rang de la finale&#8230;<\/p>\n","protected":false},"featured_media":0,"template":"","format":"standard","tags":[],"type-of-press":[],"press-topic":[],"years":[],"class_list":["post-72431","press","type-press","status-publish","format-standard","hentry"],"acf":[],"yoast_head":"<!-- This site is optimized with the Yoast SEO plugin v27.3 - https:\/\/yoast.com\/product\/yoast-seo-wordpress\/ -->\n<title>Jennifer Abel et \u00c9milie Heymans \u00e0 l\u2019\u00e9preuve individuelle de plongeon au tremplin de 3 m  - \u00c9quipe Canada | Site officiel de l&#039;\u00e9quipe olympique<\/title>\n<meta name=\"robots\" content=\"index, follow, max-snippet:-1, max-image-preview:large, max-video-preview:-1\" \/>\n<link rel=\"canonical\" href=\"https:\/\/develop.olympic.ca\/olympique\/presse\/jennifer-abel-et-emilie-heymans-a-lepreuve-individuelle-de-plongeon-au-tremplin-de-3-m\/\" \/>\n<meta property=\"og:locale\" content=\"fr_FR\" \/>\n<meta property=\"og:type\" content=\"article\" \/>\n<meta property=\"og:title\" content=\"Jennifer Abel et \u00c9milie Heymans \u00e0 l\u2019\u00e9preuve individuelle de plongeon au tremplin de 3 m  - \u00c9quipe Canada | Site officiel de l&#039;\u00e9quipe olympique\" \/>\n<meta property=\"og:description\" content=\"Photo\u00a01\u00a0: http:\/\/develop.olympic.ca\/wp-content\/uploads\/sites\/2\/2012\/08\/03069018.jpg Jennifer Abel, de Montr\u00e9al, embrasse son entra\u00eeneur, Cesar Henderson, apr\u00e8s avoir pris le sixi\u00e8me rang de la finale...\" \/>\n<meta property=\"og:url\" content=\"https:\/\/develop.olympic.ca\/olympique\/presse\/jennifer-abel-et-emilie-heymans-a-lepreuve-individuelle-de-plongeon-au-tremplin-de-3-m\/\" \/>\n<meta property=\"og:site_name\" content=\"\u00c9quipe Canada | Site officiel de l&#039;\u00e9quipe olympique\" \/>\n<meta name=\"twitter:card\" content=\"summary_large_image\" \/>\n<meta name=\"twitter:label1\" content=\"Est. reading time\" \/>\n\t<meta name=\"twitter:data1\" content=\"1 minute\" \/>\n\t<meta name=\"twitter:label2\" content=\"Written by\" \/>\n\t<meta name=\"twitter:data2\" content=\"Ben Stevenson\" \/>\n<script type=\"application\/ld+json\" class=\"yoast-schema-graph\">{\"@context\":\"https:\\\/\\\/schema.org\",\"@graph\":[{\"@type\":\"WebPage\",\"@id\":\"https:\\\/\\\/develop.olympic.ca\\\/olympique\\\/presse\\\/jennifer-abel-et-emilie-heymans-a-lepreuve-individuelle-de-plongeon-au-tremplin-de-3-m\\\/\",\"url\":\"https:\\\/\\\/develop.olympic.ca\\\/olympique\\\/presse\\\/jennifer-abel-et-emilie-heymans-a-lepreuve-individuelle-de-plongeon-au-tremplin-de-3-m\\\/\",\"name\":\"Jennifer Abel et \u00c9milie Heymans \u00e0 l\u2019\u00e9preuve individuelle de plongeon au tremplin de 3 m - \u00c9quipe Canada | Site officiel de l&#039;\u00e9quipe olympique\",\"isPartOf\":{\"@id\":\"https:\\\/\\\/develop.olympic.ca\\\/olympique\\\/#website\"},\"datePublished\":\"2012-08-05T22:26:32+00:00\",\"inLanguage\":\"fr-FR\",\"potentialAction\":[{\"@type\":\"ReadAction\",\"target\":[\"https:\\\/\\\/develop.olympic.ca\\\/olympique\\\/presse\\\/jennifer-abel-et-emilie-heymans-a-lepreuve-individuelle-de-plongeon-au-tremplin-de-3-m\\\/\"]}]},{\"@type\":\"WebSite\",\"@id\":\"https:\\\/\\\/develop.olympic.ca\\\/olympique\\\/#website\",\"url\":\"https:\\\/\\\/develop.olympic.ca\\\/olympique\\\/\",\"name\":\"\u00c9quipe Canada | Site officiel de l&#039;\u00e9quipe olympique\",\"description\":\"Votre source pour l\u2019\u00c9quipe olympique canadienne. Retrouvez les r\u00e9cits, vid\u00e9os et photos des athl\u00e8tes canadiens, sports olympiques, Jeux olympiques de 2020 et bien plus!\",\"potentialAction\":[{\"@type\":\"SearchAction\",\"target\":{\"@type\":\"EntryPoint\",\"urlTemplate\":\"https:\\\/\\\/develop.olympic.ca\\\/olympique\\\/?s={search_term_string}\"},\"query-input\":{\"@type\":\"PropertyValueSpecification\",\"valueRequired\":true,\"valueName\":\"search_term_string\"}}],\"inLanguage\":\"fr-FR\"}]}<\/script>\n<!-- \/ Yoast SEO plugin. -->","yoast_head_json":{"title":"Jennifer Abel et \u00c9milie Heymans \u00e0 l\u2019\u00e9preuve individuelle de plongeon au tremplin de 3 m  - \u00c9quipe Canada | Site officiel de l&#039;\u00e9quipe olympique","robots":{"index":"index","follow":"follow","max-snippet":"max-snippet:-1","max-image-preview":"max-image-preview:large","max-video-preview":"max-video-preview:-1"},"canonical":"https:\/\/develop.olympic.ca\/olympique\/presse\/jennifer-abel-et-emilie-heymans-a-lepreuve-individuelle-de-plongeon-au-tremplin-de-3-m\/","og_locale":"fr_FR","og_type":"article","og_title":"Jennifer Abel et \u00c9milie Heymans \u00e0 l\u2019\u00e9preuve individuelle de plongeon au tremplin de 3 m  - \u00c9quipe Canada | Site officiel de l&#039;\u00e9quipe olympique","og_description":"Photo\u00a01\u00a0: http:\/\/develop.olympic.ca\/wp-content\/uploads\/sites\/2\/2012\/08\/03069018.jpg Jennifer Abel, de Montr\u00e9al, embrasse son entra\u00eeneur, Cesar Henderson, apr\u00e8s avoir pris le sixi\u00e8me rang de la finale...","og_url":"https:\/\/develop.olympic.ca\/olympique\/presse\/jennifer-abel-et-emilie-heymans-a-lepreuve-individuelle-de-plongeon-au-tremplin-de-3-m\/","og_site_name":"\u00c9quipe Canada | Site officiel de l&#039;\u00e9quipe olympique","twitter_card":"summary_large_image","twitter_misc":{"Est. reading time":"1 minute","Written by":"Ben Stevenson"},"schema":{"@context":"https:\/\/schema.org","@graph":[{"@type":"WebPage","@id":"https:\/\/develop.olympic.ca\/olympique\/presse\/jennifer-abel-et-emilie-heymans-a-lepreuve-individuelle-de-plongeon-au-tremplin-de-3-m\/","url":"https:\/\/develop.olympic.ca\/olympique\/presse\/jennifer-abel-et-emilie-heymans-a-lepreuve-individuelle-de-plongeon-au-tremplin-de-3-m\/","name":"Jennifer Abel et \u00c9milie Heymans \u00e0 l\u2019\u00e9preuve individuelle de plongeon au tremplin de 3 m - \u00c9quipe Canada | Site officiel de l&#039;\u00e9quipe olympique","isPartOf":{"@id":"https:\/\/develop.olympic.ca\/olympique\/#website"},"datePublished":"2012-08-05T22:26:32+00:00","inLanguage":"fr-FR","potentialAction":[{"@type":"ReadAction","target":["https:\/\/develop.olympic.ca\/olympique\/presse\/jennifer-abel-et-emilie-heymans-a-lepreuve-individuelle-de-plongeon-au-tremplin-de-3-m\/"]}]},{"@type":"WebSite","@id":"https:\/\/develop.olympic.ca\/olympique\/#website","url":"https:\/\/develop.olympic.ca\/olympique\/","name":"\u00c9quipe Canada | Site officiel de l&#039;\u00e9quipe olympique","description":"Votre source pour l\u2019\u00c9quipe olympique canadienne. Retrouvez les r\u00e9cits, vid\u00e9os et photos des athl\u00e8tes canadiens, sports olympiques, Jeux olympiques de 2020 et bien plus!","potentialAction":[{"@type":"SearchAction","target":{"@type":"EntryPoint","urlTemplate":"https:\/\/develop.olympic.ca\/olympique\/?s={search_term_string}"},"query-input":{"@type":"PropertyValueSpecification","valueRequired":true,"valueName":"search_term_string"}}],"inLanguage":"fr-FR"}]}},"jetpack_sharing_enabled":true,"_links":{"self":[{"href":"https:\/\/develop.olympic.ca\/olympique\/wp-json\/wp\/v2\/press\/72431","targetHints":{"allow":["GET"]}}],"collection":[{"href":"https:\/\/develop.olympic.ca\/olympique\/wp-json\/wp\/v2\/press"}],"about":[{"href":"https:\/\/develop.olympic.ca\/olympique\/wp-json\/wp\/v2\/types\/press"}],"version-history":[{"count":0,"href":"https:\/\/develop.olympic.ca\/olympique\/wp-json\/wp\/v2\/press\/72431\/revisions"}],"wp:attachment":[{"href":"https:\/\/develop.olympic.ca\/olympique\/wp-json\/wp\/v2\/media?parent=72431"}],"wp:term":[{"taxonomy":"post_tag","embeddable":true,"href":"https:\/\/develop.olympic.ca\/olympique\/wp-json\/wp\/v2\/tags?post=72431"},{"taxonomy":"type-of-press","embeddable":true,"href":"https:\/\/develop.olympic.ca\/olympique\/wp-json\/wp\/v2\/type-of-press?post=72431"},{"taxonomy":"press-topic","embeddable":true,"href":"https:\/\/develop.olympic.ca\/olympique\/wp-json\/wp\/v2\/press-topic?post=72431"},{"taxonomy":"years","embeddable":true,"href":"https:\/\/develop.olympic.ca\/olympique\/wp-json\/wp\/v2\/years?post=72431"}],"curies":[{"name":"wp","href":"https:\/\/api.w.org\/{rel}","templated":true}]}}