{"id":72439,"date":"2012-08-02T17:56:36","date_gmt":"2012-08-02T22:00:08","guid":{"rendered":"http:\/\/develop.olympic.ca\/?p=39014"},"modified":"2012-08-02T17:56:36","modified_gmt":"2012-08-02T22:00:08","slug":"le-huit-feminin-remporte-la-septieme-medaille-du-canada-une-medaille-dargent","status":"publish","type":"press","link":"https:\/\/develop.olympic.ca\/olympique\/presse\/le-huit-feminin-remporte-la-septieme-medaille-du-canada-une-medaille-dargent\/","title":{"rendered":"Le huit f\u00e9minin remporte la septi\u00e8me m\u00e9daille du Canada, une m\u00e9daille d\u2019argent"},"content":{"rendered":"<p><strong>Photo\u00a01\u00a0: <\/strong><a href=\"http:\/\/develop.olympic.ca\/wp-content\/uploads\/sites\/2\/2012\/08\/jr180.jpg\">http:\/\/develop.olympic.ca\/wp-content\/uploads\/sites\/2\/2012\/08\/jr180.jpg<\/a><br \/>\nL\u2019\u00e9quipage canadien du huit de pointe f\u00e9minin en aviron c\u00e9l\u00e8bre la performance qui lui a valu une m\u00e9daille d\u2019argent aux Jeux olympiques de 2012 \u00e0 Londres, le 2 ao\u00fbt\u00a0 2012.<br \/>\nPhoto du COC\u00a0: Jason Ransom<\/p>\n<p><strong>Photo\u00a02\u00a0: <\/strong><a href=\"http:\/\/develop.olympic.ca\/wp-content\/uploads\/sites\/2\/2012\/08\/jr176.jpg\" target=\"_blank\"><span style=\"text-decoration:underline;\">http:\/\/develop.olympic.ca\/wp-content\/uploads\/sites\/2\/2012\/08\/jr176.jpg<\/span><\/a><br \/>\nL\u2019\u00e9quipage canadien du huit de pointe f\u00e9minin en aviron termine en deuxi\u00e8me place pour remporter la m\u00e9daille d\u2019argent aux Jeux olympiques de 2012 \u00e0 Londres, le 2 ao\u00fbt\u00a0 2012. Sur la \u00a0photo, de gauche \u00e0 droite, nous retrouvons\u00a0: Lauren Wilkinson; Krista Guloien; Rachelle Viinberg et Janine Hanson.<br \/>\nPhoto du COC\u00a0: Jason Ransom<\/p>\n<p><strong>Photo\u00a03\u00a0: <\/strong><a href=\"http:\/\/develop.olympic.ca\/wp-content\/uploads\/sites\/2\/2012\/08\/jr177.jpg\">http:\/\/develop.olympic.ca\/wp-content\/uploads\/sites\/2\/2012\/08\/jr177.jpg<\/a><br \/>\nL\u2019\u00e9quipage canadien du huit de pointe f\u00e9minin en aviron c\u00e9l\u00e8bre la performance qui lui a valu une m\u00e9daille d\u2019argent aux Jeux olympiques de 2012 \u00e0 Londres, le 2 ao\u00fbt\u00a0 2012.<br \/>\nPhoto du COC\u00a0: Jason Ransom<\/p>\n<p><strong>Photo\u00a04\u00a0: <\/strong><a href=\"http:\/\/develop.olympic.ca\/wp-content\/uploads\/sites\/2\/2012\/08\/jr183.jpg\">http:\/\/develop.olympic.ca\/wp-content\/uploads\/sites\/2\/2012\/08\/jr183.jpg<\/a><br \/>\nLa Canadienne Natalie Mastracci soul\u00e8ve la barreuse Lesley Thompson-Willie alors qu\u2019elles c\u00e9l\u00e8brent la performance qui leur a valu une m\u00e9daille d\u2019argent aux Jeux olympiques de 2012 \u00e0 Londres, le 2 ao\u00fbt\u00a0 2012.<br \/>\nPhoto du COC\u00a0: Jason Ransom<\/p>\n<p><strong>Photo\u00a05\u00a0: <\/strong><a href=\"http:\/\/develop.olympic.ca\/wp-content\/uploads\/sites\/2\/2012\/08\/jr185.jpg\">http:\/\/develop.olympic.ca\/wp-content\/uploads\/sites\/2\/2012\/08\/jr185.jpg<\/a><br \/>\nL\u2019\u00e9quipage canadien du huit de pointe f\u00e9minin en aviron c\u00e9l\u00e8bre la performance qui lui a valu une m\u00e9daille d\u2019argent aux Jeux olympiques de 2012 \u00e0 Londres, le 2 ao\u00fbt\u00a0 2012.<br \/>\nPhoto du COC\u00a0: Jason Ransom<\/p>\n<p><strong>Photo\u00a06 : \u00a0<\/strong><a href=\"http:\/\/develop.olympic.ca\/wp-content\/uploads\/sites\/2\/2012\/08\/jr186.jpg\">http:\/\/develop.olympic.ca\/wp-content\/uploads\/sites\/2\/2012\/08\/jr186.jpg<\/a><br \/>\nL\u2019\u00e9quipage canadien du huit de pointe f\u00e9minin en aviron c\u00e9l\u00e8bre la performance qui lui a valu une m\u00e9daille d\u2019argent aux Jeux olympiques de 2012 \u00e0 Londres, le 2 ao\u00fbt\u00a0 2012.<br \/>\nPhoto du COC\u00a0: Jason Ransom<\/p>\n<p><strong>Photo\u00a07\u00a0: <\/strong><a href=\"http:\/\/develop.olympic.ca\/wp-content\/uploads\/sites\/2\/2012\/08\/jr184.jpg\">http:\/\/develop.olympic.ca\/wp-content\/uploads\/sites\/2\/2012\/08\/jr184.jpg<\/a><br \/>\nL\u2019\u00e9quipage canadien du huit de pointe f\u00e9minin en aviron c\u00e9l\u00e8bre la performance qui lui a valu une m\u00e9daille d\u2019argent aux Jeux olympiques de 2012 \u00e0 Londres, le 2 ao\u00fbt 2012. De gauche \u00e0 droite, nous retrouvons\u00a0: Janine Hanson; Rachelle Viinberg; Krista Guloien; Lauren Wilkinson; Natalie Mastracci; Ashley Brzozowicz; Darcy Marquardt; Andreanne Morin et Lesley Thompson-Willie.<br \/>\nPhoto du COC\u00a0: Jason Ransom<\/p>\n<div style=\"text-align:center;\">&#8211; 30 &#8211;<\/div>\n<p><strong>Bureau de presse du Comit\u00e9 olympique canadien<\/strong>\u00a0:<\/p>\n<p>Jackie Skender, attach\u00e9e de presse, aviron<br \/>\nCell.\u00a0: +44 7714000805<br \/>\nCourriel\u00a0: <a href=\"mailto:jskender@olympic.ca\">jskender@olympic.ca<\/a><\/p>\n<p>Jane Almeida, agente des relations avec les m\u00e9dias<br \/>\nCell.\u00a0: +44 771 400 0818<br \/>\nCourriel\u00a0: <a href=\"mailto:jalmeida@olympic.ca\">jalmeida@olympic.ca<\/a><\/p>\n<p>Dimitri Soudas, chef de presse, \u00c9quipe olympique canadienne 2012<br \/>\nCell.\u00a0: 289-388-6419<br \/>\nCourriel\u00a0: <a href=\"mailto:dsoudas@olympic.ca\">dsoudas@olympic.ca<\/a><\/p>\n","protected":false},"excerpt":{"rendered":"<p>Photo\u00a01\u00a0: <a href=\"http:\/\/develop.olympic.ca\/wp-content\/uploads\/sites\/2\/2012\/08\/jr180.jpg\">http:\/\/develop.olympic.ca\/wp-content\/uploads\/sites\/2\/2012\/08\/jr180.jpg<\/a> L\u2019\u00e9quipage canadien du huit de pointe f\u00e9minin en aviron c\u00e9l\u00e8bre la performance qui lui a valu une m\u00e9daille&#8230;<\/p>\n","protected":false},"featured_media":0,"template":"","format":"standard","tags":[],"type-of-press":[],"press-topic":[],"years":[],"class_list":["post-72439","press","type-press","status-publish","format-standard","hentry"],"acf":[],"yoast_head":"<!-- This site is optimized with the Yoast SEO plugin v27.3 - https:\/\/yoast.com\/product\/yoast-seo-wordpress\/ -->\n<title>Le huit f\u00e9minin remporte la septi\u00e8me m\u00e9daille du Canada, une m\u00e9daille d\u2019argent - \u00c9quipe Canada | Site officiel de l&#039;\u00e9quipe olympique<\/title>\n<meta name=\"robots\" content=\"index, follow, max-snippet:-1, max-image-preview:large, max-video-preview:-1\" \/>\n<link rel=\"canonical\" href=\"https:\/\/develop.olympic.ca\/olympique\/presse\/le-huit-feminin-remporte-la-septieme-medaille-du-canada-une-medaille-dargent\/\" \/>\n<meta property=\"og:locale\" content=\"fr_FR\" \/>\n<meta property=\"og:type\" content=\"article\" \/>\n<meta property=\"og:title\" content=\"Le huit f\u00e9minin remporte la septi\u00e8me m\u00e9daille du Canada, une m\u00e9daille d\u2019argent - \u00c9quipe Canada | Site officiel de l&#039;\u00e9quipe olympique\" \/>\n<meta property=\"og:description\" content=\"Photo\u00a01\u00a0: http:\/\/develop.olympic.ca\/wp-content\/uploads\/sites\/2\/2012\/08\/jr180.jpg L\u2019\u00e9quipage canadien du huit de pointe f\u00e9minin en aviron c\u00e9l\u00e8bre la performance qui lui a valu une m\u00e9daille...\" \/>\n<meta property=\"og:url\" content=\"https:\/\/develop.olympic.ca\/olympique\/presse\/le-huit-feminin-remporte-la-septieme-medaille-du-canada-une-medaille-dargent\/\" \/>\n<meta property=\"og:site_name\" content=\"\u00c9quipe Canada | Site officiel de l&#039;\u00e9quipe olympique\" \/>\n<meta name=\"twitter:card\" content=\"summary_large_image\" \/>\n<meta name=\"twitter:label1\" content=\"Est. reading time\" \/>\n\t<meta name=\"twitter:data1\" content=\"2 minutes\" \/>\n\t<meta name=\"twitter:label2\" content=\"Written by\" \/>\n\t<meta name=\"twitter:data2\" content=\"Ben Stevenson\" \/>\n<script type=\"application\/ld+json\" class=\"yoast-schema-graph\">{\"@context\":\"https:\\\/\\\/schema.org\",\"@graph\":[{\"@type\":\"WebPage\",\"@id\":\"https:\\\/\\\/develop.olympic.ca\\\/olympique\\\/presse\\\/le-huit-feminin-remporte-la-septieme-medaille-du-canada-une-medaille-dargent\\\/\",\"url\":\"https:\\\/\\\/develop.olympic.ca\\\/olympique\\\/presse\\\/le-huit-feminin-remporte-la-septieme-medaille-du-canada-une-medaille-dargent\\\/\",\"name\":\"Le huit f\u00e9minin remporte la septi\u00e8me m\u00e9daille du Canada, une m\u00e9daille d\u2019argent - \u00c9quipe Canada | Site officiel de l&#039;\u00e9quipe olympique\",\"isPartOf\":{\"@id\":\"https:\\\/\\\/develop.olympic.ca\\\/olympique\\\/#website\"},\"datePublished\":\"2012-08-02T22:00:08+00:00\",\"inLanguage\":\"fr-FR\",\"potentialAction\":[{\"@type\":\"ReadAction\",\"target\":[\"https:\\\/\\\/develop.olympic.ca\\\/olympique\\\/presse\\\/le-huit-feminin-remporte-la-septieme-medaille-du-canada-une-medaille-dargent\\\/\"]}]},{\"@type\":\"WebSite\",\"@id\":\"https:\\\/\\\/develop.olympic.ca\\\/olympique\\\/#website\",\"url\":\"https:\\\/\\\/develop.olympic.ca\\\/olympique\\\/\",\"name\":\"\u00c9quipe Canada | Site officiel de l&#039;\u00e9quipe olympique\",\"description\":\"Votre source pour l\u2019\u00c9quipe olympique canadienne. Retrouvez les r\u00e9cits, vid\u00e9os et photos des athl\u00e8tes canadiens, sports olympiques, Jeux olympiques de 2020 et bien plus!\",\"potentialAction\":[{\"@type\":\"SearchAction\",\"target\":{\"@type\":\"EntryPoint\",\"urlTemplate\":\"https:\\\/\\\/develop.olympic.ca\\\/olympique\\\/?s={search_term_string}\"},\"query-input\":{\"@type\":\"PropertyValueSpecification\",\"valueRequired\":true,\"valueName\":\"search_term_string\"}}],\"inLanguage\":\"fr-FR\"}]}<\/script>\n<!-- \/ Yoast SEO plugin. -->","yoast_head_json":{"title":"Le huit f\u00e9minin remporte la septi\u00e8me m\u00e9daille du Canada, une m\u00e9daille d\u2019argent - \u00c9quipe Canada | Site officiel de l&#039;\u00e9quipe olympique","robots":{"index":"index","follow":"follow","max-snippet":"max-snippet:-1","max-image-preview":"max-image-preview:large","max-video-preview":"max-video-preview:-1"},"canonical":"https:\/\/develop.olympic.ca\/olympique\/presse\/le-huit-feminin-remporte-la-septieme-medaille-du-canada-une-medaille-dargent\/","og_locale":"fr_FR","og_type":"article","og_title":"Le huit f\u00e9minin remporte la septi\u00e8me m\u00e9daille du Canada, une m\u00e9daille d\u2019argent - \u00c9quipe Canada | Site officiel de l&#039;\u00e9quipe olympique","og_description":"Photo\u00a01\u00a0: http:\/\/develop.olympic.ca\/wp-content\/uploads\/sites\/2\/2012\/08\/jr180.jpg L\u2019\u00e9quipage canadien du huit de pointe f\u00e9minin en aviron c\u00e9l\u00e8bre la performance qui lui a valu une m\u00e9daille...","og_url":"https:\/\/develop.olympic.ca\/olympique\/presse\/le-huit-feminin-remporte-la-septieme-medaille-du-canada-une-medaille-dargent\/","og_site_name":"\u00c9quipe Canada | Site officiel de l&#039;\u00e9quipe olympique","twitter_card":"summary_large_image","twitter_misc":{"Est. reading time":"2 minutes","Written by":"Ben Stevenson"},"schema":{"@context":"https:\/\/schema.org","@graph":[{"@type":"WebPage","@id":"https:\/\/develop.olympic.ca\/olympique\/presse\/le-huit-feminin-remporte-la-septieme-medaille-du-canada-une-medaille-dargent\/","url":"https:\/\/develop.olympic.ca\/olympique\/presse\/le-huit-feminin-remporte-la-septieme-medaille-du-canada-une-medaille-dargent\/","name":"Le huit f\u00e9minin remporte la septi\u00e8me m\u00e9daille du Canada, une m\u00e9daille d\u2019argent - \u00c9quipe Canada | Site officiel de l&#039;\u00e9quipe olympique","isPartOf":{"@id":"https:\/\/develop.olympic.ca\/olympique\/#website"},"datePublished":"2012-08-02T22:00:08+00:00","inLanguage":"fr-FR","potentialAction":[{"@type":"ReadAction","target":["https:\/\/develop.olympic.ca\/olympique\/presse\/le-huit-feminin-remporte-la-septieme-medaille-du-canada-une-medaille-dargent\/"]}]},{"@type":"WebSite","@id":"https:\/\/develop.olympic.ca\/olympique\/#website","url":"https:\/\/develop.olympic.ca\/olympique\/","name":"\u00c9quipe Canada | Site officiel de l&#039;\u00e9quipe olympique","description":"Votre source pour l\u2019\u00c9quipe olympique canadienne. Retrouvez les r\u00e9cits, vid\u00e9os et photos des athl\u00e8tes canadiens, sports olympiques, Jeux olympiques de 2020 et bien plus!","potentialAction":[{"@type":"SearchAction","target":{"@type":"EntryPoint","urlTemplate":"https:\/\/develop.olympic.ca\/olympique\/?s={search_term_string}"},"query-input":{"@type":"PropertyValueSpecification","valueRequired":true,"valueName":"search_term_string"}}],"inLanguage":"fr-FR"}]}},"jetpack_sharing_enabled":true,"_links":{"self":[{"href":"https:\/\/develop.olympic.ca\/olympique\/wp-json\/wp\/v2\/press\/72439","targetHints":{"allow":["GET"]}}],"collection":[{"href":"https:\/\/develop.olympic.ca\/olympique\/wp-json\/wp\/v2\/press"}],"about":[{"href":"https:\/\/develop.olympic.ca\/olympique\/wp-json\/wp\/v2\/types\/press"}],"version-history":[{"count":0,"href":"https:\/\/develop.olympic.ca\/olympique\/wp-json\/wp\/v2\/press\/72439\/revisions"}],"wp:attachment":[{"href":"https:\/\/develop.olympic.ca\/olympique\/wp-json\/wp\/v2\/media?parent=72439"}],"wp:term":[{"taxonomy":"post_tag","embeddable":true,"href":"https:\/\/develop.olympic.ca\/olympique\/wp-json\/wp\/v2\/tags?post=72439"},{"taxonomy":"type-of-press","embeddable":true,"href":"https:\/\/develop.olympic.ca\/olympique\/wp-json\/wp\/v2\/type-of-press?post=72439"},{"taxonomy":"press-topic","embeddable":true,"href":"https:\/\/develop.olympic.ca\/olympique\/wp-json\/wp\/v2\/press-topic?post=72439"},{"taxonomy":"years","embeddable":true,"href":"https:\/\/develop.olympic.ca\/olympique\/wp-json\/wp\/v2\/years?post=72439"}],"curies":[{"name":"wp","href":"https:\/\/api.w.org\/{rel}","templated":true}]}}