{"id":72449,"date":"2012-07-27T23:41:00","date_gmt":"2012-07-28T03:49:20","guid":{"rendered":"http:\/\/develop.olympic.ca\/?p=37641"},"modified":"2012-07-27T23:41:00","modified_gmt":"2012-07-28T03:49:20","slug":"lequipe-olympique-canadienne-defile-fierement-a-la-ceremonie-douverture","status":"publish","type":"press","link":"https:\/\/develop.olympic.ca\/olympique\/presse\/lequipe-olympique-canadienne-defile-fierement-a-la-ceremonie-douverture\/","title":{"rendered":"L\u2019\u00c9quipe olympique canadienne d\u00e9file fi\u00e8rement \u00e0 la c\u00e9r\u00e9monie d\u2019ouverture"},"content":{"rendered":"<p>Men\u00e9e par le double m\u00e9daill\u00e9 en triathlon et porte-drapeau de la c\u00e9r\u00e9monie d\u2019ouverture des Jeux de 2012, Simon Whitfield, l\u2019\u00c9quipe olympique canadienne a d\u00e9fil\u00e9 fi\u00e8rement au Stade olympique de Londres. La c\u00e9r\u00e9monie marque le d\u00e9but de 17 jours de comp\u00e9tition d\u2019affil\u00e9e dans 26 sports pour nos 277 athl\u00e8tes olympiques.<\/p>\n<p><strong>PHOTO 1\u00a0:\u00a0<\/strong><a href=\"http:\/\/develop.olympic.ca\/wp-content\/uploads\/sites\/2\/2012\/07\/team1.jpg\" target=\"_blank\"><span style=\"color:#336699;\">http:\/\/develop.olympic.ca\/wp-content\/uploads\/sites\/2\/2012\/07\/team1.jpg<\/span><\/a><br \/>\nLe double m\u00e9daill\u00e9 olympique en triathlon Simon Whitfield porte le drapeau pour \u00c9quipe \u00a0Canada durant la c\u00e9r\u00e9monie d\u2019ouverture aux Jeux olympiques de 2012 \u00e0 Londres, le 27 juillet 2012.<br \/>\nPhoto du COC par Jason Ransom<\/p>\n<p><strong>PHOTO 2\u00a0:<\/strong>\u00a0<a href=\"http:\/\/develop.olympic.ca\/wp-content\/uploads\/sites\/2\/2012\/07\/team2.jpg\" target=\"_blank\"><span style=\"color:#336699;\">http:\/\/develop.olympic.ca\/wp-content\/uploads\/sites\/2\/2012\/07\/team2.jpg<\/span><\/a><br \/>\nLes membres de l\u2019\u00e9quipe canadienne d\u00e9filent au Stade olympique lors de la c\u00e9r\u00e9monie d\u2019ouverture des Jeux olympiques de 2012 \u00e0 Londres, le 27 juillet 2012.<br \/>\nPhoto du COC par Jason Ransom<\/p>\n<p><strong>PHOTO 3\u00a0:<\/strong>\u00a0<a href=\"http:\/\/develop.olympic.ca\/wp-content\/uploads\/sites\/2\/2012\/07\/team3.jpg\" target=\"_blank\"><span style=\"color:#336699;\">http:\/\/develop.olympic.ca\/wp-content\/uploads\/sites\/2\/2012\/07\/team3.jpg<\/span><\/a><br \/>\nL\u2019\u00c9quipe olympique canadienne d\u00e9file \u00e0 la c\u00e9r\u00e9monie d\u2019ouverture derri\u00e8re le porte-drapeau Simon Whitfield aux Jeux olympiques de 2012 \u00e0 Londres, le vendredi 27 juillet \u00a02012.<br \/>\nPhoto du COC par Mike Ridewood<\/p>\n<p><strong>PHOTO 4:<\/strong>\u00a0<a href=\"http:\/\/develop.olympic.ca\/wp-content\/uploads\/sites\/2\/2012\/07\/team4.jpg\" target=\"_blank\"><span style=\"color:#336699;\">http:\/\/develop.olympic.ca\/wp-content\/uploads\/sites\/2\/2012\/07\/team4.jpg<\/span><\/a><br \/>\nL\u2019\u00c9quipe olympique canadienne d\u00e9file \u00e0 la c\u00e9r\u00e9monie d\u2019ouverture des Jeux olympiques de 2012 \u00e0 Londres derri\u00e8re le porte-drapeau Simon Whitfield, le vendredi 27 juillet\u00a0\u00a0 2012.<br \/>\nPhoto du COC par Mike Ridewood<\/p>\n<p><strong>PHOTO 5 :<\/strong>\u00a0<a href=\"http:\/\/develop.olympic.ca\/wp-content\/uploads\/sites\/2\/2012\/07\/team5.jpg\" target=\"_blank\"><span style=\"color:#336699;\">http:\/\/develop.olympic.ca\/wp-content\/uploads\/sites\/2\/2012\/07\/team5.jpg<\/span><\/a><br \/>\nL\u2019\u00c9quipe olympique canadienne d\u00e9file \u00e0 la c\u00e9r\u00e9monie d\u2019ouverture des Jeux olympiques de 2012 \u00e0 Londres derri\u00e8re le porte-drapeau Simon Whitfield, le vendredi 27 juillet \u00a0\u00a02012.<br \/>\nPhoto du COC par Mike Ridewood<\/p>\n<div align=\"center\">&#8211; 30 &#8211;<\/div>\n<p><strong>Canadian Olympic Committee Media Office:<\/strong><br \/>\nJane Almeida, Agente des relations avec les m\u00e9dias, \u00c9quipe olympique canadienne 2012<br \/>\nTel: +44 7714000818<br \/>\nEmail:\u00a0<a href=\"https:\/\/mail.olympic.ca\/owa\/redir.aspx?C=d5f54af3dd83498db212c452e571e715&amp;URL=mailto%3ajalmeida%40olympic.ca\" target=\"_blank\"><span style=\"color:#336699;\">jalmeida@olympic.ca<\/span><\/a><\/p>\n<p>Dimitri Soudas, Chef de presse, \u00c9quipe olympique canadienne 2012<br \/>\nTel: +44 7702956471<br \/>\nEmail:\u00a0<a href=\"https:\/\/mail.olympic.ca\/owa\/redir.aspx?C=d5f54af3dd83498db212c452e571e715&amp;URL=mailto%3adsoudas%40olympic.ca\" target=\"_blank\"><span style=\"color:#336699;\">dsoudas@olympic.ca<\/span><\/a><\/p>\n","protected":false},"excerpt":{"rendered":"<p>Men\u00e9e par le double m\u00e9daill\u00e9 en triathlon et porte-drapeau de la c\u00e9r\u00e9monie d\u2019ouverture des Jeux de 2012, Simon Whitfield, l\u2019\u00c9quipe&#8230;<\/p>\n","protected":false},"featured_media":0,"template":"","format":"standard","tags":[],"type-of-press":[],"press-topic":[],"years":[],"class_list":["post-72449","press","type-press","status-publish","format-standard","hentry"],"acf":[],"yoast_head":"<!-- This site is optimized with the Yoast SEO plugin v27.3 - https:\/\/yoast.com\/product\/yoast-seo-wordpress\/ -->\n<title>L\u2019\u00c9quipe olympique canadienne d\u00e9file fi\u00e8rement \u00e0 la c\u00e9r\u00e9monie d\u2019ouverture - \u00c9quipe Canada | Site officiel de l&#039;\u00e9quipe olympique<\/title>\n<meta name=\"robots\" content=\"index, follow, max-snippet:-1, max-image-preview:large, max-video-preview:-1\" \/>\n<link rel=\"canonical\" href=\"https:\/\/develop.olympic.ca\/olympique\/presse\/lequipe-olympique-canadienne-defile-fierement-a-la-ceremonie-douverture\/\" \/>\n<meta property=\"og:locale\" content=\"fr_FR\" \/>\n<meta property=\"og:type\" content=\"article\" \/>\n<meta property=\"og:title\" content=\"L\u2019\u00c9quipe olympique canadienne d\u00e9file fi\u00e8rement \u00e0 la c\u00e9r\u00e9monie d\u2019ouverture - \u00c9quipe Canada | Site officiel de l&#039;\u00e9quipe olympique\" \/>\n<meta property=\"og:description\" content=\"Men\u00e9e par le double m\u00e9daill\u00e9 en triathlon et porte-drapeau de la c\u00e9r\u00e9monie d\u2019ouverture des Jeux de 2012, Simon Whitfield, l\u2019\u00c9quipe...\" \/>\n<meta property=\"og:url\" content=\"https:\/\/develop.olympic.ca\/olympique\/presse\/lequipe-olympique-canadienne-defile-fierement-a-la-ceremonie-douverture\/\" \/>\n<meta property=\"og:site_name\" content=\"\u00c9quipe Canada | Site officiel de l&#039;\u00e9quipe olympique\" \/>\n<meta name=\"twitter:card\" content=\"summary_large_image\" \/>\n<meta name=\"twitter:label1\" content=\"Est. reading time\" \/>\n\t<meta name=\"twitter:data1\" content=\"2 minutes\" \/>\n\t<meta name=\"twitter:label2\" content=\"Written by\" \/>\n\t<meta name=\"twitter:data2\" content=\"Mark Nadolny\" \/>\n<script type=\"application\/ld+json\" class=\"yoast-schema-graph\">{\"@context\":\"https:\\\/\\\/schema.org\",\"@graph\":[{\"@type\":\"WebPage\",\"@id\":\"https:\\\/\\\/develop.olympic.ca\\\/olympique\\\/presse\\\/lequipe-olympique-canadienne-defile-fierement-a-la-ceremonie-douverture\\\/\",\"url\":\"https:\\\/\\\/develop.olympic.ca\\\/olympique\\\/presse\\\/lequipe-olympique-canadienne-defile-fierement-a-la-ceremonie-douverture\\\/\",\"name\":\"L\u2019\u00c9quipe olympique canadienne d\u00e9file fi\u00e8rement \u00e0 la c\u00e9r\u00e9monie d\u2019ouverture - \u00c9quipe Canada | Site officiel de l&#039;\u00e9quipe olympique\",\"isPartOf\":{\"@id\":\"https:\\\/\\\/develop.olympic.ca\\\/olympique\\\/#website\"},\"datePublished\":\"2012-07-28T03:49:20+00:00\",\"inLanguage\":\"fr-FR\",\"potentialAction\":[{\"@type\":\"ReadAction\",\"target\":[\"https:\\\/\\\/develop.olympic.ca\\\/olympique\\\/presse\\\/lequipe-olympique-canadienne-defile-fierement-a-la-ceremonie-douverture\\\/\"]}]},{\"@type\":\"WebSite\",\"@id\":\"https:\\\/\\\/develop.olympic.ca\\\/olympique\\\/#website\",\"url\":\"https:\\\/\\\/develop.olympic.ca\\\/olympique\\\/\",\"name\":\"\u00c9quipe Canada | Site officiel de l&#039;\u00e9quipe olympique\",\"description\":\"Votre source pour l\u2019\u00c9quipe olympique canadienne. Retrouvez les r\u00e9cits, vid\u00e9os et photos des athl\u00e8tes canadiens, sports olympiques, Jeux olympiques de 2020 et bien plus!\",\"potentialAction\":[{\"@type\":\"SearchAction\",\"target\":{\"@type\":\"EntryPoint\",\"urlTemplate\":\"https:\\\/\\\/develop.olympic.ca\\\/olympique\\\/?s={search_term_string}\"},\"query-input\":{\"@type\":\"PropertyValueSpecification\",\"valueRequired\":true,\"valueName\":\"search_term_string\"}}],\"inLanguage\":\"fr-FR\"}]}<\/script>\n<!-- \/ Yoast SEO plugin. -->","yoast_head_json":{"title":"L\u2019\u00c9quipe olympique canadienne d\u00e9file fi\u00e8rement \u00e0 la c\u00e9r\u00e9monie d\u2019ouverture - \u00c9quipe Canada | Site officiel de l&#039;\u00e9quipe olympique","robots":{"index":"index","follow":"follow","max-snippet":"max-snippet:-1","max-image-preview":"max-image-preview:large","max-video-preview":"max-video-preview:-1"},"canonical":"https:\/\/develop.olympic.ca\/olympique\/presse\/lequipe-olympique-canadienne-defile-fierement-a-la-ceremonie-douverture\/","og_locale":"fr_FR","og_type":"article","og_title":"L\u2019\u00c9quipe olympique canadienne d\u00e9file fi\u00e8rement \u00e0 la c\u00e9r\u00e9monie d\u2019ouverture - \u00c9quipe Canada | Site officiel de l&#039;\u00e9quipe olympique","og_description":"Men\u00e9e par le double m\u00e9daill\u00e9 en triathlon et porte-drapeau de la c\u00e9r\u00e9monie d\u2019ouverture des Jeux de 2012, Simon Whitfield, l\u2019\u00c9quipe...","og_url":"https:\/\/develop.olympic.ca\/olympique\/presse\/lequipe-olympique-canadienne-defile-fierement-a-la-ceremonie-douverture\/","og_site_name":"\u00c9quipe Canada | Site officiel de l&#039;\u00e9quipe olympique","twitter_card":"summary_large_image","twitter_misc":{"Est. reading time":"2 minutes","Written by":"Mark Nadolny"},"schema":{"@context":"https:\/\/schema.org","@graph":[{"@type":"WebPage","@id":"https:\/\/develop.olympic.ca\/olympique\/presse\/lequipe-olympique-canadienne-defile-fierement-a-la-ceremonie-douverture\/","url":"https:\/\/develop.olympic.ca\/olympique\/presse\/lequipe-olympique-canadienne-defile-fierement-a-la-ceremonie-douverture\/","name":"L\u2019\u00c9quipe olympique canadienne d\u00e9file fi\u00e8rement \u00e0 la c\u00e9r\u00e9monie d\u2019ouverture - \u00c9quipe Canada | Site officiel de l&#039;\u00e9quipe olympique","isPartOf":{"@id":"https:\/\/develop.olympic.ca\/olympique\/#website"},"datePublished":"2012-07-28T03:49:20+00:00","inLanguage":"fr-FR","potentialAction":[{"@type":"ReadAction","target":["https:\/\/develop.olympic.ca\/olympique\/presse\/lequipe-olympique-canadienne-defile-fierement-a-la-ceremonie-douverture\/"]}]},{"@type":"WebSite","@id":"https:\/\/develop.olympic.ca\/olympique\/#website","url":"https:\/\/develop.olympic.ca\/olympique\/","name":"\u00c9quipe Canada | Site officiel de l&#039;\u00e9quipe olympique","description":"Votre source pour l\u2019\u00c9quipe olympique canadienne. Retrouvez les r\u00e9cits, vid\u00e9os et photos des athl\u00e8tes canadiens, sports olympiques, Jeux olympiques de 2020 et bien plus!","potentialAction":[{"@type":"SearchAction","target":{"@type":"EntryPoint","urlTemplate":"https:\/\/develop.olympic.ca\/olympique\/?s={search_term_string}"},"query-input":{"@type":"PropertyValueSpecification","valueRequired":true,"valueName":"search_term_string"}}],"inLanguage":"fr-FR"}]}},"jetpack_sharing_enabled":true,"_links":{"self":[{"href":"https:\/\/develop.olympic.ca\/olympique\/wp-json\/wp\/v2\/press\/72449","targetHints":{"allow":["GET"]}}],"collection":[{"href":"https:\/\/develop.olympic.ca\/olympique\/wp-json\/wp\/v2\/press"}],"about":[{"href":"https:\/\/develop.olympic.ca\/olympique\/wp-json\/wp\/v2\/types\/press"}],"version-history":[{"count":0,"href":"https:\/\/develop.olympic.ca\/olympique\/wp-json\/wp\/v2\/press\/72449\/revisions"}],"wp:attachment":[{"href":"https:\/\/develop.olympic.ca\/olympique\/wp-json\/wp\/v2\/media?parent=72449"}],"wp:term":[{"taxonomy":"post_tag","embeddable":true,"href":"https:\/\/develop.olympic.ca\/olympique\/wp-json\/wp\/v2\/tags?post=72449"},{"taxonomy":"type-of-press","embeddable":true,"href":"https:\/\/develop.olympic.ca\/olympique\/wp-json\/wp\/v2\/type-of-press?post=72449"},{"taxonomy":"press-topic","embeddable":true,"href":"https:\/\/develop.olympic.ca\/olympique\/wp-json\/wp\/v2\/press-topic?post=72449"},{"taxonomy":"years","embeddable":true,"href":"https:\/\/develop.olympic.ca\/olympique\/wp-json\/wp\/v2\/years?post=72449"}],"curies":[{"name":"wp","href":"https:\/\/api.w.org\/{rel}","templated":true}]}}