{"id":72450,"date":"2012-07-27T23:07:05","date_gmt":"2012-07-28T03:11:45","guid":{"rendered":"http:\/\/develop.olympic.ca\/?p=37627"},"modified":"2012-07-27T23:07:05","modified_gmt":"2012-07-28T03:11:45","slug":"lequipe-olympique-canadienne-est-prete-pour-londres-2012","status":"publish","type":"press","link":"https:\/\/develop.olympic.ca\/olympique\/presse\/lequipe-olympique-canadienne-est-prete-pour-londres-2012\/","title":{"rendered":"L\u2019\u00c9quipe olympique canadienne est pr\u00eate pour Londres 2012"},"content":{"rendered":"<p><strong>LONDRES \u2013<\/strong>\u00a0Les m\u00e9dias \u00e9taient invit\u00e9s \u00e0 participer \u00e0 la conf\u00e9rence de presse d\u2019ouverture des Jeux olympiques de 2012 \u00e0 Londres. L\u2019\u00c9quipe olympique canadienne \u00e9tait repr\u00e9sent\u00e9e par le pr\u00e9sident du Comit\u00e9 olympique canadien, Marcel Aubut, le chef de mission, Mark Tewksbury et la chef de mission adjointe Sylvie Bernier, ainsi que par la plongeuse Jennifer Abel et l\u2019entra\u00eeneuse de basketball, Allison McNeill.<\/p>\n<p><strong>PHOTO\u00a01\u00a0:<\/strong>\u00a0<a href=\"http:\/\/develop.olympic.ca\/wp-content\/uploads\/sites\/2\/2012\/07\/abel_bernier1.jpg\" target=\"_blank\"><span style=\"color:#336699;\">http:\/\/develop.olympic.ca\/wp-content\/uploads\/sites\/2\/2012\/07\/abel_bernier1.jpg<\/span><\/a><br \/>\nLa chef de mission adjointe de l\u2019\u00c9quipe olympique canadienne, Sylvie Bernier (\u00e0 droite), partage un rire avec la plongeuse Jennifer Abel \u00e0 la conf\u00e9rence de presse d\u2019ouverture des Jeux olympiques de 2012 \u00e0 Londres, le vendredi 27 juillet 2012.<br \/>\nPhoto du COC par Mike Ridewood<\/p>\n<p><strong>PHOTO\u00a02\u00a0:<\/strong>\u00a0<a href=\"http:\/\/develop.olympic.ca\/wp-content\/uploads\/sites\/2\/2012\/07\/aubut.jpg\" target=\"_blank\"><span style=\"color:#336699;\">http:\/\/develop.olympic.ca\/wp-content\/uploads\/sites\/2\/2012\/07\/aubut.jpg<\/span><\/a><br \/>\nMarcel Aubut, pr\u00e9sident du Comit\u00e9 olympique canadien, prend la parole \u00e0 la conf\u00e9rence d\u2019ouverture des Jeux olympiques de 2012 \u00e0 Londres, le vendredi 27 juillet 2012.<br \/>\nPhoto du COC par Mike Ridewood<\/p>\n<p><strong>PHOTO\u00a03\u00a0:\u00a0<\/strong><a href=\"http:\/\/develop.olympic.ca\/wp-content\/uploads\/sites\/2\/2012\/07\/bernier_tewksbury.jpg\" target=\"_blank\"><span style=\"color:#336699;\">http:\/\/develop.olympic.ca\/wp-content\/uploads\/sites\/2\/2012\/07\/bernier_tewksbury.jpg<\/span><\/a><br \/>\nLe chef de mission de l\u2019\u00c9quipe olympique canadienne, Mark Tewksbury et la chef de mission adjointe, Sylvie Bernier encouragent l\u2019\u00e9quipe \u00e0 la conf\u00e9rence d\u2019ouverture des Jeux olympiques de 2012 \u00e0 Londres, le vendredi 27 juillet 2012.<br \/>\nPhoto du COC par Mike Ridewood<\/p>\n<p><strong>PHOTO\u00a04\u00a0:<\/strong>\u00a0<a href=\"http:\/\/develop.olympic.ca\/wp-content\/uploads\/sites\/2\/2012\/07\/mcneill.jpg\" target=\"_blank\"><span style=\"color:#336699;\">http:\/\/develop.olympic.ca\/wp-content\/uploads\/sites\/2\/2012\/07\/mcneill.jpg<\/span><\/a><br \/>\nL\u2019entra\u00eeneuse de l\u2019\u00e9quipe canadienne de basketball f\u00e9minin, Allison McNeill, prend la parole \u00e0 la conf\u00e9rence d\u2019ouverture des Jeux olympiques de 2012 \u00e0 Londres, le vendredi 27 juillet 2012.<br \/>\nPhoto du COC par Mike Ridewood<\/p>\n<p><strong>PHOTO\u00a05 :\u00a0<\/strong>\u00a0<a href=\"http:\/\/develop.olympic.ca\/wp-content\/uploads\/sites\/2\/2012\/07\/tewksbury1.jpg\" target=\"_blank\"><span style=\"color:#336699;\">http:\/\/develop.olympic.ca\/wp-content\/uploads\/sites\/2\/2012\/07\/tewksbury1.jpg<\/span><\/a><br \/>\nLe chef de mission de l\u2019\u00c9quipe olympique canadienne, Mark Tewksbury, prend la parole \u00e0 la conf\u00e9rence d\u2019ouverture des Jeux olympiques de 2012 \u00e0 Londres, le vendredi 27 juillet 2012.<br \/>\nPhoto du COC par Mike Ridewood<\/p>\n<div align=\"center\">&#8211; 30 \u2013<\/div>\n<p><strong>Bureau de presse du Comit\u00e9 olympique canadien:\u00a0<\/strong><br \/>\nJane Almeida, gestionnaire, Relations avec les m\u00e9dias<br \/>\nT\u00e9l.\u00a0: +44 7714000818<br \/>\nCourriel\u00a0:\u00a0<a href=\"https:\/\/mail.olympic.ca\/owa\/redir.aspx?C=d5f54af3dd83498db212c452e571e715&amp;URL=mailto%3ajalmeida%40olympic.ca\" target=\"_blank\"><span style=\"color:#336699;\">jalmeida@olympic.ca<\/span><\/a><\/p>\n<p>Dimitri Soudas, directeur ex\u00e9cutif, Communications<br \/>\nT\u00e9l.\u00a0: +44 7702956471<br \/>\nCourriel\u00a0:\u00a0<a href=\"https:\/\/mail.olympic.ca\/owa\/redir.aspx?C=d5f54af3dd83498db212c452e571e715&amp;URL=mailto%3adsoudas%40olympic.ca\" target=\"_blank\"><span style=\"color:#336699;\">dsoudas@olympic.ca<\/span><\/a><\/p>\n","protected":false},"excerpt":{"rendered":"<p>LONDRES \u2013\u00a0Les m\u00e9dias \u00e9taient invit\u00e9s \u00e0 participer \u00e0 la conf\u00e9rence de presse d\u2019ouverture des Jeux olympiques de 2012 \u00e0 Londres&#8230;.<\/p>\n","protected":false},"featured_media":0,"template":"","format":"standard","tags":[],"type-of-press":[],"press-topic":[],"years":[],"class_list":["post-72450","press","type-press","status-publish","format-standard","hentry"],"acf":[],"yoast_head":"<!-- This site is optimized with the Yoast SEO plugin v27.3 - https:\/\/yoast.com\/product\/yoast-seo-wordpress\/ -->\n<title>L\u2019\u00c9quipe olympique canadienne est pr\u00eate pour Londres 2012 - \u00c9quipe Canada | Site officiel de l&#039;\u00e9quipe olympique<\/title>\n<meta name=\"robots\" content=\"index, follow, max-snippet:-1, max-image-preview:large, max-video-preview:-1\" \/>\n<link rel=\"canonical\" href=\"https:\/\/develop.olympic.ca\/olympique\/presse\/lequipe-olympique-canadienne-est-prete-pour-londres-2012\/\" \/>\n<meta property=\"og:locale\" content=\"fr_FR\" \/>\n<meta property=\"og:type\" content=\"article\" \/>\n<meta property=\"og:title\" content=\"L\u2019\u00c9quipe olympique canadienne est pr\u00eate pour Londres 2012 - \u00c9quipe Canada | Site officiel de l&#039;\u00e9quipe olympique\" \/>\n<meta property=\"og:description\" content=\"LONDRES \u2013\u00a0Les m\u00e9dias \u00e9taient invit\u00e9s \u00e0 participer \u00e0 la conf\u00e9rence de presse d\u2019ouverture des Jeux olympiques de 2012 \u00e0 Londres....\" \/>\n<meta property=\"og:url\" content=\"https:\/\/develop.olympic.ca\/olympique\/presse\/lequipe-olympique-canadienne-est-prete-pour-londres-2012\/\" \/>\n<meta property=\"og:site_name\" content=\"\u00c9quipe Canada | Site officiel de l&#039;\u00e9quipe olympique\" \/>\n<meta name=\"twitter:card\" content=\"summary_large_image\" \/>\n<meta name=\"twitter:label1\" content=\"Est. reading time\" \/>\n\t<meta name=\"twitter:data1\" content=\"2 minutes\" \/>\n\t<meta name=\"twitter:label2\" content=\"Written by\" \/>\n\t<meta name=\"twitter:data2\" content=\"Mark Nadolny\" \/>\n<script type=\"application\/ld+json\" class=\"yoast-schema-graph\">{\"@context\":\"https:\\\/\\\/schema.org\",\"@graph\":[{\"@type\":\"WebPage\",\"@id\":\"https:\\\/\\\/develop.olympic.ca\\\/olympique\\\/presse\\\/lequipe-olympique-canadienne-est-prete-pour-londres-2012\\\/\",\"url\":\"https:\\\/\\\/develop.olympic.ca\\\/olympique\\\/presse\\\/lequipe-olympique-canadienne-est-prete-pour-londres-2012\\\/\",\"name\":\"L\u2019\u00c9quipe olympique canadienne est pr\u00eate pour Londres 2012 - \u00c9quipe Canada | Site officiel de l&#039;\u00e9quipe olympique\",\"isPartOf\":{\"@id\":\"https:\\\/\\\/develop.olympic.ca\\\/olympique\\\/#website\"},\"datePublished\":\"2012-07-28T03:11:45+00:00\",\"inLanguage\":\"fr-FR\",\"potentialAction\":[{\"@type\":\"ReadAction\",\"target\":[\"https:\\\/\\\/develop.olympic.ca\\\/olympique\\\/presse\\\/lequipe-olympique-canadienne-est-prete-pour-londres-2012\\\/\"]}]},{\"@type\":\"WebSite\",\"@id\":\"https:\\\/\\\/develop.olympic.ca\\\/olympique\\\/#website\",\"url\":\"https:\\\/\\\/develop.olympic.ca\\\/olympique\\\/\",\"name\":\"\u00c9quipe Canada | Site officiel de l&#039;\u00e9quipe olympique\",\"description\":\"Votre source pour l\u2019\u00c9quipe olympique canadienne. Retrouvez les r\u00e9cits, vid\u00e9os et photos des athl\u00e8tes canadiens, sports olympiques, Jeux olympiques de 2020 et bien plus!\",\"potentialAction\":[{\"@type\":\"SearchAction\",\"target\":{\"@type\":\"EntryPoint\",\"urlTemplate\":\"https:\\\/\\\/develop.olympic.ca\\\/olympique\\\/?s={search_term_string}\"},\"query-input\":{\"@type\":\"PropertyValueSpecification\",\"valueRequired\":true,\"valueName\":\"search_term_string\"}}],\"inLanguage\":\"fr-FR\"}]}<\/script>\n<!-- \/ Yoast SEO plugin. -->","yoast_head_json":{"title":"L\u2019\u00c9quipe olympique canadienne est pr\u00eate pour Londres 2012 - \u00c9quipe Canada | Site officiel de l&#039;\u00e9quipe olympique","robots":{"index":"index","follow":"follow","max-snippet":"max-snippet:-1","max-image-preview":"max-image-preview:large","max-video-preview":"max-video-preview:-1"},"canonical":"https:\/\/develop.olympic.ca\/olympique\/presse\/lequipe-olympique-canadienne-est-prete-pour-londres-2012\/","og_locale":"fr_FR","og_type":"article","og_title":"L\u2019\u00c9quipe olympique canadienne est pr\u00eate pour Londres 2012 - \u00c9quipe Canada | Site officiel de l&#039;\u00e9quipe olympique","og_description":"LONDRES \u2013\u00a0Les m\u00e9dias \u00e9taient invit\u00e9s \u00e0 participer \u00e0 la conf\u00e9rence de presse d\u2019ouverture des Jeux olympiques de 2012 \u00e0 Londres....","og_url":"https:\/\/develop.olympic.ca\/olympique\/presse\/lequipe-olympique-canadienne-est-prete-pour-londres-2012\/","og_site_name":"\u00c9quipe Canada | Site officiel de l&#039;\u00e9quipe olympique","twitter_card":"summary_large_image","twitter_misc":{"Est. reading time":"2 minutes","Written by":"Mark Nadolny"},"schema":{"@context":"https:\/\/schema.org","@graph":[{"@type":"WebPage","@id":"https:\/\/develop.olympic.ca\/olympique\/presse\/lequipe-olympique-canadienne-est-prete-pour-londres-2012\/","url":"https:\/\/develop.olympic.ca\/olympique\/presse\/lequipe-olympique-canadienne-est-prete-pour-londres-2012\/","name":"L\u2019\u00c9quipe olympique canadienne est pr\u00eate pour Londres 2012 - \u00c9quipe Canada | Site officiel de l&#039;\u00e9quipe olympique","isPartOf":{"@id":"https:\/\/develop.olympic.ca\/olympique\/#website"},"datePublished":"2012-07-28T03:11:45+00:00","inLanguage":"fr-FR","potentialAction":[{"@type":"ReadAction","target":["https:\/\/develop.olympic.ca\/olympique\/presse\/lequipe-olympique-canadienne-est-prete-pour-londres-2012\/"]}]},{"@type":"WebSite","@id":"https:\/\/develop.olympic.ca\/olympique\/#website","url":"https:\/\/develop.olympic.ca\/olympique\/","name":"\u00c9quipe Canada | Site officiel de l&#039;\u00e9quipe olympique","description":"Votre source pour l\u2019\u00c9quipe olympique canadienne. Retrouvez les r\u00e9cits, vid\u00e9os et photos des athl\u00e8tes canadiens, sports olympiques, Jeux olympiques de 2020 et bien plus!","potentialAction":[{"@type":"SearchAction","target":{"@type":"EntryPoint","urlTemplate":"https:\/\/develop.olympic.ca\/olympique\/?s={search_term_string}"},"query-input":{"@type":"PropertyValueSpecification","valueRequired":true,"valueName":"search_term_string"}}],"inLanguage":"fr-FR"}]}},"jetpack_sharing_enabled":true,"_links":{"self":[{"href":"https:\/\/develop.olympic.ca\/olympique\/wp-json\/wp\/v2\/press\/72450","targetHints":{"allow":["GET"]}}],"collection":[{"href":"https:\/\/develop.olympic.ca\/olympique\/wp-json\/wp\/v2\/press"}],"about":[{"href":"https:\/\/develop.olympic.ca\/olympique\/wp-json\/wp\/v2\/types\/press"}],"version-history":[{"count":0,"href":"https:\/\/develop.olympic.ca\/olympique\/wp-json\/wp\/v2\/press\/72450\/revisions"}],"wp:attachment":[{"href":"https:\/\/develop.olympic.ca\/olympique\/wp-json\/wp\/v2\/media?parent=72450"}],"wp:term":[{"taxonomy":"post_tag","embeddable":true,"href":"https:\/\/develop.olympic.ca\/olympique\/wp-json\/wp\/v2\/tags?post=72450"},{"taxonomy":"type-of-press","embeddable":true,"href":"https:\/\/develop.olympic.ca\/olympique\/wp-json\/wp\/v2\/type-of-press?post=72450"},{"taxonomy":"press-topic","embeddable":true,"href":"https:\/\/develop.olympic.ca\/olympique\/wp-json\/wp\/v2\/press-topic?post=72450"},{"taxonomy":"years","embeddable":true,"href":"https:\/\/develop.olympic.ca\/olympique\/wp-json\/wp\/v2\/years?post=72450"}],"curies":[{"name":"wp","href":"https:\/\/api.w.org\/{rel}","templated":true}]}}