{"id":72452,"date":"2012-07-26T10:25:55","date_gmt":"2012-07-26T14:31:40","guid":{"rendered":"http:\/\/develop.olympic.ca\/?p=37201"},"modified":"2012-07-26T10:25:55","modified_gmt":"2012-07-26T14:31:40","slug":"le-gouverneur-general-du-canada-david-johnston-partage-la-fierte-de-lequipe-olympique-canadienne-au-village-des-athletes","status":"publish","type":"press","link":"https:\/\/develop.olympic.ca\/olympique\/presse\/le-gouverneur-general-du-canada-david-johnston-partage-la-fierte-de-lequipe-olympique-canadienne-au-village-des-athletes\/","title":{"rendered":"Le gouverneur g\u00e9n\u00e9ral du Canada David Johnston partage la fiert\u00e9 de l\u2019\u00c9quipe olympique canadienne au village des athl\u00e8tes"},"content":{"rendered":"<div><span style=\"font-family:Times New Roman, serif;font-size:small;\"><span style=\"color:#505050;font-family:Arial, sans-serif;font-size:x-small;\"><strong>LONDON, R.-U. \u00a0\u0336<\/strong><\/span><span style=\"color:#505050;font-family:Arial, sans-serif;font-size:x-small;\">\u00a0 Son Excellence, le tr\u00e8s honorable David Johnston, gouverneur g\u00e9n\u00e9ral du Canada, a partag\u00e9 la camaraderie et l\u2019\u00e9nergie de l\u2019\u00c9quipe olympique canadienne lors de la c\u00e9r\u00e9monie officielle d\u2019accueil de l\u2019\u00e9quipe qui s\u2019est tenue le mercredi 25 juillet 2012 au village olympique \u00e0 Londres, au Royaume-Uni.<\/span><\/span><\/div>\n<div><span style=\"font-family:Times New Roman, serif;font-size:small;\"><span style=\"color:#505050;font-family:Arial, sans-serif;font-size:x-small;\"><br \/>\n<\/span><span style=\"color:#505050;font-family:Arial, sans-serif;font-size:x-small;\"><strong>Photo\u00a01\u00a0: <\/strong><\/span><a href=\"http:\/\/develop.olympic.ca\/wp-content\/uploads\/sites\/2\/2012\/07\/gg1.jpg\" target=\"_blank\"><span style=\"font-family:Arial, sans-serif;font-size:x-small;\"><span style=\"color:#336699;\">http:\/\/develop.olympic.ca\/wp-content\/uploads\/sites\/2\/2012\/07\/gg1.jpg<\/span><\/span><\/a><span style=\"color:#505050;font-family:Arial, sans-serif;font-size:x-small;\"><br \/>\nSon Excellence, le tr\u00e8s honorable David Johnston, gouverneur g\u00e9n\u00e9ral du Canada, a manifest\u00e9 son soutien et sa fiert\u00e9 \u00e0 l\u2019\u00e9gard de l\u2019\u00c9quipe olympique canadienne au cours de la c\u00e9r\u00e9monie officielle d\u2019accueil de l\u2019\u00e9quipe qui s\u2019est tenue le mercredi 25 juillet 2012 au village olympique. De gauche \u00e0 droite, Sharon Johnston et son \u00e9poux, le gouverneur g\u00e9n\u00e9ral David Johnston, Nancy Campbell et son \u00e9poux, le haut-commissaire Gordon Campbell, le pr\u00e9sident du Comit\u00e9 olympique canadien, Marcel Aubut, le ministre d\u2019\u00c9tat (Sport), Bal Gosal et son \u00e9pouse Pawanjit Gosal.<\/span><span style=\"color:#505050;font-family:Arial, sans-serif;font-size:x-small;\"><br \/>\nPhoto gracieusement fournie au COC<\/span><span style=\"color:#505050;font-family:Arial, sans-serif;font-size:x-small;\"><br \/>\n<\/span><span style=\"color:#505050;font-family:Arial, sans-serif;font-size:x-small;\"><br \/>\n<\/span><span style=\"color:#505050;font-family:Arial, sans-serif;font-size:x-small;\"><strong>Photo\u00a02\u00a0: <\/strong><\/span><a href=\"http:\/\/develop.olympic.ca\/wp-content\/uploads\/sites\/2\/2012\/07\/gg2.jpg\" target=\"_blank\"><span style=\"font-family:Arial, sans-serif;font-size:x-small;\"><span style=\"color:#336699;\">http:\/\/develop.olympic.ca\/wp-content\/uploads\/sites\/2\/2012\/07\/gg2.jpg<\/span><\/span><\/a><span style=\"color:#505050;font-family:Arial, sans-serif;font-size:x-small;\"><br \/>\nSon Excellence, le tr\u00e8s honorable David Johnston, gouverneur g\u00e9n\u00e9ral du Canada (\u00e0 gauche), a manifest\u00e9 son soutien et sa fiert\u00e9 \u00e0 l\u2019\u00e9gard de l\u2019\u00c9quipe olympique canadienne au cours de la c\u00e9r\u00e9monie officielle d\u2019accueil de l\u2019\u00e9quipe qui s\u2019est tenue le mercredi 25 juillet 2012 au village olympique. Son \u00e9pouse, \u00a0Sharon Johnston, au centre, tient une veste de l\u2019\u00c9quipe olympique canadienne avec le pr\u00e9sident du COC, Marcel Aubut.<\/span><span style=\"color:#505050;font-family:Arial, sans-serif;font-size:x-small;\"><br \/>\nPhoto gracieusement fournie au COC<\/span><span style=\"color:#505050;font-family:Arial, sans-serif;font-size:x-small;\"><br \/>\n<\/span><span style=\"color:#505050;font-family:Arial, sans-serif;font-size:x-small;\"><br \/>\n<\/span><span style=\"color:#505050;font-family:Arial, sans-serif;font-size:x-small;\"><strong>Photo\u00a03\u00a0: <\/strong><\/span><a href=\"http:\/\/develop.olympic.ca\/wp-content\/uploads\/sites\/2\/2012\/07\/gg3.jpg\" target=\"_blank\"><span style=\"font-family:Arial, sans-serif;font-size:x-small;\"><span style=\"color:#336699;\">http:\/\/develop.olympic.ca\/wp-content\/uploads\/sites\/2\/2012\/07\/gg3.jpg<\/span><\/span><\/a><span style=\"color:#505050;font-family:Arial, sans-serif;font-size:x-small;\"><br \/>\nSon Excellence, le tr\u00e8s honorable l David Johnston, gouverneur g\u00e9n\u00e9ral du Canada, au centre \u00e0 gauche avec le flambeau olympique, a manifest\u00e9 son soutien et sa fiert\u00e9 \u00e0 l\u2019\u00e9gard de l\u2019\u00c9quipe olympique canadienne au cours de la c\u00e9r\u00e9monie officielle d\u2019accueil de l\u2019\u00e9quipe qui s\u2019est tenue le mercredi 25 juillet 2012 au village olympique. On le voit ici en compagnie du haut-commissaire du Canada Gordon Campbell, \u00e0 gauche, du pr\u00e9sident du Comit\u00e9 olympique canadien, Marcel Aubut et du ministre d\u2019\u00c9tat (Sport), Bal Gosal.<\/span><span style=\"color:#505050;font-family:Arial, sans-serif;font-size:x-small;\"><br \/>\nPhoto gracieusement fournie au COC<\/span><\/span><\/div>\n<div><\/div>\n<div><span style=\"font-family:Times New Roman, serif;font-size:small;\"><span style=\"color:#505050;font-family:Arial, sans-serif;font-size:x-small;\">&#8211; 30 &#8211;<\/span><\/span><\/div>\n<div><\/div>\n<div><span style=\"font-family:Times New Roman, serif;font-size:small;\"><span style=\"color:#505050;font-family:Arial, sans-serif;font-size:x-small;\"><strong>Bureau de presse du Comit\u00e9 olympique canadien\u00a0:\u00a0\u00a0\u00a0\u00a0 \u00a0\u00a0\u00a0\u00a0\u00a0\u00a0\u00a0\u00a0\u00a0\u00a0<\/strong><\/span><span style=\"color:#505050;font-family:Arial, sans-serif;font-size:x-small;\"><strong>\u00a0\u00a0\u00a0\u00a0\u00a0\u00a0\u00a0 <\/strong><\/span><span style=\"color:#505050;font-family:Arial, sans-serif;font-size:x-small;\"><br \/>\nJane Almeida, gestionnaire, Relations avec les m\u00e9dias \u00a0\u00a0\u00a0\u00a0\u00a0\u00a0\u00a0\u00a0\u00a0\u00a0\u00a0\u00a0\u00a0\u00a0\u00a0\u00a0\u00a0\u00a0\u00a0\u00a0\u00a0\u00a0\u00a0\u00a0\u00a0\u00a0<\/span><span style=\"color:#505050;font-family:Arial, sans-serif;font-size:x-small;\"><br \/>\nT\u00e9l.\u00a0: +44 7714000818\u00a0\u00a0\u00a0\u00a0\u00a0\u00a0\u00a0\u00a0\u00a0\u00a0\u00a0\u00a0\u00a0\u00a0\u00a0\u00a0\u00a0\u00a0\u00a0\u00a0\u00a0\u00a0\u00a0\u00a0\u00a0\u00a0\u00a0\u00a0\u00a0\u00a0\u00a0<\/span><span style=\"color:#505050;font-family:Arial, sans-serif;font-size:x-small;\"><br \/>\nCourriel\u00a0: <\/span><a href=\"mailto:jalmeida@olympic.ca\" target=\"_blank\"><span style=\"font-family:Arial, sans-serif;font-size:x-small;\"><span style=\"color:#336699;\">jalmeida@olympic.ca<\/span><\/span><\/a><span style=\"color:#505050;font-family:Arial, sans-serif;font-size:x-small;\"> \u00a0\u00a0\u00a0<\/span><span style=\"color:#505050;font-family:Arial, sans-serif;font-size:x-small;\"><br \/>\n<\/span><span style=\"color:#505050;font-family:Arial, sans-serif;font-size:x-small;\"><br \/>\nDimitri Soudas, directeur ex\u00e9cutif, Communications<\/span><span style=\"color:#505050;font-family:Arial, sans-serif;font-size:x-small;\"><br \/>\nT\u00e9l.\u00a0: +44 7702956471<\/span><span style=\"color:#505050;font-family:Arial, sans-serif;font-size:x-small;\"><br \/>\nCourriel\u00a0: <\/span><a href=\"mailto:dsoudas@olympic.ca\" target=\"_blank\"><span style=\"font-family:Arial, sans-serif;font-size:x-small;\"><span style=\"color:#336699;\">dsoudas@olympic.ca<\/span><\/span><\/a><span style=\"color:#505050;font-family:Arial, sans-serif;font-size:x-small;\"><br \/>\n<\/span><\/span><\/div>\n","protected":false},"excerpt":{"rendered":"<p>LONDON, R.-U. \u00a0\u0336\u00a0 Son Excellence, le tr\u00e8s honorable David Johnston, gouverneur g\u00e9n\u00e9ral du Canada, a partag\u00e9 la camaraderie et l\u2019\u00e9nergie&#8230;<\/p>\n","protected":false},"featured_media":0,"template":"","format":"standard","tags":[],"type-of-press":[],"press-topic":[],"years":[],"class_list":["post-72452","press","type-press","status-publish","format-standard","hentry"],"acf":[],"yoast_head":"<!-- This site is optimized with the Yoast SEO plugin v27.3 - https:\/\/yoast.com\/product\/yoast-seo-wordpress\/ -->\n<title>Le gouverneur g\u00e9n\u00e9ral du Canada David Johnston partage la fiert\u00e9 de l\u2019\u00c9quipe olympique canadienne au village des athl\u00e8tes - \u00c9quipe Canada | Site officiel de l&#039;\u00e9quipe olympique<\/title>\n<meta name=\"robots\" content=\"index, follow, max-snippet:-1, max-image-preview:large, max-video-preview:-1\" \/>\n<link rel=\"canonical\" href=\"https:\/\/develop.olympic.ca\/olympique\/presse\/le-gouverneur-general-du-canada-david-johnston-partage-la-fierte-de-lequipe-olympique-canadienne-au-village-des-athletes\/\" \/>\n<meta property=\"og:locale\" content=\"fr_FR\" \/>\n<meta property=\"og:type\" content=\"article\" \/>\n<meta property=\"og:title\" content=\"Le gouverneur g\u00e9n\u00e9ral du Canada David Johnston partage la fiert\u00e9 de l\u2019\u00c9quipe olympique canadienne au village des athl\u00e8tes - \u00c9quipe Canada | Site officiel de l&#039;\u00e9quipe olympique\" \/>\n<meta property=\"og:description\" content=\"LONDON, R.-U. \u00a0\u0336\u00a0 Son Excellence, le tr\u00e8s honorable David Johnston, gouverneur g\u00e9n\u00e9ral du Canada, a partag\u00e9 la camaraderie et l\u2019\u00e9nergie...\" \/>\n<meta property=\"og:url\" content=\"https:\/\/develop.olympic.ca\/olympique\/presse\/le-gouverneur-general-du-canada-david-johnston-partage-la-fierte-de-lequipe-olympique-canadienne-au-village-des-athletes\/\" \/>\n<meta property=\"og:site_name\" content=\"\u00c9quipe Canada | Site officiel de l&#039;\u00e9quipe olympique\" \/>\n<meta name=\"twitter:card\" content=\"summary_large_image\" \/>\n<meta name=\"twitter:label1\" content=\"Est. reading time\" \/>\n\t<meta name=\"twitter:data1\" content=\"2 minutes\" \/>\n\t<meta name=\"twitter:label2\" content=\"Written by\" \/>\n\t<meta name=\"twitter:data2\" content=\"Mark Nadolny\" \/>\n<script type=\"application\/ld+json\" class=\"yoast-schema-graph\">{\"@context\":\"https:\\\/\\\/schema.org\",\"@graph\":[{\"@type\":\"WebPage\",\"@id\":\"https:\\\/\\\/develop.olympic.ca\\\/olympique\\\/presse\\\/le-gouverneur-general-du-canada-david-johnston-partage-la-fierte-de-lequipe-olympique-canadienne-au-village-des-athletes\\\/\",\"url\":\"https:\\\/\\\/develop.olympic.ca\\\/olympique\\\/presse\\\/le-gouverneur-general-du-canada-david-johnston-partage-la-fierte-de-lequipe-olympique-canadienne-au-village-des-athletes\\\/\",\"name\":\"Le gouverneur g\u00e9n\u00e9ral du Canada David Johnston partage la fiert\u00e9 de l\u2019\u00c9quipe olympique canadienne au village des athl\u00e8tes - \u00c9quipe Canada | Site officiel de l&#039;\u00e9quipe olympique\",\"isPartOf\":{\"@id\":\"https:\\\/\\\/develop.olympic.ca\\\/olympique\\\/#website\"},\"datePublished\":\"2012-07-26T14:31:40+00:00\",\"inLanguage\":\"fr-FR\",\"potentialAction\":[{\"@type\":\"ReadAction\",\"target\":[\"https:\\\/\\\/develop.olympic.ca\\\/olympique\\\/presse\\\/le-gouverneur-general-du-canada-david-johnston-partage-la-fierte-de-lequipe-olympique-canadienne-au-village-des-athletes\\\/\"]}]},{\"@type\":\"WebSite\",\"@id\":\"https:\\\/\\\/develop.olympic.ca\\\/olympique\\\/#website\",\"url\":\"https:\\\/\\\/develop.olympic.ca\\\/olympique\\\/\",\"name\":\"\u00c9quipe Canada | Site officiel de l&#039;\u00e9quipe olympique\",\"description\":\"Votre source pour l\u2019\u00c9quipe olympique canadienne. Retrouvez les r\u00e9cits, vid\u00e9os et photos des athl\u00e8tes canadiens, sports olympiques, Jeux olympiques de 2020 et bien plus!\",\"potentialAction\":[{\"@type\":\"SearchAction\",\"target\":{\"@type\":\"EntryPoint\",\"urlTemplate\":\"https:\\\/\\\/develop.olympic.ca\\\/olympique\\\/?s={search_term_string}\"},\"query-input\":{\"@type\":\"PropertyValueSpecification\",\"valueRequired\":true,\"valueName\":\"search_term_string\"}}],\"inLanguage\":\"fr-FR\"}]}<\/script>\n<!-- \/ Yoast SEO plugin. -->","yoast_head_json":{"title":"Le gouverneur g\u00e9n\u00e9ral du Canada David Johnston partage la fiert\u00e9 de l\u2019\u00c9quipe olympique canadienne au village des athl\u00e8tes - \u00c9quipe Canada | Site officiel de l&#039;\u00e9quipe olympique","robots":{"index":"index","follow":"follow","max-snippet":"max-snippet:-1","max-image-preview":"max-image-preview:large","max-video-preview":"max-video-preview:-1"},"canonical":"https:\/\/develop.olympic.ca\/olympique\/presse\/le-gouverneur-general-du-canada-david-johnston-partage-la-fierte-de-lequipe-olympique-canadienne-au-village-des-athletes\/","og_locale":"fr_FR","og_type":"article","og_title":"Le gouverneur g\u00e9n\u00e9ral du Canada David Johnston partage la fiert\u00e9 de l\u2019\u00c9quipe olympique canadienne au village des athl\u00e8tes - \u00c9quipe Canada | Site officiel de l&#039;\u00e9quipe olympique","og_description":"LONDON, R.-U. \u00a0\u0336\u00a0 Son Excellence, le tr\u00e8s honorable David Johnston, gouverneur g\u00e9n\u00e9ral du Canada, a partag\u00e9 la camaraderie et l\u2019\u00e9nergie...","og_url":"https:\/\/develop.olympic.ca\/olympique\/presse\/le-gouverneur-general-du-canada-david-johnston-partage-la-fierte-de-lequipe-olympique-canadienne-au-village-des-athletes\/","og_site_name":"\u00c9quipe Canada | Site officiel de l&#039;\u00e9quipe olympique","twitter_card":"summary_large_image","twitter_misc":{"Est. reading time":"2 minutes","Written by":"Mark Nadolny"},"schema":{"@context":"https:\/\/schema.org","@graph":[{"@type":"WebPage","@id":"https:\/\/develop.olympic.ca\/olympique\/presse\/le-gouverneur-general-du-canada-david-johnston-partage-la-fierte-de-lequipe-olympique-canadienne-au-village-des-athletes\/","url":"https:\/\/develop.olympic.ca\/olympique\/presse\/le-gouverneur-general-du-canada-david-johnston-partage-la-fierte-de-lequipe-olympique-canadienne-au-village-des-athletes\/","name":"Le gouverneur g\u00e9n\u00e9ral du Canada David Johnston partage la fiert\u00e9 de l\u2019\u00c9quipe olympique canadienne au village des athl\u00e8tes - \u00c9quipe Canada | Site officiel de l&#039;\u00e9quipe olympique","isPartOf":{"@id":"https:\/\/develop.olympic.ca\/olympique\/#website"},"datePublished":"2012-07-26T14:31:40+00:00","inLanguage":"fr-FR","potentialAction":[{"@type":"ReadAction","target":["https:\/\/develop.olympic.ca\/olympique\/presse\/le-gouverneur-general-du-canada-david-johnston-partage-la-fierte-de-lequipe-olympique-canadienne-au-village-des-athletes\/"]}]},{"@type":"WebSite","@id":"https:\/\/develop.olympic.ca\/olympique\/#website","url":"https:\/\/develop.olympic.ca\/olympique\/","name":"\u00c9quipe Canada | Site officiel de l&#039;\u00e9quipe olympique","description":"Votre source pour l\u2019\u00c9quipe olympique canadienne. Retrouvez les r\u00e9cits, vid\u00e9os et photos des athl\u00e8tes canadiens, sports olympiques, Jeux olympiques de 2020 et bien plus!","potentialAction":[{"@type":"SearchAction","target":{"@type":"EntryPoint","urlTemplate":"https:\/\/develop.olympic.ca\/olympique\/?s={search_term_string}"},"query-input":{"@type":"PropertyValueSpecification","valueRequired":true,"valueName":"search_term_string"}}],"inLanguage":"fr-FR"}]}},"jetpack_sharing_enabled":true,"_links":{"self":[{"href":"https:\/\/develop.olympic.ca\/olympique\/wp-json\/wp\/v2\/press\/72452","targetHints":{"allow":["GET"]}}],"collection":[{"href":"https:\/\/develop.olympic.ca\/olympique\/wp-json\/wp\/v2\/press"}],"about":[{"href":"https:\/\/develop.olympic.ca\/olympique\/wp-json\/wp\/v2\/types\/press"}],"version-history":[{"count":0,"href":"https:\/\/develop.olympic.ca\/olympique\/wp-json\/wp\/v2\/press\/72452\/revisions"}],"wp:attachment":[{"href":"https:\/\/develop.olympic.ca\/olympique\/wp-json\/wp\/v2\/media?parent=72452"}],"wp:term":[{"taxonomy":"post_tag","embeddable":true,"href":"https:\/\/develop.olympic.ca\/olympique\/wp-json\/wp\/v2\/tags?post=72452"},{"taxonomy":"type-of-press","embeddable":true,"href":"https:\/\/develop.olympic.ca\/olympique\/wp-json\/wp\/v2\/type-of-press?post=72452"},{"taxonomy":"press-topic","embeddable":true,"href":"https:\/\/develop.olympic.ca\/olympique\/wp-json\/wp\/v2\/press-topic?post=72452"},{"taxonomy":"years","embeddable":true,"href":"https:\/\/develop.olympic.ca\/olympique\/wp-json\/wp\/v2\/years?post=72452"}],"curies":[{"name":"wp","href":"https:\/\/api.w.org\/{rel}","templated":true}]}}