{"id":73048,"date":"2013-03-29T20:23:11","date_gmt":"2013-03-30T00:23:11","guid":{"rendered":"http:\/\/develop.olympic.ca\/?p=51073"},"modified":"2013-03-29T20:23:11","modified_gmt":"2013-03-30T00:23:11","slug":"relativement-au-deces-de-ralph-klein","status":"publish","type":"press","link":"https:\/\/develop.olympic.ca\/olympique\/presse\/relativement-au-deces-de-ralph-klein\/","title":{"rendered":"Relativement au d\u00e9c\u00e8s de Ralph Klein"},"content":{"rendered":"<p><strong>TORONTO<\/strong> \u2013 Le Comit\u00e9 olympique canadien a \u00e9mis la d\u00e9claration suivante, aujourd\u2019hui, relativement au d\u00e9c\u00e8s de l\u2019ancien premier ministre de l\u2019Alberta, Ralph Klein.<span style=\"font-size:13px;line-height:19px;\">\u00a0<\/span><\/p>\n<p>\u00ab\u00a0Ralph \u00e9tait un fier partisan des athl\u00e8tes canadiens, ce qu\u2019il a d\u2019ailleurs d\u00e9montr\u00e9 par son enthousiasme dans ses d\u00e9marches pour obtenir les Jeux olympiques d\u2019hiver de 1988 \u00e0 Calgary. Il ne fait aucun doute que le succ\u00e8s du Canada lors des Jeux olympiques d\u2019hiver de 2010 et la renomm\u00e9e de notre pays \u00e0 titre de leader des sports d\u2019hiver sont directement li\u00e9s \u00e0 la r\u00e9ussite des Jeux d\u2019hiver de Calgary en 1988. Cet h\u00e9ritage sportif continuera d\u2019avoir un effet sur les amateurs de sport et sur les athl\u00e8tes de haut niveau pendant des g\u00e9n\u00e9rations.<\/p>\n<p>Ma ville, Qu\u00e9bec, est la ville s\u0153ur de Calgary depuis 1956, et cette relation, par les \u00e9changes culturels, le sport et les affaires qui en d\u00e9coulent, a cr\u00e9\u00e9 des liens particuliers entre nos r\u00e9sidants, qui transcendent les langues et la g\u00e9ographie.<\/p>\n<p>Ralph \u00e9tait un personnage vraiment original, et j\u2019\u00e9tais fier de le compter parmi mes amis. En mon nom personnel, au nom de ma famille et au nom du Comit\u00e9 olympique canadien, j\u2019offre mes plus sinc\u00e8res condol\u00e9ances \u00e0 son \u00e9pouse Colleen, ses enfants et toute sa famille en cette p\u00e9riode \u00e9prouvante.\u00a0\u00bb<br \/>\n<strong style=\"font-size:13px;line-height:19px;\"><em>-Marcel Aubut, pr\u00e9sident, Comit\u00e9 olympique canadien<\/em><\/strong><span style=\"font-size:13px;line-height:19px;\">\u00a0<\/span><\/p>\n<p style=\"text-align:center;\">&#8211; 30 &#8211;<\/p>\n<p><strong>Bureau de presse du Comit\u00e9 olympique canadien\u00a0:\u00a0<\/strong>\u00a0<span style=\"font-size:13px;line-height:19px;\"><br \/>\n<\/span><span style=\"font-size:13px;line-height:19px;\">Jane Almeida, gestionnaire, Relations avec les m\u00e9dias<br \/>\n<\/span><span style=\"font-size:13px;line-height:19px;\">T\u00e9l.\u00a0: 416-324-4120 \/ Cell.\u00a0: 416-540-1788<br \/>\n<\/span><span style=\"font-size:13px;line-height:19px;\">Courriel\u00a0: <\/span><a style=\"font-size:13px;line-height:19px;\" href=\"mailto:jalmeida@olympic.ca\" target=\"_blank\">jalmeida@olympic.ca<\/a><span style=\"font-size:13px;line-height:19px;\">\u00a0 \u00a0 \u00a0 \u00a0 \u00a0 \u00a0 \u00a0 \u00a0 \u00a0 \u00a0 \u00a0 \u00a0 \u00a0 \u00a0 \u00a0 \u00a0 \u00a0 \u00a0 \u00a0 \u00a0 \u00a0 \u00a0 \u00a0 \u00a0 \u00a0 \u00a0 \u00a0 \u00a0\u00a0<\/span><span style=\"font-size:13px;line-height:19px;\">\u00a0<\/span><\/p>\n<p>Dimitri Soudas, directeur ex\u00e9cutif, Communications<br \/>\n<span style=\"font-size:13px;line-height:19px;\">T\u00e9l.\u00a0: 416-324-4136 \/ Cell.\u00a0: 289-388-6419<br \/>\n<\/span><span style=\"font-size:13px;line-height:19px;\">Courriel\u00a0: <\/span><a style=\"font-size:13px;line-height:19px;\" href=\"mailto:dsoudas@olympic.ca\" target=\"_blank\">dsoudas@olympic.ca<\/a><\/p>\n","protected":false},"excerpt":{"rendered":"<p>TORONTO \u2013 Le Comit\u00e9 olympique canadien a \u00e9mis la d\u00e9claration suivante, aujourd\u2019hui, relativement au d\u00e9c\u00e8s de l\u2019ancien premier ministre de&#8230;<\/p>\n","protected":false},"featured_media":0,"template":"","format":"standard","tags":[],"type-of-press":[184353519],"press-topic":[],"years":[],"class_list":["post-73048","press","type-press","status-publish","format-standard","hentry","type-of-press-declarations"],"acf":[],"yoast_head":"<!-- This site is optimized with the Yoast SEO plugin v27.3 - https:\/\/yoast.com\/product\/yoast-seo-wordpress\/ -->\n<title>Relativement au d\u00e9c\u00e8s de Ralph Klein - \u00c9quipe Canada | Site officiel de l&#039;\u00e9quipe olympique<\/title>\n<meta name=\"robots\" content=\"index, follow, max-snippet:-1, max-image-preview:large, max-video-preview:-1\" \/>\n<link rel=\"canonical\" href=\"https:\/\/develop.olympic.ca\/olympique\/presse\/relativement-au-deces-de-ralph-klein\/\" \/>\n<meta property=\"og:locale\" content=\"fr_FR\" \/>\n<meta property=\"og:type\" content=\"article\" \/>\n<meta property=\"og:title\" content=\"Relativement au d\u00e9c\u00e8s de Ralph Klein - \u00c9quipe Canada | Site officiel de l&#039;\u00e9quipe olympique\" \/>\n<meta property=\"og:description\" content=\"TORONTO \u2013 Le Comit\u00e9 olympique canadien a \u00e9mis la d\u00e9claration suivante, aujourd\u2019hui, relativement au d\u00e9c\u00e8s de l\u2019ancien premier ministre de...\" \/>\n<meta property=\"og:url\" content=\"https:\/\/develop.olympic.ca\/olympique\/presse\/relativement-au-deces-de-ralph-klein\/\" \/>\n<meta property=\"og:site_name\" content=\"\u00c9quipe Canada | Site officiel de l&#039;\u00e9quipe olympique\" \/>\n<meta name=\"twitter:card\" content=\"summary_large_image\" \/>\n<meta name=\"twitter:label1\" content=\"Est. reading time\" \/>\n\t<meta name=\"twitter:data1\" content=\"1 minute\" \/>\n\t<meta name=\"twitter:label2\" content=\"Written by\" \/>\n\t<meta name=\"twitter:data2\" content=\"Mark Nadolny\" \/>\n<script type=\"application\/ld+json\" class=\"yoast-schema-graph\">{\"@context\":\"https:\\\/\\\/schema.org\",\"@graph\":[{\"@type\":\"WebPage\",\"@id\":\"https:\\\/\\\/develop.olympic.ca\\\/olympique\\\/presse\\\/relativement-au-deces-de-ralph-klein\\\/\",\"url\":\"https:\\\/\\\/develop.olympic.ca\\\/olympique\\\/presse\\\/relativement-au-deces-de-ralph-klein\\\/\",\"name\":\"Relativement au d\u00e9c\u00e8s de Ralph Klein - \u00c9quipe Canada | Site officiel de l&#039;\u00e9quipe olympique\",\"isPartOf\":{\"@id\":\"https:\\\/\\\/develop.olympic.ca\\\/olympique\\\/#website\"},\"datePublished\":\"2013-03-30T00:23:11+00:00\",\"inLanguage\":\"fr-FR\",\"potentialAction\":[{\"@type\":\"ReadAction\",\"target\":[\"https:\\\/\\\/develop.olympic.ca\\\/olympique\\\/presse\\\/relativement-au-deces-de-ralph-klein\\\/\"]}]},{\"@type\":\"WebSite\",\"@id\":\"https:\\\/\\\/develop.olympic.ca\\\/olympique\\\/#website\",\"url\":\"https:\\\/\\\/develop.olympic.ca\\\/olympique\\\/\",\"name\":\"\u00c9quipe Canada | Site officiel de l&#039;\u00e9quipe olympique\",\"description\":\"Votre source pour l\u2019\u00c9quipe olympique canadienne. Retrouvez les r\u00e9cits, vid\u00e9os et photos des athl\u00e8tes canadiens, sports olympiques, Jeux olympiques de 2020 et bien plus!\",\"potentialAction\":[{\"@type\":\"SearchAction\",\"target\":{\"@type\":\"EntryPoint\",\"urlTemplate\":\"https:\\\/\\\/develop.olympic.ca\\\/olympique\\\/?s={search_term_string}\"},\"query-input\":{\"@type\":\"PropertyValueSpecification\",\"valueRequired\":true,\"valueName\":\"search_term_string\"}}],\"inLanguage\":\"fr-FR\"}]}<\/script>\n<!-- \/ Yoast SEO plugin. -->","yoast_head_json":{"title":"Relativement au d\u00e9c\u00e8s de Ralph Klein - \u00c9quipe Canada | Site officiel de l&#039;\u00e9quipe olympique","robots":{"index":"index","follow":"follow","max-snippet":"max-snippet:-1","max-image-preview":"max-image-preview:large","max-video-preview":"max-video-preview:-1"},"canonical":"https:\/\/develop.olympic.ca\/olympique\/presse\/relativement-au-deces-de-ralph-klein\/","og_locale":"fr_FR","og_type":"article","og_title":"Relativement au d\u00e9c\u00e8s de Ralph Klein - \u00c9quipe Canada | Site officiel de l&#039;\u00e9quipe olympique","og_description":"TORONTO \u2013 Le Comit\u00e9 olympique canadien a \u00e9mis la d\u00e9claration suivante, aujourd\u2019hui, relativement au d\u00e9c\u00e8s de l\u2019ancien premier ministre de...","og_url":"https:\/\/develop.olympic.ca\/olympique\/presse\/relativement-au-deces-de-ralph-klein\/","og_site_name":"\u00c9quipe Canada | Site officiel de l&#039;\u00e9quipe olympique","twitter_card":"summary_large_image","twitter_misc":{"Est. reading time":"1 minute","Written by":"Mark Nadolny"},"schema":{"@context":"https:\/\/schema.org","@graph":[{"@type":"WebPage","@id":"https:\/\/develop.olympic.ca\/olympique\/presse\/relativement-au-deces-de-ralph-klein\/","url":"https:\/\/develop.olympic.ca\/olympique\/presse\/relativement-au-deces-de-ralph-klein\/","name":"Relativement au d\u00e9c\u00e8s de Ralph Klein - \u00c9quipe Canada | Site officiel de l&#039;\u00e9quipe olympique","isPartOf":{"@id":"https:\/\/develop.olympic.ca\/olympique\/#website"},"datePublished":"2013-03-30T00:23:11+00:00","inLanguage":"fr-FR","potentialAction":[{"@type":"ReadAction","target":["https:\/\/develop.olympic.ca\/olympique\/presse\/relativement-au-deces-de-ralph-klein\/"]}]},{"@type":"WebSite","@id":"https:\/\/develop.olympic.ca\/olympique\/#website","url":"https:\/\/develop.olympic.ca\/olympique\/","name":"\u00c9quipe Canada | Site officiel de l&#039;\u00e9quipe olympique","description":"Votre source pour l\u2019\u00c9quipe olympique canadienne. Retrouvez les r\u00e9cits, vid\u00e9os et photos des athl\u00e8tes canadiens, sports olympiques, Jeux olympiques de 2020 et bien plus!","potentialAction":[{"@type":"SearchAction","target":{"@type":"EntryPoint","urlTemplate":"https:\/\/develop.olympic.ca\/olympique\/?s={search_term_string}"},"query-input":{"@type":"PropertyValueSpecification","valueRequired":true,"valueName":"search_term_string"}}],"inLanguage":"fr-FR"}]}},"jetpack_sharing_enabled":true,"_links":{"self":[{"href":"https:\/\/develop.olympic.ca\/olympique\/wp-json\/wp\/v2\/press\/73048","targetHints":{"allow":["GET"]}}],"collection":[{"href":"https:\/\/develop.olympic.ca\/olympique\/wp-json\/wp\/v2\/press"}],"about":[{"href":"https:\/\/develop.olympic.ca\/olympique\/wp-json\/wp\/v2\/types\/press"}],"version-history":[{"count":0,"href":"https:\/\/develop.olympic.ca\/olympique\/wp-json\/wp\/v2\/press\/73048\/revisions"}],"wp:attachment":[{"href":"https:\/\/develop.olympic.ca\/olympique\/wp-json\/wp\/v2\/media?parent=73048"}],"wp:term":[{"taxonomy":"post_tag","embeddable":true,"href":"https:\/\/develop.olympic.ca\/olympique\/wp-json\/wp\/v2\/tags?post=73048"},{"taxonomy":"type-of-press","embeddable":true,"href":"https:\/\/develop.olympic.ca\/olympique\/wp-json\/wp\/v2\/type-of-press?post=73048"},{"taxonomy":"press-topic","embeddable":true,"href":"https:\/\/develop.olympic.ca\/olympique\/wp-json\/wp\/v2\/press-topic?post=73048"},{"taxonomy":"years","embeddable":true,"href":"https:\/\/develop.olympic.ca\/olympique\/wp-json\/wp\/v2\/years?post=73048"}],"curies":[{"name":"wp","href":"https:\/\/api.w.org\/{rel}","templated":true}]}}